{"id":9947,"date":"2025-12-03T19:52:57","date_gmt":"2025-12-03T22:52:57","guid":{"rendered":"https:\/\/marcoslimma.com.br\/?p=9947"},"modified":"2025-12-03T19:52:57","modified_gmt":"2025-12-03T22:52:57","slug":"ney-braga-garante-conquista-historica-lima-campos-tera-unidade-do-viva-procon","status":"publish","type":"post","link":"https:\/\/marcoslimma.com.br\/index.php\/2025\/12\/03\/ney-braga-garante-conquista-historica-lima-campos-tera-unidade-do-viva-procon\/","title":{"rendered":"Ney Braga garante conquista hist\u00f3rica: Lima Campos ter\u00e1 unidade do Viva\/Procon"},"content":{"rendered":"<p data-start=\"147\" data-end=\"243\"><img loading=\"lazy\" decoding=\"async\" class=\"alignnone size-large wp-image-9948\" src=\"https:\/\/marcoslimma.com.br\/wp-content\/uploads\/2025\/12\/a04f3298-52d4-4e5a-88a6-35fb822dcb5d-1024x848.jpeg\" alt=\"\" width=\"1024\" height=\"848\" srcset=\"https:\/\/marcoslimma.com.br\/wp-content\/uploads\/2025\/12\/a04f3298-52d4-4e5a-88a6-35fb822dcb5d-1024x848.jpeg 1024w, https:\/\/marcoslimma.com.br\/wp-content\/uploads\/2025\/12\/a04f3298-52d4-4e5a-88a6-35fb822dcb5d-300x249.jpeg 300w, https:\/\/marcoslimma.com.br\/wp-content\/uploads\/2025\/12\/a04f3298-52d4-4e5a-88a6-35fb822dcb5d-768x636.jpeg 768w, https:\/\/marcoslimma.com.br\/wp-content\/uploads\/2025\/12\/a04f3298-52d4-4e5a-88a6-35fb822dcb5d.jpeg 1294w\" sizes=\"auto, (max-width: 1024px) 100vw, 1024px\" \/><\/p>\n<p data-start=\"245\" data-end=\"558\">\n<p data-start=\"245\" data-end=\"558\">\n<p data-start=\"245\" data-end=\"558\">\u00a0 Ap\u00f3s indica\u00e7\u00e3o apresentada pelo presidente da <strong>C\u00e2mara Municipal de Lima Campos<\/strong>, vereador <strong data-start=\"333\" data-end=\"346\">Ney Braga<\/strong>, solicitando a implanta\u00e7\u00e3o de uma unidade do <strong data-start=\"392\" data-end=\"407\">Viva\/Procon<\/strong> no munic\u00edpio, a proposta foi aprovada pelos demais parlamentares e encaminhada ao <strong>Poder Executivo<\/strong> e, posteriormente, ao <strong>Governo do Estado do Maranh\u00e3o<\/strong>.<\/p>\n<p data-start=\"560\" data-end=\"867\">Na tarde desta ter\u00e7a-feira (2), durante agenda no <strong>Pal\u00e1cio dos Le\u00f5es<\/strong>, o vereador<strong> Ney Braga<\/strong>, acompanhado do prefeito <strong data-start=\"675\" data-end=\"693\">Jailson Fausto<\/strong> e de outros vereadores da comitiva lima-campense, recebeu do governador <strong data-start=\"766\" data-end=\"784\">Carlos Brand\u00e3o<\/strong> a confirma\u00e7\u00e3o de que o munic\u00edpio ser\u00e1 contemplado com a instala\u00e7\u00e3o do Viva\/Procon.<\/p>\n<p data-start=\"869\" data-end=\"1109\">A nova unidade ser\u00e1 implantada por meio de parceria entre a <strong data-start=\"929\" data-end=\"958\">Prefeitura de Lima Campos<\/strong> e o <strong data-start=\"963\" data-end=\"996\">Governo do Estado do Maranh\u00e3o<\/strong>, refor\u00e7ando a pol\u00edtica estadual de expans\u00e3o e descentraliza\u00e7\u00e3o dos servi\u00e7os de cidadania e defesa do consumidor.<\/p>\n<p data-start=\"1111\" data-end=\"1168\">O vereador <strong>Ney Braga<\/strong> destacou a import\u00e2ncia da conquista:<\/p>\n<blockquote data-start=\"1170\" data-end=\"1974\">\n<p data-start=\"1172\" data-end=\"1419\">\u201cQuero aqui expressar meu sincero agradecimento ao governador Carlos Brand\u00e3o e ao secret\u00e1rio de Assuntos Municipalistas, Orl\u00e9ans Brand\u00e3o, por atenderem \u00e0 minha indica\u00e7\u00e3o e garantirem a implanta\u00e7\u00e3o de um Viva Procon no munic\u00edpio de Lima Campos.<\/p>\n<p data-start=\"1426\" data-end=\"1770\">Esse \u00e9 um passo muito importante para a nossa cidade. Com a chegada do Viva Procon, o nosso povo ser\u00e1 beneficiado com servi\u00e7os essenciais, como emiss\u00e3o de documentos e atendimentos de defesa do consumidor, sem precisar enfrentar longos deslocamentos para outros munic\u00edpios ou passar horas \u2014 muitas vezes at\u00e9 de madrugada \u2014 em filas de espera.<\/p>\n<p data-start=\"1777\" data-end=\"1974\">Agrade\u00e7o pela sensibilidade, pelo compromisso e pela parceria com Lima Campos. Essa conquista \u00e9 de todos n\u00f3s e representa mais dignidade, mais comodidade e mais respeito ao cidad\u00e3o lima-campense.\u201d. pontuou o presidente.<\/p>\n<\/blockquote>\n<p data-start=\"1976\" data-end=\"2245\">A unidade do Viva\/Procon oferecer\u00e1 diversos servi\u00e7os, entre eles: emiss\u00e3o de RG (1\u00aa e 2\u00aa via), orienta\u00e7\u00f5es ao consumidor, recebimento de den\u00fancias, emiss\u00e3o de antecedentes criminais, carteira de trabalho digital, CPF, al\u00e9m de outros atendimentos essenciais \u00e0 popula\u00e7\u00e3o.<\/p>\n<p data-start=\"2247\" data-end=\"2420\">Com essa conquista, <strong data-start=\"2267\" data-end=\"2353\">Lima Campos<\/strong> avan\u00e7a mais um passo na amplia\u00e7\u00e3o e moderniza\u00e7\u00e3o dos servi\u00e7os p\u00fablicos, garantindo mais cidadania e qualidade de vida aos seus moradores.<\/p>\n","protected":false},"excerpt":{"rendered":"<p>\u00a0 Ap\u00f3s indica\u00e7\u00e3o apresentada pelo presidente da C\u00e2mara Municipal de Lima Campos, vereador Ney Braga, solicitando a implanta\u00e7\u00e3o de uma unidade do Viva\/Procon no munic\u00edpio, a proposta foi aprovada pelos demais parlamentares&hellip;<\/p>\n","protected":false},"author":2,"featured_media":9948,"comment_status":"open","ping_status":"open","sticky":false,"template":"","format":"standard","meta":{"footnotes":""},"categories":[1],"tags":[],"class_list":["post-9947","post","type-post","status-publish","format-standard","has-post-thumbnail","hentry","category-ultimas-noticias"],"_links":{"self":[{"href":"https:\/\/marcoslimma.com.br\/index.php\/wp-json\/wp\/v2\/posts\/9947","targetHints":{"allow":["GET"]}}],"collection":[{"href":"https:\/\/marcoslimma.com.br\/index.php\/wp-json\/wp\/v2\/posts"}],"about":[{"href":"https:\/\/marcoslimma.com.br\/index.php\/wp-json\/wp\/v2\/types\/post"}],"author":[{"embeddable":true,"href":"https:\/\/marcoslimma.com.br\/index.php\/wp-json\/wp\/v2\/users\/2"}],"replies":[{"embeddable":true,"href":"https:\/\/marcoslimma.com.br\/index.php\/wp-json\/wp\/v2\/comments?post=9947"}],"version-history":[{"count":1,"href":"https:\/\/marcoslimma.com.br\/index.php\/wp-json\/wp\/v2\/posts\/9947\/revisions"}],"predecessor-version":[{"id":9949,"href":"https:\/\/marcoslimma.com.br\/index.php\/wp-json\/wp\/v2\/posts\/9947\/revisions\/9949"}],"wp:featuredmedia":[{"embeddable":true,"href":"https:\/\/marcoslimma.com.br\/index.php\/wp-json\/wp\/v2\/media\/9948"}],"wp:attachment":[{"href":"https:\/\/marcoslimma.com.br\/index.php\/wp-json\/wp\/v2\/media?parent=9947"}],"wp:term":[{"taxonomy":"category","embeddable":true,"href":"https:\/\/marcoslimma.com.br\/index.php\/wp-json\/wp\/v2\/categories?post=9947"},{"taxonomy":"post_tag","embeddable":true,"href":"https:\/\/marcoslimma.com.br\/index.php\/wp-json\/wp\/v2\/tags?post=9947"}],"curies":[{"name":"wp","href":"https:\/\/api.w.org\/{rel}","templated":true}]}}