{"id":9940,"date":"2025-12-03T19:01:26","date_gmt":"2025-12-03T22:01:26","guid":{"rendered":"https:\/\/marcoslimma.com.br\/?p=9940"},"modified":"2025-12-03T19:07:10","modified_gmt":"2025-12-03T22:07:10","slug":"camara-municipal-de-lima-campos-foi-fundamental-para-conquista-de-ambulancia-e-novas-acoes-do-governo-do-estado","status":"publish","type":"post","link":"https:\/\/marcoslimma.com.br\/index.php\/2025\/12\/03\/camara-municipal-de-lima-campos-foi-fundamental-para-conquista-de-ambulancia-e-novas-acoes-do-governo-do-estado\/","title":{"rendered":"C\u00e2mara Municipal de Lima Campos foi fundamental para conquista de ambul\u00e2ncia e novas a\u00e7\u00f5es do Governo do Estado"},"content":{"rendered":"<p data-start=\"167\" data-end=\"282\"><img loading=\"lazy\" decoding=\"async\" class=\"alignnone size-large wp-image-9941\" src=\"https:\/\/marcoslimma.com.br\/wp-content\/uploads\/2025\/12\/1310d6c6-b880-4af9-a4d1-f4bfdb4f08e5-1024x1024.jpeg\" alt=\"\" width=\"1024\" height=\"1024\" srcset=\"https:\/\/marcoslimma.com.br\/wp-content\/uploads\/2025\/12\/1310d6c6-b880-4af9-a4d1-f4bfdb4f08e5-1024x1024.jpeg 1024w, https:\/\/marcoslimma.com.br\/wp-content\/uploads\/2025\/12\/1310d6c6-b880-4af9-a4d1-f4bfdb4f08e5-300x300.jpeg 300w, https:\/\/marcoslimma.com.br\/wp-content\/uploads\/2025\/12\/1310d6c6-b880-4af9-a4d1-f4bfdb4f08e5-150x150.jpeg 150w, https:\/\/marcoslimma.com.br\/wp-content\/uploads\/2025\/12\/1310d6c6-b880-4af9-a4d1-f4bfdb4f08e5-768x768.jpeg 768w, https:\/\/marcoslimma.com.br\/wp-content\/uploads\/2025\/12\/1310d6c6-b880-4af9-a4d1-f4bfdb4f08e5.jpeg 1280w\" sizes=\"auto, (max-width: 1024px) 100vw, 1024px\" \/><\/p>\n<p data-start=\"284\" data-end=\"798\">\u00a0 \u00a0 A <strong>C\u00e2mara Municipal de Lima Campos<\/strong> teve papel decisivo para que o munic\u00edpio conquistasse uma ambul\u00e2ncia 0 km totalmente equipada e assegurasse outras a\u00e7\u00f5es importantes do <strong>Governo do Estado <\/strong>como o<strong> Viva Procon<\/strong>.<\/p>\n<p data-start=\"284\" data-end=\"798\">Nesta ter\u00e7a-feira 2, o prefeito <strong>Jailson Fausto<\/strong>, acompanhado do procurador municipal <strong>Dr. Jailson Silva<\/strong> e dos vereadores <strong>Ney Braga<\/strong> (presidente), <strong>Laelson<\/strong> (vice-presidente), <strong>Lucian Alves<\/strong>, <strong>Edinete, Cabrinha e Patr\u00edcia<\/strong>, estiveram no <strong>Pal\u00e1cio dos Le\u00f5es<\/strong>, em <strong>S\u00e3o Lu\u00eds<\/strong>, onde todos foram recebidos pelo governador do <strong>Maranh\u00e3o, Carlos Brand\u00e3o<\/strong>.<\/p>\n<p data-start=\"800\" data-end=\"1150\">Durante a agenda, os vereadores receberam oficialmente a ambul\u00e2ncia 0 km, fruto de uma indica\u00e7\u00e3o apresentada pelos vereadores <strong data-start=\"926\" data-end=\"952\">Lucian Alves e Laelson<\/strong>, que solicitaram o ve\u00edculo para refor\u00e7ar o atendimento da sa\u00fade p\u00fablica do munic\u00edpio. A proposta foi aprovada por TODOS os demais vereadores, que reconheceram a import\u00e2ncia do benef\u00edcio para a comunidade.<\/p>\n<p data-start=\"1152\" data-end=\"1477\">Ap\u00f3s a aprova\u00e7\u00e3o na C\u00e2mara, o <strong>Poder Executivo<\/strong> encaminhou o pedido ao <strong>Governo do Estado<\/strong>, que rapidamente autorizou a entrega do ve\u00edculo. No encontro em <strong>S\u00e3o Lu\u00eds<\/strong>, os vereadores agradeceram ao governador <strong>Carlos Brand\u00e3o<\/strong> e ao secret\u00e1rio municipalista <strong>Orleans Brand\u00e3o<\/strong> pelo apoio e pela sensibilidade com as demandas de <strong>Lima Campos.<\/strong><\/p>\n<p data-start=\"1479\" data-end=\"1634\" data-is-last-node=\"\" data-is-only-node=\"\">A nova ambul\u00e2ncia representa um importante avan\u00e7o para a sa\u00fade do munic\u00edpio, garantindo mais agilidade, seguran\u00e7a e efici\u00eancia no atendimento da popula\u00e7\u00e3o.<\/p>\n<p data-start=\"1479\" data-end=\"1634\" data-is-last-node=\"\" data-is-only-node=\"\"><img loading=\"lazy\" decoding=\"async\" class=\"alignnone size-large wp-image-9942\" src=\"https:\/\/marcoslimma.com.br\/wp-content\/uploads\/2025\/12\/9a74bbbb-6a5b-4c7a-a91a-49c70dd26d2d-1-1024x576.jpeg\" alt=\"\" width=\"1024\" height=\"576\" srcset=\"https:\/\/marcoslimma.com.br\/wp-content\/uploads\/2025\/12\/9a74bbbb-6a5b-4c7a-a91a-49c70dd26d2d-1-1024x576.jpeg 1024w, https:\/\/marcoslimma.com.br\/wp-content\/uploads\/2025\/12\/9a74bbbb-6a5b-4c7a-a91a-49c70dd26d2d-1-300x169.jpeg 300w, https:\/\/marcoslimma.com.br\/wp-content\/uploads\/2025\/12\/9a74bbbb-6a5b-4c7a-a91a-49c70dd26d2d-1-768x432.jpeg 768w, https:\/\/marcoslimma.com.br\/wp-content\/uploads\/2025\/12\/9a74bbbb-6a5b-4c7a-a91a-49c70dd26d2d-1.jpeg 1280w\" sizes=\"auto, (max-width: 1024px) 100vw, 1024px\" \/> <img loading=\"lazy\" decoding=\"async\" class=\"alignnone size-large wp-image-9943\" src=\"https:\/\/marcoslimma.com.br\/wp-content\/uploads\/2025\/12\/6166d320-58a1-4502-a7a7-a8456022df77-1024x576.jpeg\" alt=\"\" width=\"1024\" height=\"576\" srcset=\"https:\/\/marcoslimma.com.br\/wp-content\/uploads\/2025\/12\/6166d320-58a1-4502-a7a7-a8456022df77-1024x576.jpeg 1024w, https:\/\/marcoslimma.com.br\/wp-content\/uploads\/2025\/12\/6166d320-58a1-4502-a7a7-a8456022df77-300x169.jpeg 300w, https:\/\/marcoslimma.com.br\/wp-content\/uploads\/2025\/12\/6166d320-58a1-4502-a7a7-a8456022df77-768x432.jpeg 768w, https:\/\/marcoslimma.com.br\/wp-content\/uploads\/2025\/12\/6166d320-58a1-4502-a7a7-a8456022df77.jpeg 1280w\" sizes=\"auto, (max-width: 1024px) 100vw, 1024px\" \/><\/p>\n","protected":false},"excerpt":{"rendered":"<p>\u00a0 \u00a0 A C\u00e2mara Municipal de Lima Campos teve papel decisivo para que o munic\u00edpio conquistasse uma ambul\u00e2ncia 0 km totalmente equipada e assegurasse outras a\u00e7\u00f5es importantes do Governo do Estado como&hellip;<\/p>\n","protected":false},"author":2,"featured_media":9941,"comment_status":"open","ping_status":"open","sticky":false,"template":"","format":"standard","meta":{"footnotes":""},"categories":[1],"tags":[],"class_list":["post-9940","post","type-post","status-publish","format-standard","has-post-thumbnail","hentry","category-ultimas-noticias"],"_links":{"self":[{"href":"https:\/\/marcoslimma.com.br\/index.php\/wp-json\/wp\/v2\/posts\/9940","targetHints":{"allow":["GET"]}}],"collection":[{"href":"https:\/\/marcoslimma.com.br\/index.php\/wp-json\/wp\/v2\/posts"}],"about":[{"href":"https:\/\/marcoslimma.com.br\/index.php\/wp-json\/wp\/v2\/types\/post"}],"author":[{"embeddable":true,"href":"https:\/\/marcoslimma.com.br\/index.php\/wp-json\/wp\/v2\/users\/2"}],"replies":[{"embeddable":true,"href":"https:\/\/marcoslimma.com.br\/index.php\/wp-json\/wp\/v2\/comments?post=9940"}],"version-history":[{"count":3,"href":"https:\/\/marcoslimma.com.br\/index.php\/wp-json\/wp\/v2\/posts\/9940\/revisions"}],"predecessor-version":[{"id":9946,"href":"https:\/\/marcoslimma.com.br\/index.php\/wp-json\/wp\/v2\/posts\/9940\/revisions\/9946"}],"wp:featuredmedia":[{"embeddable":true,"href":"https:\/\/marcoslimma.com.br\/index.php\/wp-json\/wp\/v2\/media\/9941"}],"wp:attachment":[{"href":"https:\/\/marcoslimma.com.br\/index.php\/wp-json\/wp\/v2\/media?parent=9940"}],"wp:term":[{"taxonomy":"category","embeddable":true,"href":"https:\/\/marcoslimma.com.br\/index.php\/wp-json\/wp\/v2\/categories?post=9940"},{"taxonomy":"post_tag","embeddable":true,"href":"https:\/\/marcoslimma.com.br\/index.php\/wp-json\/wp\/v2\/tags?post=9940"}],"curies":[{"name":"wp","href":"https:\/\/api.w.org\/{rel}","templated":true}]}}