{"id":9934,"date":"2025-12-03T18:33:20","date_gmt":"2025-12-03T21:33:20","guid":{"rendered":"https:\/\/marcoslimma.com.br\/?p=9934"},"modified":"2025-12-03T18:39:59","modified_gmt":"2025-12-03T21:39:59","slug":"indicacao-de-laelson-e-lucian-alves-resulta-na-chegada-de-ambulancia-0-km-totalmente-equipada-para-lima-campos","status":"publish","type":"post","link":"https:\/\/marcoslimma.com.br\/index.php\/2025\/12\/03\/indicacao-de-laelson-e-lucian-alves-resulta-na-chegada-de-ambulancia-0-km-totalmente-equipada-para-lima-campos\/","title":{"rendered":"Indica\u00e7\u00e3o de Laelson e Lucian Alves resulta na chegada de ambul\u00e2ncia 0 km totalmente equipada para Lima Campos"},"content":{"rendered":"<p data-start=\"109\" data-end=\"462\"><img loading=\"lazy\" decoding=\"async\" class=\"alignnone size-large wp-image-9935\" src=\"https:\/\/marcoslimma.com.br\/wp-content\/uploads\/2025\/12\/e8580b44-0ca9-417b-bc49-6654893c80ce-1024x640.jpeg\" alt=\"\" width=\"1024\" height=\"640\" srcset=\"https:\/\/marcoslimma.com.br\/wp-content\/uploads\/2025\/12\/e8580b44-0ca9-417b-bc49-6654893c80ce-1024x640.jpeg 1024w, https:\/\/marcoslimma.com.br\/wp-content\/uploads\/2025\/12\/e8580b44-0ca9-417b-bc49-6654893c80ce-300x188.jpeg 300w, https:\/\/marcoslimma.com.br\/wp-content\/uploads\/2025\/12\/e8580b44-0ca9-417b-bc49-6654893c80ce-768x480.jpeg 768w, https:\/\/marcoslimma.com.br\/wp-content\/uploads\/2025\/12\/e8580b44-0ca9-417b-bc49-6654893c80ce-1536x960.jpeg 1536w, https:\/\/marcoslimma.com.br\/wp-content\/uploads\/2025\/12\/e8580b44-0ca9-417b-bc49-6654893c80ce.jpeg 1600w\" sizes=\"auto, (max-width: 1024px) 100vw, 1024px\" \/><\/p>\n<p data-start=\"109\" data-end=\"462\">\u00a0 O prefeito<strong> Jailson Fausto<\/strong> parabenizou os vereadores <strong>Laelson e Lucian<\/strong> Alves pela importante indica\u00e7\u00e3o apresentada na <strong>C\u00e2mara Municipal<\/strong>, que foi acolhida pela <strong>Prefeitura<\/strong> e encaminhada ao<strong> Governo do Maranh\u00e3o<\/strong>. A solicita\u00e7\u00e3o, agora atendida, se transformou em uma grande conquista para a sa\u00fade do munic\u00edpio: a entrega de uma ambul\u00e2ncia 0 km totalmente equipada.<\/p>\n<p data-start=\"464\" data-end=\"749\">O prefeito e os vereadores estiveram no <strong>Pal\u00e1cio dos Le\u00f5es<\/strong>, em <strong>S\u00e3o Lu\u00eds<\/strong>, onde participaram oficialmente do ato de entrega do ve\u00edculo. A nova ambul\u00e2ncia chega para refor\u00e7ar o atendimento \u00e0 popula\u00e7\u00e3o, garantindo mais seguran\u00e7a, agilidade e qualidade nos servi\u00e7os de urg\u00eancia e emerg\u00eancia.<\/p>\n<p data-start=\"751\" data-end=\"1036\"><strong>Jailson Fausto<\/strong> destacou a uni\u00e3o de esfor\u00e7os entre o Legislativo e o Executivo como fundamental para que benef\u00edcios como esse se tornem realidade. <strong>\u201cQuando trabalhamos juntos, quem ganha \u00e9 o povo. Essa ambul\u00e2ncia representa mais efici\u00eancia e cuidado com a vida de cada cidad\u00e3o\u201d<\/strong>, afirmou.<\/p>\n<p data-start=\"1038\" data-end=\"1243\">Os vereadores <strong>Laelson e Lucian Alves<\/strong> comemoraram a conquista e ressaltaram a import\u00e2ncia de ter a demanda atendida pelo <strong>Governo do Estado<\/strong>, refor\u00e7ando o compromisso com a melhoria cont\u00ednua da sa\u00fade p\u00fablica.<\/p>\n<p data-start=\"1245\" data-end=\"1475\" data-is-last-node=\"\" data-is-only-node=\"\">Com a chegada do novo ve\u00edculo, o munic\u00edpio d\u00e1 mais um passo importante na moderniza\u00e7\u00e3o de sua frota e no fortalecimento da sa\u00fade p\u00fablica, garantindo melhores condi\u00e7\u00f5es de atendimento e salvando vidas com mais efici\u00eancia e rapidez.<\/p>\n<p><iframe loading=\"lazy\" title=\"Indica\u00e7\u00e3o dos vereadores Laelson e Lucian resulta em ambul\u00e2ncia para Lima Campos \" width=\"500\" height=\"281\" src=\"https:\/\/www.youtube.com\/embed\/2Fwxpn7ySME?feature=oembed\" frameborder=\"0\" allow=\"accelerometer; autoplay; clipboard-write; encrypted-media; gyroscope; picture-in-picture; web-share\" referrerpolicy=\"strict-origin-when-cross-origin\" allowfullscreen><\/iframe><\/p>\n<p data-start=\"1245\" data-end=\"1475\" data-is-last-node=\"\" data-is-only-node=\"\">\n","protected":false},"excerpt":{"rendered":"<p>\u00a0 O prefeito Jailson Fausto parabenizou os vereadores Laelson e Lucian Alves pela importante indica\u00e7\u00e3o apresentada na C\u00e2mara Municipal, que foi acolhida pela Prefeitura e encaminhada ao Governo do Maranh\u00e3o. A solicita\u00e7\u00e3o,&hellip;<\/p>\n","protected":false},"author":2,"featured_media":9935,"comment_status":"open","ping_status":"open","sticky":false,"template":"","format":"standard","meta":{"footnotes":""},"categories":[1],"tags":[],"class_list":["post-9934","post","type-post","status-publish","format-standard","has-post-thumbnail","hentry","category-ultimas-noticias"],"_links":{"self":[{"href":"https:\/\/marcoslimma.com.br\/index.php\/wp-json\/wp\/v2\/posts\/9934","targetHints":{"allow":["GET"]}}],"collection":[{"href":"https:\/\/marcoslimma.com.br\/index.php\/wp-json\/wp\/v2\/posts"}],"about":[{"href":"https:\/\/marcoslimma.com.br\/index.php\/wp-json\/wp\/v2\/types\/post"}],"author":[{"embeddable":true,"href":"https:\/\/marcoslimma.com.br\/index.php\/wp-json\/wp\/v2\/users\/2"}],"replies":[{"embeddable":true,"href":"https:\/\/marcoslimma.com.br\/index.php\/wp-json\/wp\/v2\/comments?post=9934"}],"version-history":[{"count":3,"href":"https:\/\/marcoslimma.com.br\/index.php\/wp-json\/wp\/v2\/posts\/9934\/revisions"}],"predecessor-version":[{"id":9938,"href":"https:\/\/marcoslimma.com.br\/index.php\/wp-json\/wp\/v2\/posts\/9934\/revisions\/9938"}],"wp:featuredmedia":[{"embeddable":true,"href":"https:\/\/marcoslimma.com.br\/index.php\/wp-json\/wp\/v2\/media\/9935"}],"wp:attachment":[{"href":"https:\/\/marcoslimma.com.br\/index.php\/wp-json\/wp\/v2\/media?parent=9934"}],"wp:term":[{"taxonomy":"category","embeddable":true,"href":"https:\/\/marcoslimma.com.br\/index.php\/wp-json\/wp\/v2\/categories?post=9934"},{"taxonomy":"post_tag","embeddable":true,"href":"https:\/\/marcoslimma.com.br\/index.php\/wp-json\/wp\/v2\/tags?post=9934"}],"curies":[{"name":"wp","href":"https:\/\/api.w.org\/{rel}","templated":true}]}}