{"id":9926,"date":"2025-12-03T18:15:51","date_gmt":"2025-12-03T21:15:51","guid":{"rendered":"https:\/\/marcoslimma.com.br\/?p=9926"},"modified":"2025-12-03T18:15:51","modified_gmt":"2025-12-03T21:15:51","slug":"jailson-fausto-apresenta-extensa-pauta-de-demandas-ao-governador-carlos-brandao-e-todas-atendidas","status":"publish","type":"post","link":"https:\/\/marcoslimma.com.br\/index.php\/2025\/12\/03\/jailson-fausto-apresenta-extensa-pauta-de-demandas-ao-governador-carlos-brandao-e-todas-atendidas\/","title":{"rendered":"Jailson Fausto apresenta extensa pauta de demandas ao governador Carlos Brand\u00e3o e TODAS ATENDIDAS!"},"content":{"rendered":"<h2 data-start=\"123\" data-end=\"239\"><img loading=\"lazy\" decoding=\"async\" class=\"alignnone size-large wp-image-9928\" src=\"https:\/\/marcoslimma.com.br\/wp-content\/uploads\/2025\/12\/7502be2e-8d6f-4b3e-933f-0e356a3188dd-1024x1024.jpeg\" alt=\"\" width=\"1024\" height=\"1024\" srcset=\"https:\/\/marcoslimma.com.br\/wp-content\/uploads\/2025\/12\/7502be2e-8d6f-4b3e-933f-0e356a3188dd-1024x1024.jpeg 1024w, https:\/\/marcoslimma.com.br\/wp-content\/uploads\/2025\/12\/7502be2e-8d6f-4b3e-933f-0e356a3188dd-300x300.jpeg 300w, https:\/\/marcoslimma.com.br\/wp-content\/uploads\/2025\/12\/7502be2e-8d6f-4b3e-933f-0e356a3188dd-150x150.jpeg 150w, https:\/\/marcoslimma.com.br\/wp-content\/uploads\/2025\/12\/7502be2e-8d6f-4b3e-933f-0e356a3188dd-768x768.jpeg 768w, https:\/\/marcoslimma.com.br\/wp-content\/uploads\/2025\/12\/7502be2e-8d6f-4b3e-933f-0e356a3188dd.jpeg 1280w\" sizes=\"auto, (max-width: 1024px) 100vw, 1024px\" \/><\/h2>\n<p data-start=\"241\" data-end=\"745\">\n<p data-start=\"241\" data-end=\"745\">\n<p data-start=\"241\" data-end=\"745\">\u00a0 Nesta ter\u00e7a-feira (2), o prefeito de<strong> Lima Campos,<\/strong> <strong data-start=\"291\" data-end=\"309\">Jailson Fausto<\/strong>, cumpriu uma importante agenda institucional em <strong data-start=\"358\" data-end=\"370\">S\u00e3o Lu\u00eds<\/strong>, no <strong data-start=\"375\" data-end=\"396\">Pal\u00e1cio dos Le\u00f5es<\/strong>, onde se reuniu com o governador do<strong> Maranh\u00e3o<\/strong>, <strong data-start=\"443\" data-end=\"461\">Carlos Brand\u00e3o<\/strong>. O encontro contou com a presen\u00e7a de uma comitiva lima-campense formada pelo procurador do munic\u00edpio, <strong data-start=\"564\" data-end=\"585\">Dr. Jailson Silva<\/strong>, pelo presidente da <strong>C\u00e2mara Municipal<\/strong>, <strong data-start=\"624\" data-end=\"637\">Ney Braga<\/strong>, pelo vice-presidente <strong>Laelson<\/strong>, al\u00e9m dos vereadores <strong data-start=\"689\" data-end=\"744\">Lucian Alves, Can\u00eddia, Edinete, Cabrinha e Patr\u00edcia<\/strong>.<\/p>\n<h3 data-start=\"747\" data-end=\"797\"><strong data-start=\"751\" data-end=\"797\">Demandas apresentadas ao Governo do Estado<\/strong><\/h3>\n<p data-start=\"799\" data-end=\"1021\">Durante a audi\u00eancia, o prefeito e os parlamentares apresentaram uma s\u00e9rie de solicita\u00e7\u00f5es consideradas essenciais para o desenvolvimento de <strong>Lima Campos<\/strong> e melhoria da qualidade de vida da popula\u00e7\u00e3o. Entre elas, destacam-se: Instala\u00e7\u00e3o de uma unidade do Procon<strong data-start=\"1054\" data-end=\"1064\"> &#8211; <\/strong>Reforma e ilumina\u00e7\u00e3o do est\u00e1dio municipal<strong data-start=\"1093\" data-end=\"1114\"> &#8211; <\/strong>Implanta\u00e7\u00e3o de uma Esta\u00e7\u00e3o Tech<strong data-start=\"1138\" data-end=\"1154\"> &#8211; <\/strong>Melhorias na mobilidade urbana (Pavimenta\u00e7\u00e3o asf\u00e1ltica) &#8211; Constru\u00e7\u00e3o de duas pontes na zona rural -m Instala\u00e7\u00e3o de um portal de entrada na Orla Municipal &#8211; Entrega de uma viatura policial &#8211; Uma ambul\u00e2ncia 0 km\u00a0 &#8211; Dois ve\u00edculos para secretarias municipais &#8211; Duas m\u00e1quinas agr\u00edcolas (tratores) entre outras. TODAS PROVADAS pelo o governador.<\/p>\n<h3 data-start=\"1461\" data-end=\"1511\"><strong data-start=\"1465\" data-end=\"1511\">Reconhecimento e compromisso do governador<\/strong><\/h3>\n<p data-start=\"1513\" data-end=\"1693\">O governador <strong data-start=\"1526\" data-end=\"1544\">Carlos Brand\u00e3o<\/strong> ouviu as demandas, conversou abertamente com o prefeito e vereadores, e destacou a qualidade da gest\u00e3o municipal. Em tom de RECONHECIMENTO, afirmou:<\/p>\n<blockquote data-start=\"1695\" data-end=\"1859\">\n<p data-start=\"1697\" data-end=\"1859\">\u201cSempre ouvi in\u00fameros pol\u00edticos dizerem que voc\u00ea \u00e9 um excelente gestor, e agora posso afirmar na sua presen\u00e7a que, al\u00e9m disso, voc\u00ea \u00e9 um ser humano fant\u00e1stico e um grande homem.\u201d<\/p>\n<\/blockquote>\n<p data-start=\"1861\" data-end=\"2025\"><strong>Brand\u00e3o<\/strong> reafirmou o respeito e o compromisso do <strong>Governo do Estado<\/strong> com a atual administra\u00e7\u00e3o de <strong>Lima Campos<\/strong> e garantiu que novas a\u00e7\u00f5es ser\u00e3o anunciadas em breve:<\/p>\n<blockquote data-start=\"2027\" data-end=\"2143\">\n<p data-start=\"2029\" data-end=\"2143\">\u201c<strong>Jailson, voc\u00ea poder\u00e1 sempre contar com o Governo do Estado. Estamos juntos e misturados pelo bem de Lima Campos.<\/strong>\u201d<\/p>\n<\/blockquote>\n<p data-start=\"2145\" data-end=\"2276\">O governador ainda adiantou que em breve visitar\u00e1 o munic\u00edpio para assinar ordens de servi\u00e7o e inaugurar obras importantes.<\/p>\n<h3 data-start=\"2278\" data-end=\"2322\"><strong data-start=\"2282\" data-end=\"2322\">Agradecimentos e apoio institucional<\/strong><\/h3>\n<p data-start=\"2324\" data-end=\"2534\">O prefeito <strong>Jailson Fausto<\/strong> agradeceu a recep\u00e7\u00e3o no <strong>Pal\u00e1cio dos Le\u00f5es<\/strong>, especialmente ao governador <strong>Carlos Brand\u00e3o<\/strong> e ao secret\u00e1rio municipalista <strong data-start=\"2466\" data-end=\"2485\">Orleans Brand\u00e3o<\/strong>, destacando a parceria entre Estado e munic\u00edpio.<\/p>\n<p data-start=\"2536\" data-end=\"2615\">O secret\u00e1rio<strong> Orleans Brand\u00e3o<\/strong> classificou a reuni\u00e3o como extremamente produtiva:<\/p>\n<blockquote data-start=\"2617\" data-end=\"2712\">\n<p data-start=\"2619\" data-end=\"2712\"><strong>\u201cForam debatidas demandas que visam melhorar a qualidade de vida da popula\u00e7\u00e3o lima-campense.<\/strong>\u201d<\/p>\n<\/blockquote>\n<p data-start=\"2714\" data-end=\"2759\"><strong>Jailson<\/strong> tamb\u00e9m destacou a atua\u00e7\u00e3o de <strong>Orleans:<\/strong><\/p>\n<blockquote data-start=\"2761\" data-end=\"2922\">\n<p data-start=\"2763\" data-end=\"2922\">\u201c<strong>Orleans j\u00e1 \u00e9 um parceiro de Lima Campos. Ele, juntamente com o governador, ir\u00e1 levar adiante todas essas demandas, e a popula\u00e7\u00e3o ser\u00e1 amplamente beneficiada e saber\u00e1 reconhecer<\/strong>.\u201d<\/p>\n<\/blockquote>\n<h3 data-start=\"2924\" data-end=\"2982\"><strong data-start=\"2928\" data-end=\"2982\">Convite para o anivers\u00e1rio de 64 anos do munic\u00edpio<\/strong><\/h3>\n<p data-start=\"2984\" data-end=\"3204\">Ao final do encontro, o prefeito convidou o governador e toda equipe do <strong>Governo do Estado<\/strong> para participarem das festividades dos 64 anos de emancipa\u00e7\u00e3o pol\u00edtica de<strong data-start=\"3113\" data-end=\"3163\"> Lima Campos<\/strong>, que acontecer\u00e3o em janeiro de 2026.<\/p>\n<p data-start=\"2984\" data-end=\"3204\">\n<p><iframe loading=\"lazy\" title=\"Jailson Fausto apresenta extensa pauta de demandas ao governador Carlos Brand\u00e3o e TODAS ATENDIDAS!\" width=\"500\" height=\"281\" src=\"https:\/\/www.youtube.com\/embed\/gdRUE0SrzzI?feature=oembed\" frameborder=\"0\" allow=\"accelerometer; autoplay; clipboard-write; encrypted-media; gyroscope; picture-in-picture; web-share\" referrerpolicy=\"strict-origin-when-cross-origin\" allowfullscreen><\/iframe><\/p>\n<p data-start=\"2984\" data-end=\"3204\"><img loading=\"lazy\" decoding=\"async\" class=\"alignnone size-large wp-image-9932\" src=\"https:\/\/marcoslimma.com.br\/wp-content\/uploads\/2025\/12\/b15b0ae7-10d6-4153-996d-6975861c81a8-1024x576.jpeg\" alt=\"\" width=\"1024\" height=\"576\" srcset=\"https:\/\/marcoslimma.com.br\/wp-content\/uploads\/2025\/12\/b15b0ae7-10d6-4153-996d-6975861c81a8-1024x576.jpeg 1024w, https:\/\/marcoslimma.com.br\/wp-content\/uploads\/2025\/12\/b15b0ae7-10d6-4153-996d-6975861c81a8-300x169.jpeg 300w, https:\/\/marcoslimma.com.br\/wp-content\/uploads\/2025\/12\/b15b0ae7-10d6-4153-996d-6975861c81a8-768x432.jpeg 768w, https:\/\/marcoslimma.com.br\/wp-content\/uploads\/2025\/12\/b15b0ae7-10d6-4153-996d-6975861c81a8.jpeg 1280w\" sizes=\"auto, (max-width: 1024px) 100vw, 1024px\" \/> <img loading=\"lazy\" decoding=\"async\" class=\"alignnone size-large wp-image-9931\" src=\"https:\/\/marcoslimma.com.br\/wp-content\/uploads\/2025\/12\/9a74bbbb-6a5b-4c7a-a91a-49c70dd26d2d-1024x576.jpeg\" alt=\"\" width=\"1024\" height=\"576\" srcset=\"https:\/\/marcoslimma.com.br\/wp-content\/uploads\/2025\/12\/9a74bbbb-6a5b-4c7a-a91a-49c70dd26d2d-1024x576.jpeg 1024w, https:\/\/marcoslimma.com.br\/wp-content\/uploads\/2025\/12\/9a74bbbb-6a5b-4c7a-a91a-49c70dd26d2d-300x169.jpeg 300w, https:\/\/marcoslimma.com.br\/wp-content\/uploads\/2025\/12\/9a74bbbb-6a5b-4c7a-a91a-49c70dd26d2d-768x432.jpeg 768w, https:\/\/marcoslimma.com.br\/wp-content\/uploads\/2025\/12\/9a74bbbb-6a5b-4c7a-a91a-49c70dd26d2d.jpeg 1280w\" sizes=\"auto, (max-width: 1024px) 100vw, 1024px\" \/> <img loading=\"lazy\" decoding=\"async\" class=\"alignnone size-large wp-image-9930\" src=\"https:\/\/marcoslimma.com.br\/wp-content\/uploads\/2025\/12\/7eea3304-3183-46c8-9e50-93077d46e6ec-1024x576.jpeg\" alt=\"\" width=\"1024\" height=\"576\" srcset=\"https:\/\/marcoslimma.com.br\/wp-content\/uploads\/2025\/12\/7eea3304-3183-46c8-9e50-93077d46e6ec-1024x576.jpeg 1024w, https:\/\/marcoslimma.com.br\/wp-content\/uploads\/2025\/12\/7eea3304-3183-46c8-9e50-93077d46e6ec-300x169.jpeg 300w, https:\/\/marcoslimma.com.br\/wp-content\/uploads\/2025\/12\/7eea3304-3183-46c8-9e50-93077d46e6ec-768x432.jpeg 768w, https:\/\/marcoslimma.com.br\/wp-content\/uploads\/2025\/12\/7eea3304-3183-46c8-9e50-93077d46e6ec.jpeg 1280w\" sizes=\"auto, (max-width: 1024px) 100vw, 1024px\" \/> <img loading=\"lazy\" decoding=\"async\" class=\"alignnone size-large wp-image-9929\" src=\"https:\/\/marcoslimma.com.br\/wp-content\/uploads\/2025\/12\/585131e8-f983-4c8c-93b3-1c3b115f2766-1024x734.jpeg\" alt=\"\" width=\"1024\" height=\"734\" srcset=\"https:\/\/marcoslimma.com.br\/wp-content\/uploads\/2025\/12\/585131e8-f983-4c8c-93b3-1c3b115f2766-1024x734.jpeg 1024w, https:\/\/marcoslimma.com.br\/wp-content\/uploads\/2025\/12\/585131e8-f983-4c8c-93b3-1c3b115f2766-300x215.jpeg 300w, https:\/\/marcoslimma.com.br\/wp-content\/uploads\/2025\/12\/585131e8-f983-4c8c-93b3-1c3b115f2766-768x551.jpeg 768w, https:\/\/marcoslimma.com.br\/wp-content\/uploads\/2025\/12\/585131e8-f983-4c8c-93b3-1c3b115f2766-1536x1101.jpeg 1536w, https:\/\/marcoslimma.com.br\/wp-content\/uploads\/2025\/12\/585131e8-f983-4c8c-93b3-1c3b115f2766.jpeg 1600w\" sizes=\"auto, (max-width: 1024px) 100vw, 1024px\" \/><\/p>\n","protected":false},"excerpt":{"rendered":"<p>\u00a0 Nesta ter\u00e7a-feira (2), o prefeito de Lima Campos, Jailson Fausto, cumpriu uma importante agenda institucional em S\u00e3o Lu\u00eds, no Pal\u00e1cio dos Le\u00f5es, onde se reuniu com o governador do Maranh\u00e3o, Carlos&hellip;<\/p>\n","protected":false},"author":2,"featured_media":9928,"comment_status":"open","ping_status":"open","sticky":false,"template":"","format":"standard","meta":{"footnotes":""},"categories":[1],"tags":[],"class_list":["post-9926","post","type-post","status-publish","format-standard","has-post-thumbnail","hentry","category-ultimas-noticias"],"_links":{"self":[{"href":"https:\/\/marcoslimma.com.br\/index.php\/wp-json\/wp\/v2\/posts\/9926","targetHints":{"allow":["GET"]}}],"collection":[{"href":"https:\/\/marcoslimma.com.br\/index.php\/wp-json\/wp\/v2\/posts"}],"about":[{"href":"https:\/\/marcoslimma.com.br\/index.php\/wp-json\/wp\/v2\/types\/post"}],"author":[{"embeddable":true,"href":"https:\/\/marcoslimma.com.br\/index.php\/wp-json\/wp\/v2\/users\/2"}],"replies":[{"embeddable":true,"href":"https:\/\/marcoslimma.com.br\/index.php\/wp-json\/wp\/v2\/comments?post=9926"}],"version-history":[{"count":1,"href":"https:\/\/marcoslimma.com.br\/index.php\/wp-json\/wp\/v2\/posts\/9926\/revisions"}],"predecessor-version":[{"id":9933,"href":"https:\/\/marcoslimma.com.br\/index.php\/wp-json\/wp\/v2\/posts\/9926\/revisions\/9933"}],"wp:featuredmedia":[{"embeddable":true,"href":"https:\/\/marcoslimma.com.br\/index.php\/wp-json\/wp\/v2\/media\/9928"}],"wp:attachment":[{"href":"https:\/\/marcoslimma.com.br\/index.php\/wp-json\/wp\/v2\/media?parent=9926"}],"wp:term":[{"taxonomy":"category","embeddable":true,"href":"https:\/\/marcoslimma.com.br\/index.php\/wp-json\/wp\/v2\/categories?post=9926"},{"taxonomy":"post_tag","embeddable":true,"href":"https:\/\/marcoslimma.com.br\/index.php\/wp-json\/wp\/v2\/tags?post=9926"}],"curies":[{"name":"wp","href":"https:\/\/api.w.org\/{rel}","templated":true}]}}