{"id":9918,"date":"2025-12-03T10:19:20","date_gmt":"2025-12-03T13:19:20","guid":{"rendered":"https:\/\/marcoslimma.com.br\/?p=9918"},"modified":"2025-12-03T10:19:20","modified_gmt":"2025-12-03T13:19:20","slug":"prefeito-deibson-bale-e-comitiva-de-trizidela-do-vale-apresentam-demandas-estrategicas-ao-governador-carlos-brandao-em-reuniao-no-palacio-dos-leoes","status":"publish","type":"post","link":"https:\/\/marcoslimma.com.br\/index.php\/2025\/12\/03\/prefeito-deibson-bale-e-comitiva-de-trizidela-do-vale-apresentam-demandas-estrategicas-ao-governador-carlos-brandao-em-reuniao-no-palacio-dos-leoes\/","title":{"rendered":"Prefeito Deibson Bal\u00e9 e comitiva de Trizidela do Vale apresentam demandas estrat\u00e9gicas ao governador Carlos Brand\u00e3o em reuni\u00e3o no Pal\u00e1cio dos Le\u00f5es"},"content":{"rendered":"<p><img loading=\"lazy\" decoding=\"async\" class=\"alignnone size-large wp-image-9919\" src=\"https:\/\/marcoslimma.com.br\/wp-content\/uploads\/2025\/12\/d3d986d0-1c4e-4cbe-855a-62b22bea250a-1024x576.jpg\" alt=\"\" width=\"1024\" height=\"576\" srcset=\"https:\/\/marcoslimma.com.br\/wp-content\/uploads\/2025\/12\/d3d986d0-1c4e-4cbe-855a-62b22bea250a-1024x576.jpg 1024w, https:\/\/marcoslimma.com.br\/wp-content\/uploads\/2025\/12\/d3d986d0-1c4e-4cbe-855a-62b22bea250a-300x169.jpg 300w, https:\/\/marcoslimma.com.br\/wp-content\/uploads\/2025\/12\/d3d986d0-1c4e-4cbe-855a-62b22bea250a-768x432.jpg 768w, https:\/\/marcoslimma.com.br\/wp-content\/uploads\/2025\/12\/d3d986d0-1c4e-4cbe-855a-62b22bea250a-1536x864.jpg 1536w, https:\/\/marcoslimma.com.br\/wp-content\/uploads\/2025\/12\/d3d986d0-1c4e-4cbe-855a-62b22bea250a-2048x1152.jpg 2048w\" sizes=\"auto, (max-width: 1024px) 100vw, 1024px\" \/><\/p>\n<p>O prefeito de <strong>Trizidela do Vale, Deibson Bal\u00e9<\/strong>, esteve reunido com o governador do<strong> Maranh\u00e3o<\/strong>, <strong>Carlos Brand\u00e3o<\/strong>, acompanhado de uma comitiva formada pelo vice-prefeito, secret\u00e1rios municipais e vereadores. A agenda, realizada no <strong>Pal\u00e1cio dos Le\u00f5es<\/strong>, contou tamb\u00e9m com a participa\u00e7\u00e3o do deputado estadual<strong> Francisco Nagib<\/strong>, importante aliado do munic\u00edpio.<\/p>\n<p>Durante a audi\u00eancia, o chefe do <strong>Executivo Municipal<\/strong> apresentou ao governador uma s\u00e9rie de solicita\u00e7\u00f5es estrat\u00e9gicas voltadas para infraestrutura, abastecimento de \u00e1gua, mobilidade urbana e fortalecimento das pol\u00edticas p\u00fablicas locais. As demandas foram recebidas com aten\u00e7\u00e3o por Brand\u00e3o, que reafirmou o compromisso do <strong>Governo do Estado<\/strong> com o desenvolvimento dos munic\u00edpios do <strong>M\u00e9dio Mearim<\/strong>.<\/p>\n<p>Em suas declara\u00e7\u00f5es, o prefeito <strong>Deibson Bal\u00e9<\/strong> destacou o impacto das parcerias institucionais na vida da popula\u00e7\u00e3o.<strong> \u201cAgrade\u00e7o de cora\u00e7\u00e3o a parceria s\u00f3lida que temos com o Governo do Estado, por meio do governador Carlos Brand\u00e3o e do secret\u00e1rio de Assuntos Municipalistas, Orleans Brand\u00e3o. Eles t\u00eam levado in\u00fameras benfeitorias para Trizidela do Vale, e isso tem contribu\u00eddo diretamente para a melhoria da qualidade de vida do nosso povo\u201d,<\/strong> afirmou.<\/p>\n<p>O deputado <strong>Francisco Nagib<\/strong> tamb\u00e9m refor\u00e7ou seu apoio ao munic\u00edpio, colocando-se \u00e0 disposi\u00e7\u00e3o para colaborar na viabiliza\u00e7\u00e3o das demandas apresentadas. A reuni\u00e3o marcou mais um passo importante na uni\u00e3o entre governo estadual, legislativo e gest\u00e3o municipal, fortalecendo o ritmo de obras e pol\u00edticas p\u00fablicas que transformam <strong>Trizidela do Vale<\/strong> em refer\u00eancia regional de desenvolvimento.<\/p>\n<p><img loading=\"lazy\" decoding=\"async\" class=\"alignnone size-large wp-image-9922\" src=\"https:\/\/marcoslimma.com.br\/wp-content\/uploads\/2025\/12\/e47bf1b7-f8ba-4ae5-8bee-60daa862a2c9-1024x576.jpg\" alt=\"\" width=\"1024\" height=\"576\" srcset=\"https:\/\/marcoslimma.com.br\/wp-content\/uploads\/2025\/12\/e47bf1b7-f8ba-4ae5-8bee-60daa862a2c9-1024x576.jpg 1024w, https:\/\/marcoslimma.com.br\/wp-content\/uploads\/2025\/12\/e47bf1b7-f8ba-4ae5-8bee-60daa862a2c9-300x169.jpg 300w, https:\/\/marcoslimma.com.br\/wp-content\/uploads\/2025\/12\/e47bf1b7-f8ba-4ae5-8bee-60daa862a2c9-768x432.jpg 768w, https:\/\/marcoslimma.com.br\/wp-content\/uploads\/2025\/12\/e47bf1b7-f8ba-4ae5-8bee-60daa862a2c9-1536x864.jpg 1536w, https:\/\/marcoslimma.com.br\/wp-content\/uploads\/2025\/12\/e47bf1b7-f8ba-4ae5-8bee-60daa862a2c9-2048x1152.jpg 2048w\" sizes=\"auto, (max-width: 1024px) 100vw, 1024px\" \/> <img loading=\"lazy\" decoding=\"async\" class=\"alignnone size-large wp-image-9921\" src=\"https:\/\/marcoslimma.com.br\/wp-content\/uploads\/2025\/12\/4dae0b7e-e57d-429c-9aa3-ee726d781dc6-576x1024.jpg\" alt=\"\" width=\"576\" height=\"1024\" srcset=\"https:\/\/marcoslimma.com.br\/wp-content\/uploads\/2025\/12\/4dae0b7e-e57d-429c-9aa3-ee726d781dc6-576x1024.jpg 576w, https:\/\/marcoslimma.com.br\/wp-content\/uploads\/2025\/12\/4dae0b7e-e57d-429c-9aa3-ee726d781dc6-169x300.jpg 169w, https:\/\/marcoslimma.com.br\/wp-content\/uploads\/2025\/12\/4dae0b7e-e57d-429c-9aa3-ee726d781dc6-768x1365.jpg 768w, https:\/\/marcoslimma.com.br\/wp-content\/uploads\/2025\/12\/4dae0b7e-e57d-429c-9aa3-ee726d781dc6-864x1536.jpg 864w, https:\/\/marcoslimma.com.br\/wp-content\/uploads\/2025\/12\/4dae0b7e-e57d-429c-9aa3-ee726d781dc6-1152x2048.jpg 1152w, https:\/\/marcoslimma.com.br\/wp-content\/uploads\/2025\/12\/4dae0b7e-e57d-429c-9aa3-ee726d781dc6-scaled.jpg 1440w\" sizes=\"auto, (max-width: 576px) 100vw, 576px\" \/> <img loading=\"lazy\" decoding=\"async\" class=\"alignnone size-large wp-image-9920\" src=\"https:\/\/marcoslimma.com.br\/wp-content\/uploads\/2025\/12\/ff49878c-d53f-4038-98b3-e3f9fddd65fd-576x1024.jpg\" alt=\"\" width=\"576\" height=\"1024\" srcset=\"https:\/\/marcoslimma.com.br\/wp-content\/uploads\/2025\/12\/ff49878c-d53f-4038-98b3-e3f9fddd65fd-576x1024.jpg 576w, https:\/\/marcoslimma.com.br\/wp-content\/uploads\/2025\/12\/ff49878c-d53f-4038-98b3-e3f9fddd65fd-169x300.jpg 169w, https:\/\/marcoslimma.com.br\/wp-content\/uploads\/2025\/12\/ff49878c-d53f-4038-98b3-e3f9fddd65fd-768x1365.jpg 768w, https:\/\/marcoslimma.com.br\/wp-content\/uploads\/2025\/12\/ff49878c-d53f-4038-98b3-e3f9fddd65fd-864x1536.jpg 864w, https:\/\/marcoslimma.com.br\/wp-content\/uploads\/2025\/12\/ff49878c-d53f-4038-98b3-e3f9fddd65fd-1152x2048.jpg 1152w, https:\/\/marcoslimma.com.br\/wp-content\/uploads\/2025\/12\/ff49878c-d53f-4038-98b3-e3f9fddd65fd-scaled.jpg 1440w\" sizes=\"auto, (max-width: 576px) 100vw, 576px\" \/><\/p>\n","protected":false},"excerpt":{"rendered":"<p>O prefeito de Trizidela do Vale, Deibson Bal\u00e9, esteve reunido com o governador do Maranh\u00e3o, Carlos Brand\u00e3o, acompanhado de uma comitiva formada pelo vice-prefeito, secret\u00e1rios municipais e vereadores. A agenda, realizada no&hellip;<\/p>\n","protected":false},"author":2,"featured_media":9919,"comment_status":"open","ping_status":"open","sticky":false,"template":"","format":"standard","meta":{"footnotes":""},"categories":[1],"tags":[],"class_list":["post-9918","post","type-post","status-publish","format-standard","has-post-thumbnail","hentry","category-ultimas-noticias"],"_links":{"self":[{"href":"https:\/\/marcoslimma.com.br\/index.php\/wp-json\/wp\/v2\/posts\/9918","targetHints":{"allow":["GET"]}}],"collection":[{"href":"https:\/\/marcoslimma.com.br\/index.php\/wp-json\/wp\/v2\/posts"}],"about":[{"href":"https:\/\/marcoslimma.com.br\/index.php\/wp-json\/wp\/v2\/types\/post"}],"author":[{"embeddable":true,"href":"https:\/\/marcoslimma.com.br\/index.php\/wp-json\/wp\/v2\/users\/2"}],"replies":[{"embeddable":true,"href":"https:\/\/marcoslimma.com.br\/index.php\/wp-json\/wp\/v2\/comments?post=9918"}],"version-history":[{"count":1,"href":"https:\/\/marcoslimma.com.br\/index.php\/wp-json\/wp\/v2\/posts\/9918\/revisions"}],"predecessor-version":[{"id":9923,"href":"https:\/\/marcoslimma.com.br\/index.php\/wp-json\/wp\/v2\/posts\/9918\/revisions\/9923"}],"wp:featuredmedia":[{"embeddable":true,"href":"https:\/\/marcoslimma.com.br\/index.php\/wp-json\/wp\/v2\/media\/9919"}],"wp:attachment":[{"href":"https:\/\/marcoslimma.com.br\/index.php\/wp-json\/wp\/v2\/media?parent=9918"}],"wp:term":[{"taxonomy":"category","embeddable":true,"href":"https:\/\/marcoslimma.com.br\/index.php\/wp-json\/wp\/v2\/categories?post=9918"},{"taxonomy":"post_tag","embeddable":true,"href":"https:\/\/marcoslimma.com.br\/index.php\/wp-json\/wp\/v2\/tags?post=9918"}],"curies":[{"name":"wp","href":"https:\/\/api.w.org\/{rel}","templated":true}]}}