{"id":9915,"date":"2025-12-01T21:53:03","date_gmt":"2025-12-02T00:53:03","guid":{"rendered":"https:\/\/marcoslimma.com.br\/?p=9915"},"modified":"2025-12-01T21:53:03","modified_gmt":"2025-12-02T00:53:03","slug":"lima-campos-encerra-edicao-2025-da-feira-da-agricultura-familiar-com-grande-participacao-e-fortalecimento-da-economia-local","status":"publish","type":"post","link":"https:\/\/marcoslimma.com.br\/index.php\/2025\/12\/01\/lima-campos-encerra-edicao-2025-da-feira-da-agricultura-familiar-com-grande-participacao-e-fortalecimento-da-economia-local\/","title":{"rendered":"Lima Campos encerra edi\u00e7\u00e3o 2025 da Feira da Agricultura Familiar com grande participa\u00e7\u00e3o e fortalecimento da economia local"},"content":{"rendered":"<p data-start=\"0\" data-end=\"154\"><img loading=\"lazy\" decoding=\"async\" class=\"alignnone size-large wp-image-9916\" src=\"https:\/\/marcoslimma.com.br\/wp-content\/uploads\/2025\/12\/Imagem-do-WhatsApp-de-2025-12-01-as-21.44.05_fd9c8955-1024x1024.jpg\" alt=\"\" width=\"1024\" height=\"1024\" srcset=\"https:\/\/marcoslimma.com.br\/wp-content\/uploads\/2025\/12\/Imagem-do-WhatsApp-de-2025-12-01-as-21.44.05_fd9c8955-1024x1024.jpg 1024w, https:\/\/marcoslimma.com.br\/wp-content\/uploads\/2025\/12\/Imagem-do-WhatsApp-de-2025-12-01-as-21.44.05_fd9c8955-300x300.jpg 300w, https:\/\/marcoslimma.com.br\/wp-content\/uploads\/2025\/12\/Imagem-do-WhatsApp-de-2025-12-01-as-21.44.05_fd9c8955-150x150.jpg 150w, https:\/\/marcoslimma.com.br\/wp-content\/uploads\/2025\/12\/Imagem-do-WhatsApp-de-2025-12-01-as-21.44.05_fd9c8955-768x768.jpg 768w, https:\/\/marcoslimma.com.br\/wp-content\/uploads\/2025\/12\/Imagem-do-WhatsApp-de-2025-12-01-as-21.44.05_fd9c8955.jpg 1280w\" sizes=\"auto, (max-width: 1024px) 100vw, 1024px\" \/><\/p>\n<p data-start=\"156\" data-end=\"509\">\u00a0 Nesta segunda-feira (1\u00ba), aconteceu a \u00faltima edi\u00e7\u00e3o da Feira da Agricultura Familiar de 2025, organizada pela <strong>Prefeitura Municipal de Lima Campos<\/strong> por meio da Secretaria Municipal de Agricultura. A a\u00e7\u00e3o, que ao longo do ano valorizou o produtor rural e movimentou a economia local, encerrou o ciclo com grande participa\u00e7\u00e3o de agricultores e consumidores.<\/p>\n<p data-start=\"511\" data-end=\"1017\">Nesta edi\u00e7\u00e3o final, diversos produtos agr\u00edcolas foram comercializados, trazendo mais renda para homens e mulheres do campo que, com dedica\u00e7\u00e3o, abastecem a mesa da popula\u00e7\u00e3o lima-campense. O secret\u00e1rio de Agricultura, (<strong>Maninho)<\/strong>, celebrou o encerramento das atividades destacando que a feira se consolidou como um espa\u00e7o de gera\u00e7\u00e3o de oportunidades, fortalecimento da produ\u00e7\u00e3o local e aproxima\u00e7\u00e3o entre produtores e comunidade. Segundo ele, esta \u00faltima edi\u00e7\u00e3o coroou todas as demais realizadas ao longo de 2025.<\/p>\n<p data-start=\"1019\" data-end=\"1520\">Quem tamb\u00e9m marcou presen\u00e7a de forma ativa foi o vereador <strong>Can\u00eddia Publicidade<\/strong>. Al\u00e9m de prestigiar o evento, o parlamentar patrocinou a a\u00e7\u00e3o com brindes e promoveu um animado concurso de forr\u00f3, garantindo ainda mais intera\u00e7\u00e3o e descontra\u00e7\u00e3o entre os participantes. O vereador destacou a import\u00e2ncia do respeito e da valoriza\u00e7\u00e3o ao homem e \u00e0 mulher do campo, ressaltando que iniciativas como essa fortalecem a autoestima dos agricultores e reconhecem o trabalho essencial que desempenham para o <strong>Brasil.<\/strong><\/p>\n<p data-start=\"1522\" data-end=\"2022\">Representando a <strong>Associa\u00e7\u00e3o dos Moradores do povoado Bom Jesus<\/strong>, na zona rural de<strong> Lima Campos<\/strong>, <strong>Fernanda Soares<\/strong> apresentou detalhes do projeto <em data-start=\"1662\" data-end=\"1721\">\u201cFortalecendo o Circuito de Feiras de Economia Solid\u00e1ria\u201d<\/em>. A iniciativa prev\u00ea a realiza\u00e7\u00e3o de a\u00e7\u00f5es integradas nas cidades que comp\u00f5em a regi\u00e3o do <strong>M\u00e9dio Mearim: Pedreiras, Lima Campos, Trizidela do Vale e S\u00e3o Lu\u00eds Gonzaga do Maranh\u00e3o<\/strong>. O objetivo \u00e9 ampliar o alcance das feiras, incentivar a comercializa\u00e7\u00e3o direta e fortalecer o modelo de economia solid\u00e1ria.<\/p>\n<p data-start=\"2024\" data-end=\"2270\" data-is-last-node=\"\" data-is-only-node=\"\">Com mais uma edi\u00e7\u00e3o conclu\u00edda com sucesso, a Feira da Agricultura Familiar reafirma seu papel como uma das principais iniciativas de valoriza\u00e7\u00e3o da agricultura local, contribuindo para o desenvolvimento econ\u00f4mico e social de <strong>Lima Campos<\/strong> e regi\u00e3o.<\/p>\n<p><iframe loading=\"lazy\" title=\"Lima Campos encerra a Feira da Agricultura Familiar em 2025\" width=\"500\" height=\"281\" src=\"https:\/\/www.youtube.com\/embed\/JsznxdiZ7F4?feature=oembed\" frameborder=\"0\" allow=\"accelerometer; autoplay; clipboard-write; encrypted-media; gyroscope; picture-in-picture; web-share\" referrerpolicy=\"strict-origin-when-cross-origin\" allowfullscreen><\/iframe><\/p>\n","protected":false},"excerpt":{"rendered":"<p>\u00a0 Nesta segunda-feira (1\u00ba), aconteceu a \u00faltima edi\u00e7\u00e3o da Feira da Agricultura Familiar de 2025, organizada pela Prefeitura Municipal de Lima Campos por meio da Secretaria Municipal de Agricultura. A a\u00e7\u00e3o, que&hellip;<\/p>\n","protected":false},"author":2,"featured_media":9916,"comment_status":"open","ping_status":"open","sticky":false,"template":"","format":"standard","meta":{"footnotes":""},"categories":[1],"tags":[],"class_list":["post-9915","post","type-post","status-publish","format-standard","has-post-thumbnail","hentry","category-ultimas-noticias"],"_links":{"self":[{"href":"https:\/\/marcoslimma.com.br\/index.php\/wp-json\/wp\/v2\/posts\/9915","targetHints":{"allow":["GET"]}}],"collection":[{"href":"https:\/\/marcoslimma.com.br\/index.php\/wp-json\/wp\/v2\/posts"}],"about":[{"href":"https:\/\/marcoslimma.com.br\/index.php\/wp-json\/wp\/v2\/types\/post"}],"author":[{"embeddable":true,"href":"https:\/\/marcoslimma.com.br\/index.php\/wp-json\/wp\/v2\/users\/2"}],"replies":[{"embeddable":true,"href":"https:\/\/marcoslimma.com.br\/index.php\/wp-json\/wp\/v2\/comments?post=9915"}],"version-history":[{"count":1,"href":"https:\/\/marcoslimma.com.br\/index.php\/wp-json\/wp\/v2\/posts\/9915\/revisions"}],"predecessor-version":[{"id":9917,"href":"https:\/\/marcoslimma.com.br\/index.php\/wp-json\/wp\/v2\/posts\/9915\/revisions\/9917"}],"wp:featuredmedia":[{"embeddable":true,"href":"https:\/\/marcoslimma.com.br\/index.php\/wp-json\/wp\/v2\/media\/9916"}],"wp:attachment":[{"href":"https:\/\/marcoslimma.com.br\/index.php\/wp-json\/wp\/v2\/media?parent=9915"}],"wp:term":[{"taxonomy":"category","embeddable":true,"href":"https:\/\/marcoslimma.com.br\/index.php\/wp-json\/wp\/v2\/categories?post=9915"},{"taxonomy":"post_tag","embeddable":true,"href":"https:\/\/marcoslimma.com.br\/index.php\/wp-json\/wp\/v2\/tags?post=9915"}],"curies":[{"name":"wp","href":"https:\/\/api.w.org\/{rel}","templated":true}]}}