{"id":9892,"date":"2025-11-30T20:26:07","date_gmt":"2025-11-30T23:26:07","guid":{"rendered":"https:\/\/marcoslimma.com.br\/?p=9892"},"modified":"2025-11-30T20:26:07","modified_gmt":"2025-11-30T23:26:07","slug":"confusao-no-hospital-de-lima-campos-termina-com-agressoes-ameacas-e-registro-de-tco","status":"publish","type":"post","link":"https:\/\/marcoslimma.com.br\/index.php\/2025\/11\/30\/confusao-no-hospital-de-lima-campos-termina-com-agressoes-ameacas-e-registro-de-tco\/","title":{"rendered":"Confus\u00e3o no Hospital de Lima Campos termina com agress\u00f5es, amea\u00e7as e registro de TCO"},"content":{"rendered":"<h2 data-start=\"157\" data-end=\"248\"><img loading=\"lazy\" decoding=\"async\" class=\"alignnone size-large wp-image-9893\" src=\"https:\/\/marcoslimma.com.br\/wp-content\/uploads\/2025\/11\/e1110186-4757-4e9d-bcf8-6718316af4c4-1024x576.jpg\" alt=\"\" width=\"1024\" height=\"576\" srcset=\"https:\/\/marcoslimma.com.br\/wp-content\/uploads\/2025\/11\/e1110186-4757-4e9d-bcf8-6718316af4c4-1024x576.jpg 1024w, https:\/\/marcoslimma.com.br\/wp-content\/uploads\/2025\/11\/e1110186-4757-4e9d-bcf8-6718316af4c4-300x169.jpg 300w, https:\/\/marcoslimma.com.br\/wp-content\/uploads\/2025\/11\/e1110186-4757-4e9d-bcf8-6718316af4c4-768x432.jpg 768w, https:\/\/marcoslimma.com.br\/wp-content\/uploads\/2025\/11\/e1110186-4757-4e9d-bcf8-6718316af4c4.jpg 1280w\" sizes=\"auto, (max-width: 1024px) 100vw, 1024px\" \/><\/h2>\n<p data-start=\"250\" data-end=\"489\">\n<p data-start=\"250\" data-end=\"489\">\n<p data-start=\"250\" data-end=\"489\">\u00a0 \u00a0Nesse s\u00e1bado (29), por volta das 10h30, uma ocorr\u00eancia de amea\u00e7a, resist\u00eancia, desobedi\u00eancia, desacato e les\u00e3o corporal mobilizou a <strong>Pol\u00edcia Militar<\/strong> no <strong data-start=\"414\" data-end=\"451\">Hospital Municipal (HM) <\/strong>de<strong data-start=\"414\" data-end=\"451\"> Lima Campos<\/strong>, localizado na <strong>Avenida 15 de Janeiro<\/strong>.<\/p>\n<p data-start=\"491\" data-end=\"730\">De acordo com informa\u00e7\u00f5es repassadas pelo m\u00e9dico plantonista, dois indiv\u00edduos estariam causando tumulto, amea\u00e7ando servidores e agredindo funcion\u00e1rios da unidade. As quatro v\u00edtimas envolvidas foram identificadas pela PM. um m\u00e9dico plantonista, uma enfermeira, um motorista de ambul\u00e2ncia e um dos vigias do hospital<\/p>\n<p data-start=\"935\" data-end=\"1056\">Os acusados um homem e uma mulher, foram identificados e iremos usar as inicias dos seus nomes: <strong data-start=\"972\" data-end=\"995\">L. da S.<\/strong>, e <strong data-start=\"1023\" data-end=\"1055\">F. B. V.<\/strong>.<\/p>\n<h3 data-start=\"1058\" data-end=\"1085\"><strong data-start=\"1062\" data-end=\"1085\">Agress\u00f5es e amea\u00e7as<\/strong><\/h3>\n<p data-start=\"1087\" data-end=\"1310\">Segundo o relato do m\u00e9dico, o homem o teria ofendido chamando-o de <em data-start=\"1168\" data-end=\"1192\">\u201cdoutorzinho de merda\u201d<\/em> e ainda o amea\u00e7ado de morte, afirmando que iria mat\u00e1-lo. Outras agress\u00f5es tamb\u00e9m foram registradas contra servidores.<\/p>\n<p data-start=\"1312\" data-end=\"1557\">A enfermeira relatou que foi atacada pela mulher que \u00e9 acusada, que ela teria rasgado sua roupa durante a confus\u00e3o. O motorista do HM contou que foi chamado de <em data-start=\"1492\" data-end=\"1503\">\u201cmoleque\u201d<\/em> e <em data-start=\"1506\" data-end=\"1519\">\u201cvagabundo\u201d<\/em>, al\u00e9m de ser empurrado pelo homem acusado.<\/p>\n<p data-start=\"1559\" data-end=\"1708\">O vigia do HM afirmou que a mulher lhe desferiu um soco no t\u00f3rax, tomou seu celular e o arremessou ao ch\u00e3o, causando danos ao aparelho.<\/p>\n<h3 data-start=\"1710\" data-end=\"1738\"><strong data-start=\"1714\" data-end=\"1738\">Interven\u00e7\u00e3o policial<\/strong><\/h3>\n<p data-start=\"1740\" data-end=\"2038\">Ao chegar ao hospital, a guarni\u00e7\u00e3o encontrou os dois acusados ainda no interior da unidade. De acordo com os policiais, a mulher passou a desacatar a equipe, chamando os militares de <em data-start=\"1925\" data-end=\"1938\">\u201cpau no c\u2026\u201d<\/em>. Ela resistiu \u00e0 pris\u00e3o, sendo necess\u00e1rio o uso de algemas. J\u00e1 o homem tamb\u00e9m foi detido.<\/p>\n<p data-start=\"2040\" data-end=\"2256\">Ambos foram conduzidos para a <strong>Delegacia Regional de Policia Civil (DRPC) de Pedreiras<\/strong>. No entanto, segundo o relat\u00f3rio policial, o delegado plantonista n\u00e3o recebeu os acusados, alegando que os il\u00edcitos cometidos n\u00e3o caberiam pris\u00e3o em flagrante.<\/p>\n<h3 data-start=\"2258\" data-end=\"2281\"><strong data-start=\"2262\" data-end=\"2281\">TCO e libera\u00e7\u00e3o<\/strong><\/h3>\n<p data-start=\"2283\" data-end=\"2522\">Com isso, a guarni\u00e7\u00e3o retornou ao <strong>Destacamento da Pol\u00edcia Militar de Lima Campos<\/strong>, onde foi lavrado um Termo Circunstanciado de Ocorr\u00eancia (TCO). Os dois acusados assinaram o documento e foram liberados em seguida, sem les\u00f5es corporais.<\/p>\n<p data-start=\"2524\" data-end=\"2567\">O caso segue agora \u00e0 disposi\u00e7\u00e3o da <strong>Justi\u00e7a.<\/strong><\/p>\n","protected":false},"excerpt":{"rendered":"<p>\u00a0 \u00a0Nesse s\u00e1bado (29), por volta das 10h30, uma ocorr\u00eancia de amea\u00e7a, resist\u00eancia, desobedi\u00eancia, desacato e les\u00e3o corporal mobilizou a Pol\u00edcia Militar no Hospital Municipal (HM) de Lima Campos, localizado na Avenida&hellip;<\/p>\n","protected":false},"author":2,"featured_media":9893,"comment_status":"open","ping_status":"open","sticky":false,"template":"","format":"standard","meta":{"footnotes":""},"categories":[1],"tags":[],"class_list":["post-9892","post","type-post","status-publish","format-standard","has-post-thumbnail","hentry","category-ultimas-noticias"],"_links":{"self":[{"href":"https:\/\/marcoslimma.com.br\/index.php\/wp-json\/wp\/v2\/posts\/9892","targetHints":{"allow":["GET"]}}],"collection":[{"href":"https:\/\/marcoslimma.com.br\/index.php\/wp-json\/wp\/v2\/posts"}],"about":[{"href":"https:\/\/marcoslimma.com.br\/index.php\/wp-json\/wp\/v2\/types\/post"}],"author":[{"embeddable":true,"href":"https:\/\/marcoslimma.com.br\/index.php\/wp-json\/wp\/v2\/users\/2"}],"replies":[{"embeddable":true,"href":"https:\/\/marcoslimma.com.br\/index.php\/wp-json\/wp\/v2\/comments?post=9892"}],"version-history":[{"count":1,"href":"https:\/\/marcoslimma.com.br\/index.php\/wp-json\/wp\/v2\/posts\/9892\/revisions"}],"predecessor-version":[{"id":9894,"href":"https:\/\/marcoslimma.com.br\/index.php\/wp-json\/wp\/v2\/posts\/9892\/revisions\/9894"}],"wp:featuredmedia":[{"embeddable":true,"href":"https:\/\/marcoslimma.com.br\/index.php\/wp-json\/wp\/v2\/media\/9893"}],"wp:attachment":[{"href":"https:\/\/marcoslimma.com.br\/index.php\/wp-json\/wp\/v2\/media?parent=9892"}],"wp:term":[{"taxonomy":"category","embeddable":true,"href":"https:\/\/marcoslimma.com.br\/index.php\/wp-json\/wp\/v2\/categories?post=9892"},{"taxonomy":"post_tag","embeddable":true,"href":"https:\/\/marcoslimma.com.br\/index.php\/wp-json\/wp\/v2\/tags?post=9892"}],"curies":[{"name":"wp","href":"https:\/\/api.w.org\/{rel}","templated":true}]}}