{"id":9889,"date":"2025-11-30T19:43:01","date_gmt":"2025-11-30T22:43:01","guid":{"rendered":"https:\/\/marcoslimma.com.br\/?p=9889"},"modified":"2025-11-30T19:43:01","modified_gmt":"2025-11-30T22:43:01","slug":"apos-solicitacao-de-fred-maia-governo-inicia-construcao-da-ponte-metalica-entre-lima-campos-e-pedreiras","status":"publish","type":"post","link":"https:\/\/marcoslimma.com.br\/index.php\/2025\/11\/30\/apos-solicitacao-de-fred-maia-governo-inicia-construcao-da-ponte-metalica-entre-lima-campos-e-pedreiras\/","title":{"rendered":"Ap\u00f3s solicita\u00e7\u00e3o de Fred Maia, Governo inicia constru\u00e7\u00e3o da ponte met\u00e1lica entre Lima Campos e Pedreiras"},"content":{"rendered":"<h2 data-start=\"100\" data-end=\"220\"><img loading=\"lazy\" decoding=\"async\" class=\"alignnone size-large wp-image-9890\" src=\"https:\/\/marcoslimma.com.br\/wp-content\/uploads\/2025\/11\/2ea13dd4-7242-476c-83ff-486884f507f9-1024x1024.jpg\" alt=\"\" width=\"1024\" height=\"1024\" srcset=\"https:\/\/marcoslimma.com.br\/wp-content\/uploads\/2025\/11\/2ea13dd4-7242-476c-83ff-486884f507f9-1024x1024.jpg 1024w, https:\/\/marcoslimma.com.br\/wp-content\/uploads\/2025\/11\/2ea13dd4-7242-476c-83ff-486884f507f9-300x300.jpg 300w, https:\/\/marcoslimma.com.br\/wp-content\/uploads\/2025\/11\/2ea13dd4-7242-476c-83ff-486884f507f9-150x150.jpg 150w, https:\/\/marcoslimma.com.br\/wp-content\/uploads\/2025\/11\/2ea13dd4-7242-476c-83ff-486884f507f9-768x768.jpg 768w, https:\/\/marcoslimma.com.br\/wp-content\/uploads\/2025\/11\/2ea13dd4-7242-476c-83ff-486884f507f9.jpg 1280w\" sizes=\"auto, (max-width: 1024px) 100vw, 1024px\" \/><\/h2>\n<p data-start=\"222\" data-end=\"592\">\n<p data-start=\"222\" data-end=\"592\">\u00a0 Teve in\u00edcio nesta semana a constru\u00e7\u00e3o das cabeceiras e da base que ir\u00e1 receber a estrutura do lastro da nova ponte met\u00e1lica que ligar\u00e1 o povoado <strong>S\u00edtio Novo<\/strong>, em <strong>Pedreiras<\/strong>, ao povoado <strong>Santo Ant\u00f4nio dos Ninas<\/strong>, em <strong>Lima Campos<\/strong>. A obra \u00e9 resultado de uma indica\u00e7\u00e3o do deputado estadual <strong data-start=\"475\" data-end=\"519\">Fred Maia<\/strong>, que foi prontamente atendida pelo<strong> Governo do Estado<\/strong> em apenas dez dias.<\/p>\n<p data-start=\"594\" data-end=\"912\">Na manh\u00e3 deste s\u00e1bado (29), o deputado <strong>Fred Maia<\/strong> esteve no local realizando uma vistoria e demonstrou satisfa\u00e7\u00e3o com o andamento dos servi\u00e7os. Segundo ele, a constru\u00e7\u00e3o da ponte representa um avan\u00e7o significativo para a mobilidade da regi\u00e3o, garantindo seguran\u00e7a, rapidez e efici\u00eancia no deslocamento de moradores.<\/p>\n<p data-start=\"914\" data-end=\"1114\">A nova estrutura facilitar\u00e1 o escoamento de gr\u00e3os, al\u00e9m de beneficiar o transporte escolar, ambul\u00e2ncias e demais servi\u00e7os essenciais que dependem dessa rota para atender as comunidades rurais.<\/p>\n<p data-start=\"1116\" data-end=\"1495\">A ponte antiga, ao longo da hist\u00f3ria, j\u00e1 chegou a desabar, o que gerou dificuldades para os moradores. Em outra ocasi\u00e3o, a prefeita <strong>Vanessa Maia<\/strong> solicitou a recupera\u00e7\u00e3o emergencial da estrutura para garantir a trafegabilidade. Agora, com o novo projeto, o deputado celebra um feito in\u00e9dito: uma ponte met\u00e1lica moderna e duradoura, atendendo a uma demanda antiga da popula\u00e7\u00e3o.<\/p>\n<p data-start=\"1497\" data-end=\"1603\">Durante a vistoria, <strong>Fred Maia<\/strong> agradeceu o apoio do <strong>Governo do Estado<\/strong> e destacou a import\u00e2ncia da parceria:<\/p>\n<blockquote data-start=\"1605\" data-end=\"1923\">\n<p data-start=\"1607\" data-end=\"1923\"><strong>\u201cEu quero parabenizar e agradecer \u00e0 popula\u00e7\u00e3o por acreditar em nossa palavra. Agrade\u00e7o ao governador Carlos Brand\u00e3o, que em poucos dias atendeu nossa solicita\u00e7\u00e3o; ao secret\u00e1rio Orleans Brand\u00e3o; e ao Dr. Apar\u00edcio Bandeira, que sempre nos recebeu com aten\u00e7\u00e3o. A popula\u00e7\u00e3o da regi\u00e3o poder\u00e1 sempre contar com Fred Maia.\u201d<\/strong><\/p>\n<\/blockquote>\n<p data-start=\"1925\" data-end=\"2131\">A obra segue em ritmo acelerado e deve transformar de forma definitiva a mobilidade entre <strong>Pedreiras e Lima Campos<\/strong>, trazendo mais desenvolvimento, seguran\u00e7a e qualidade de vida para centenas de fam\u00edlias.<\/p>\n<p><iframe loading=\"lazy\" title=\"Ap\u00f3s solicita\u00e7\u00e3o de Fred, Governo inicia constru\u00e7\u00e3o da ponte met\u00e1lica entre Lima Campos e Pedreiras\" width=\"500\" height=\"281\" src=\"https:\/\/www.youtube.com\/embed\/hHmIgNMcuBE?feature=oembed\" frameborder=\"0\" allow=\"accelerometer; autoplay; clipboard-write; encrypted-media; gyroscope; picture-in-picture; web-share\" referrerpolicy=\"strict-origin-when-cross-origin\" allowfullscreen><\/iframe><\/p>\n<p data-start=\"1925\" data-end=\"2131\">\n","protected":false},"excerpt":{"rendered":"<p>\u00a0 Teve in\u00edcio nesta semana a constru\u00e7\u00e3o das cabeceiras e da base que ir\u00e1 receber a estrutura do lastro da nova ponte met\u00e1lica que ligar\u00e1 o povoado S\u00edtio Novo, em Pedreiras, ao&hellip;<\/p>\n","protected":false},"author":2,"featured_media":9890,"comment_status":"open","ping_status":"open","sticky":false,"template":"","format":"standard","meta":{"footnotes":""},"categories":[1],"tags":[],"class_list":["post-9889","post","type-post","status-publish","format-standard","has-post-thumbnail","hentry","category-ultimas-noticias"],"_links":{"self":[{"href":"https:\/\/marcoslimma.com.br\/index.php\/wp-json\/wp\/v2\/posts\/9889","targetHints":{"allow":["GET"]}}],"collection":[{"href":"https:\/\/marcoslimma.com.br\/index.php\/wp-json\/wp\/v2\/posts"}],"about":[{"href":"https:\/\/marcoslimma.com.br\/index.php\/wp-json\/wp\/v2\/types\/post"}],"author":[{"embeddable":true,"href":"https:\/\/marcoslimma.com.br\/index.php\/wp-json\/wp\/v2\/users\/2"}],"replies":[{"embeddable":true,"href":"https:\/\/marcoslimma.com.br\/index.php\/wp-json\/wp\/v2\/comments?post=9889"}],"version-history":[{"count":1,"href":"https:\/\/marcoslimma.com.br\/index.php\/wp-json\/wp\/v2\/posts\/9889\/revisions"}],"predecessor-version":[{"id":9891,"href":"https:\/\/marcoslimma.com.br\/index.php\/wp-json\/wp\/v2\/posts\/9889\/revisions\/9891"}],"wp:featuredmedia":[{"embeddable":true,"href":"https:\/\/marcoslimma.com.br\/index.php\/wp-json\/wp\/v2\/media\/9890"}],"wp:attachment":[{"href":"https:\/\/marcoslimma.com.br\/index.php\/wp-json\/wp\/v2\/media?parent=9889"}],"wp:term":[{"taxonomy":"category","embeddable":true,"href":"https:\/\/marcoslimma.com.br\/index.php\/wp-json\/wp\/v2\/categories?post=9889"},{"taxonomy":"post_tag","embeddable":true,"href":"https:\/\/marcoslimma.com.br\/index.php\/wp-json\/wp\/v2\/tags?post=9889"}],"curies":[{"name":"wp","href":"https:\/\/api.w.org\/{rel}","templated":true}]}}