{"id":9883,"date":"2025-11-29T19:21:51","date_gmt":"2025-11-29T22:21:51","guid":{"rendered":"https:\/\/marcoslimma.com.br\/?p=9883"},"modified":"2025-11-29T19:21:51","modified_gmt":"2025-11-29T22:21:51","slug":"pedreiras-realiza-com-sucesso-o-1o-festival-das-quebradeiras-de-coco-babacu","status":"publish","type":"post","link":"https:\/\/marcoslimma.com.br\/index.php\/2025\/11\/29\/pedreiras-realiza-com-sucesso-o-1o-festival-das-quebradeiras-de-coco-babacu\/","title":{"rendered":"Pedreiras realiza com sucesso o 1\u00ba festival das quebradeiras de coco baba\u00e7u"},"content":{"rendered":"<p data-start=\"88\" data-end=\"181\"><img loading=\"lazy\" decoding=\"async\" class=\"alignnone size-large wp-image-9884\" src=\"https:\/\/marcoslimma.com.br\/wp-content\/uploads\/2025\/11\/Imagem-do-WhatsApp-de-2025-11-29-as-19.14.31_1a782ea0-1024x1024.jpg\" alt=\"\" width=\"1024\" height=\"1024\" srcset=\"https:\/\/marcoslimma.com.br\/wp-content\/uploads\/2025\/11\/Imagem-do-WhatsApp-de-2025-11-29-as-19.14.31_1a782ea0-1024x1024.jpg 1024w, https:\/\/marcoslimma.com.br\/wp-content\/uploads\/2025\/11\/Imagem-do-WhatsApp-de-2025-11-29-as-19.14.31_1a782ea0-300x300.jpg 300w, https:\/\/marcoslimma.com.br\/wp-content\/uploads\/2025\/11\/Imagem-do-WhatsApp-de-2025-11-29-as-19.14.31_1a782ea0-150x150.jpg 150w, https:\/\/marcoslimma.com.br\/wp-content\/uploads\/2025\/11\/Imagem-do-WhatsApp-de-2025-11-29-as-19.14.31_1a782ea0-768x768.jpg 768w, https:\/\/marcoslimma.com.br\/wp-content\/uploads\/2025\/11\/Imagem-do-WhatsApp-de-2025-11-29-as-19.14.31_1a782ea0.jpg 1280w\" sizes=\"auto, (max-width: 1024px) 100vw, 1024px\" \/><\/p>\n<p data-start=\"183\" data-end=\"677\">\n<p data-start=\"183\" data-end=\"677\">\n<p data-start=\"183\" data-end=\"677\">\u00a0 Neste s\u00e1bado (29), <strong>Pedreiras<\/strong> viveu um momento hist\u00f3rico com a realiza\u00e7\u00e3o do 1\u00ba Festival das Quebradeiras de Coco Baba\u00e7u, um evento que j\u00e1 nasce consolidado como um dos mais importantes no calend\u00e1rio cultural do munic\u00edpio. A programa\u00e7\u00e3o foi marcada por apresenta\u00e7\u00f5es culturais, feira de exposi\u00e7\u00e3o de produtos derivados do baba\u00e7u, m\u00fasica, dan\u00e7a, sorteios de brindes t\u00edpicos da regi\u00e3o e muita celebra\u00e7\u00e3o. A iniciativa destacou a for\u00e7a das quebradeiras de coco e a riqueza cultural do M\u00e9dio Mearim.<\/p>\n<p data-start=\"679\" data-end=\"910\">O festival reuniu um grande p\u00fablico e contou com a presen\u00e7a da prefeita <strong data-start=\"742\" data-end=\"767\">Vanessa Maia<\/strong>, do <strong data-start=\"772\" data-end=\"803\">deputado estadual Fred Maia<\/strong>, do <strong data-start=\"808\" data-end=\"855\">secret\u00e1rio municipal de Agricultura, Marcos Ant\u00f4nio<\/strong>, al\u00e9m de outras autoridades e lideran\u00e7as comunit\u00e1rias.<\/p>\n<p data-start=\"912\" data-end=\"1376\">Durante o evento, a prefeita Vanessa Maia ressaltou a import\u00e2ncia da valoriza\u00e7\u00e3o das mulheres que trabalham diariamente no extrativismo do baba\u00e7u.<br data-start=\"1058\" data-end=\"1061\" \/><strong data-start=\"1061\" data-end=\"1356\">\u201cTivemos a participa\u00e7\u00e3o de v\u00e1rias mulheres fortes da nossa agricultura&#8230; E algo me chamou aten\u00e7\u00e3o: um grande n\u00famero de pessoas veio prestigiar esse momento. Quero parabenizar a nossa Secretaria de Agricultura, que vem fazendo um trabalho extraordin\u00e1rio, e a todos que est\u00e3o aqui presentes\u201d,<\/strong> destacou a gestora.<\/p>\n<p data-start=\"1378\" data-end=\"1781\">O deputado estadual Fred Maia tamb\u00e9m participou da programa\u00e7\u00e3o e enfatizou o impacto social e cultural do festival.<br data-start=\"1493\" data-end=\"1496\" \/><strong data-start=\"1496\" data-end=\"1758\">\u201cMuito feliz em ver a alegria no rosto dessas mulheres trabalhadoras ao participar de um evento como esse. Parabenizo a prefeita Vanessa Maia pela iniciativa em valorizar ainda mais essas trabalhadoras e a toda equipe da Secretaria Municipal de Agricultura\u201d,<\/strong> afirmou o parlamentar.<\/p>\n<p data-start=\"1783\" data-end=\"2187\">Fred Maia aproveitou para agradecer o apoio do governador <strong data-start=\"1841\" data-end=\"1859\">Carlos Brand\u00e3o<\/strong> e do secret\u00e1rio de Assuntos Municipalistas, <strong data-start=\"1904\" data-end=\"1923\">Orleans Brand\u00e3o<\/strong>, figuras essenciais para a realiza\u00e7\u00e3o do festival e outras a\u00e7\u00f5es no munic\u00edpio.<br data-start=\"2002\" data-end=\"2005\" \/><strong data-start=\"2005\" data-end=\"2176\">\u201cNosso governador Carlos Brand\u00e3o e nosso secret\u00e1rio Orleans s\u00e3o muito importantes para a realiza\u00e7\u00e3o deste evento e de muitas outras obras que beneficiam o nosso povo\u201d,<\/strong> completou.<\/p>\n<p data-start=\"2189\" data-end=\"2382\">O 1\u00ba Festival das Quebradeiras de Coco refor\u00e7ou a identidade cultural de Pedreiras, promoveu inclus\u00e3o, valorizou tradi\u00e7\u00f5es e evidenciou a for\u00e7a feminina que move a economia do baba\u00e7u na regi\u00e3o.<\/p>\n<p data-start=\"2189\" data-end=\"2382\">\n<p><iframe loading=\"lazy\" title=\"Pedreiras realiza com sucesso o 1\u00ba festival das quebradeiras de coco baba\u00e7u\" width=\"422\" height=\"750\" src=\"https:\/\/www.youtube.com\/embed\/tmqnYM_TA2E?feature=oembed\" frameborder=\"0\" allow=\"accelerometer; autoplay; clipboard-write; encrypted-media; gyroscope; picture-in-picture; web-share\" referrerpolicy=\"strict-origin-when-cross-origin\" allowfullscreen><\/iframe><\/p>\n<p data-start=\"2189\" data-end=\"2382\"><img loading=\"lazy\" decoding=\"async\" class=\"alignnone size-large wp-image-9885\" src=\"https:\/\/marcoslimma.com.br\/wp-content\/uploads\/2025\/11\/Imagem-do-WhatsApp-de-2025-11-29-as-19.14.32_ff1a88fb-1024x576.jpg\" alt=\"\" width=\"1024\" height=\"576\" srcset=\"https:\/\/marcoslimma.com.br\/wp-content\/uploads\/2025\/11\/Imagem-do-WhatsApp-de-2025-11-29-as-19.14.32_ff1a88fb-1024x576.jpg 1024w, https:\/\/marcoslimma.com.br\/wp-content\/uploads\/2025\/11\/Imagem-do-WhatsApp-de-2025-11-29-as-19.14.32_ff1a88fb-300x169.jpg 300w, https:\/\/marcoslimma.com.br\/wp-content\/uploads\/2025\/11\/Imagem-do-WhatsApp-de-2025-11-29-as-19.14.32_ff1a88fb-768x432.jpg 768w, https:\/\/marcoslimma.com.br\/wp-content\/uploads\/2025\/11\/Imagem-do-WhatsApp-de-2025-11-29-as-19.14.32_ff1a88fb.jpg 1280w\" sizes=\"auto, (max-width: 1024px) 100vw, 1024px\" \/> <img loading=\"lazy\" decoding=\"async\" class=\"alignnone size-large wp-image-9886\" src=\"https:\/\/marcoslimma.com.br\/wp-content\/uploads\/2025\/11\/Imagem-do-WhatsApp-de-2025-11-29-as-19.14.31_52f003ec-1024x575.jpg\" alt=\"\" width=\"1024\" height=\"575\" srcset=\"https:\/\/marcoslimma.com.br\/wp-content\/uploads\/2025\/11\/Imagem-do-WhatsApp-de-2025-11-29-as-19.14.31_52f003ec-1024x575.jpg 1024w, https:\/\/marcoslimma.com.br\/wp-content\/uploads\/2025\/11\/Imagem-do-WhatsApp-de-2025-11-29-as-19.14.31_52f003ec-300x169.jpg 300w, https:\/\/marcoslimma.com.br\/wp-content\/uploads\/2025\/11\/Imagem-do-WhatsApp-de-2025-11-29-as-19.14.31_52f003ec-768x432.jpg 768w, https:\/\/marcoslimma.com.br\/wp-content\/uploads\/2025\/11\/Imagem-do-WhatsApp-de-2025-11-29-as-19.14.31_52f003ec-1536x863.jpg 1536w, https:\/\/marcoslimma.com.br\/wp-content\/uploads\/2025\/11\/Imagem-do-WhatsApp-de-2025-11-29-as-19.14.31_52f003ec.jpg 1600w\" sizes=\"auto, (max-width: 1024px) 100vw, 1024px\" \/> <img loading=\"lazy\" decoding=\"async\" class=\"alignnone size-large wp-image-9887\" src=\"https:\/\/marcoslimma.com.br\/wp-content\/uploads\/2025\/11\/Imagem-do-WhatsApp-de-2025-11-29-as-19.14.31_e135c8b9-769x1024.jpg\" alt=\"\" width=\"769\" height=\"1024\" srcset=\"https:\/\/marcoslimma.com.br\/wp-content\/uploads\/2025\/11\/Imagem-do-WhatsApp-de-2025-11-29-as-19.14.31_e135c8b9-769x1024.jpg 769w, https:\/\/marcoslimma.com.br\/wp-content\/uploads\/2025\/11\/Imagem-do-WhatsApp-de-2025-11-29-as-19.14.31_e135c8b9-225x300.jpg 225w, https:\/\/marcoslimma.com.br\/wp-content\/uploads\/2025\/11\/Imagem-do-WhatsApp-de-2025-11-29-as-19.14.31_e135c8b9-768x1023.jpg 768w, https:\/\/marcoslimma.com.br\/wp-content\/uploads\/2025\/11\/Imagem-do-WhatsApp-de-2025-11-29-as-19.14.31_e135c8b9.jpg 961w\" sizes=\"auto, (max-width: 769px) 100vw, 769px\" \/><\/p>\n","protected":false},"excerpt":{"rendered":"<p>\u00a0 Neste s\u00e1bado (29), Pedreiras viveu um momento hist\u00f3rico com a realiza\u00e7\u00e3o do 1\u00ba Festival das Quebradeiras de Coco Baba\u00e7u, um evento que j\u00e1 nasce consolidado como um dos mais importantes no&hellip;<\/p>\n","protected":false},"author":2,"featured_media":9884,"comment_status":"open","ping_status":"open","sticky":false,"template":"","format":"standard","meta":{"footnotes":""},"categories":[1],"tags":[],"class_list":["post-9883","post","type-post","status-publish","format-standard","has-post-thumbnail","hentry","category-ultimas-noticias"],"_links":{"self":[{"href":"https:\/\/marcoslimma.com.br\/index.php\/wp-json\/wp\/v2\/posts\/9883","targetHints":{"allow":["GET"]}}],"collection":[{"href":"https:\/\/marcoslimma.com.br\/index.php\/wp-json\/wp\/v2\/posts"}],"about":[{"href":"https:\/\/marcoslimma.com.br\/index.php\/wp-json\/wp\/v2\/types\/post"}],"author":[{"embeddable":true,"href":"https:\/\/marcoslimma.com.br\/index.php\/wp-json\/wp\/v2\/users\/2"}],"replies":[{"embeddable":true,"href":"https:\/\/marcoslimma.com.br\/index.php\/wp-json\/wp\/v2\/comments?post=9883"}],"version-history":[{"count":1,"href":"https:\/\/marcoslimma.com.br\/index.php\/wp-json\/wp\/v2\/posts\/9883\/revisions"}],"predecessor-version":[{"id":9888,"href":"https:\/\/marcoslimma.com.br\/index.php\/wp-json\/wp\/v2\/posts\/9883\/revisions\/9888"}],"wp:featuredmedia":[{"embeddable":true,"href":"https:\/\/marcoslimma.com.br\/index.php\/wp-json\/wp\/v2\/media\/9884"}],"wp:attachment":[{"href":"https:\/\/marcoslimma.com.br\/index.php\/wp-json\/wp\/v2\/media?parent=9883"}],"wp:term":[{"taxonomy":"category","embeddable":true,"href":"https:\/\/marcoslimma.com.br\/index.php\/wp-json\/wp\/v2\/categories?post=9883"},{"taxonomy":"post_tag","embeddable":true,"href":"https:\/\/marcoslimma.com.br\/index.php\/wp-json\/wp\/v2\/tags?post=9883"}],"curies":[{"name":"wp","href":"https:\/\/api.w.org\/{rel}","templated":true}]}}