{"id":9880,"date":"2025-11-28T23:29:20","date_gmt":"2025-11-29T02:29:20","guid":{"rendered":"https:\/\/marcoslimma.com.br\/?p=9880"},"modified":"2025-11-28T23:29:20","modified_gmt":"2025-11-29T02:29:20","slug":"orleans-brandao-e-eleito-presidente-estadual-do-mdb-em-convencao-que-reuniu-15-mil-pessoas-no-ceprama","status":"publish","type":"post","link":"https:\/\/marcoslimma.com.br\/index.php\/2025\/11\/28\/orleans-brandao-e-eleito-presidente-estadual-do-mdb-em-convencao-que-reuniu-15-mil-pessoas-no-ceprama\/","title":{"rendered":"Orleans Brand\u00e3o \u00e9 eleito presidente estadual do MDB em conven\u00e7\u00e3o que reuniu 15 mil pessoas no Ceprama"},"content":{"rendered":"<p data-start=\"204\" data-end=\"659\">\n<p data-start=\"204\" data-end=\"659\"><img loading=\"lazy\" decoding=\"async\" class=\"alignnone size-large wp-image-9881\" src=\"https:\/\/marcoslimma.com.br\/wp-content\/uploads\/2025\/11\/6fc240bd-24d8-4e23-9945-77a90d01d228-1024x585.jpg\" alt=\"\" width=\"1024\" height=\"585\" srcset=\"https:\/\/marcoslimma.com.br\/wp-content\/uploads\/2025\/11\/6fc240bd-24d8-4e23-9945-77a90d01d228-1024x585.jpg 1024w, https:\/\/marcoslimma.com.br\/wp-content\/uploads\/2025\/11\/6fc240bd-24d8-4e23-9945-77a90d01d228-300x172.jpg 300w, https:\/\/marcoslimma.com.br\/wp-content\/uploads\/2025\/11\/6fc240bd-24d8-4e23-9945-77a90d01d228-768x439.jpg 768w, https:\/\/marcoslimma.com.br\/wp-content\/uploads\/2025\/11\/6fc240bd-24d8-4e23-9945-77a90d01d228.jpg 1387w\" sizes=\"auto, (max-width: 1024px) 100vw, 1024px\" \/><\/p>\n<p data-start=\"204\" data-end=\"659\">\u00a0 \u00a0Cerca de <strong data-start=\"213\" data-end=\"231\">15 mil pessoas<\/strong>, entre prefeitos, vereadores, deputados, ex-prefeitos, ex-vereadores, emedebistas e lideran\u00e7as pol\u00edticas de diversos partidos, lotaram o <strong data-start=\"369\" data-end=\"380\">Ceprama<\/strong>, em <strong>S\u00e3o Lu\u00eds<\/strong>, nesta sexta-feira (28), durante a <strong data-start=\"429\" data-end=\"470\">Conven\u00e7\u00e3o Estadual do MDB do Maranh\u00e3o<\/strong>. O evento contou com caravanas de todas as regi\u00f5es do estado e marcou a elei\u00e7\u00e3o de <strong data-start=\"554\" data-end=\"573\">Orleans Brand\u00e3o<\/strong> como novo presidente estadual da sigla, que conduzir\u00e1 o partido nas elei\u00e7\u00f5es de 2026.<\/p>\n<p data-start=\"661\" data-end=\"1128\">Em seu discurso, <strong>Orleans<\/strong> destacou a import\u00e2ncia do momento para sua trajet\u00f3ria pol\u00edtica:<br data-start=\"749\" data-end=\"752\" \/><strong data-start=\"752\" data-end=\"1118\">\u201cEste \u00e9 um dos momentos mais importantes da minha vida p\u00fablica. Estou muito feliz por ter o reconhecimento de tantos prefeitos, ex-prefeitos, vice-prefeitos, vereadores, ex-vereadores e lideran\u00e7as de todo o Maranh\u00e3o. V\u00ea-los aqui me enche de orgulho, pois a juventude para mim \u00e9 combust\u00edvel para trabalhar pelos maranhenses. \u00c9 isso que temos feito todos os dias.\u201d<\/strong>, afirmou.<\/p>\n<p data-start=\"1130\" data-end=\"1421\">Al\u00e9m de lideran\u00e7as presentes no evento, nomes de peso do MDB nacional enviaram mensagens de apoio. Assim como o ex-presidente <strong data-start=\"1256\" data-end=\"1271\">Jos\u00e9 Sarney<\/strong> e a deputada federal <strong data-start=\"1293\" data-end=\"1311\">Roseana Sarney<\/strong>, o presidente nacional do MDB, <strong data-start=\"1343\" data-end=\"1359\">Baleia Rossi<\/strong>, tamb\u00e9m fez quest\u00e3o de parabenizar o novo dirigente estadual.<\/p>\n<p data-start=\"1423\" data-end=\"1717\">Em nota, <strong>Baleia Rossi<\/strong> destacou:<br data-start=\"1454\" data-end=\"1457\" \/><strong data-start=\"1457\" data-end=\"1717\">\u201cO MDB do Maranh\u00e3o vive um novo tempo, de crescimento no presente e de brilho no futuro. O jovem Orleans mostra que teremos um futuro extraordin\u00e1rio pela frente: eleger a maior bancada de deputados estaduais e federais, e o pr\u00f3ximo governador do Maranh\u00e3o.\u201d<\/strong><\/p>\n<p data-start=\"1719\" data-end=\"1849\">A conven\u00e7\u00e3o reafirmou a for\u00e7a do MDB no estado e simbolizou o in\u00edcio de uma nova fase pol\u00edtica sob a lideran\u00e7a de <strong>Orleans Brand\u00e3o.<\/strong><\/p>\n","protected":false},"excerpt":{"rendered":"<p>\u00a0 \u00a0Cerca de 15 mil pessoas, entre prefeitos, vereadores, deputados, ex-prefeitos, ex-vereadores, emedebistas e lideran\u00e7as pol\u00edticas de diversos partidos, lotaram o Ceprama, em S\u00e3o Lu\u00eds, nesta sexta-feira (28), durante a Conven\u00e7\u00e3o Estadual&hellip;<\/p>\n","protected":false},"author":2,"featured_media":9881,"comment_status":"open","ping_status":"open","sticky":false,"template":"","format":"standard","meta":{"footnotes":""},"categories":[1],"tags":[],"class_list":["post-9880","post","type-post","status-publish","format-standard","has-post-thumbnail","hentry","category-ultimas-noticias"],"_links":{"self":[{"href":"https:\/\/marcoslimma.com.br\/index.php\/wp-json\/wp\/v2\/posts\/9880","targetHints":{"allow":["GET"]}}],"collection":[{"href":"https:\/\/marcoslimma.com.br\/index.php\/wp-json\/wp\/v2\/posts"}],"about":[{"href":"https:\/\/marcoslimma.com.br\/index.php\/wp-json\/wp\/v2\/types\/post"}],"author":[{"embeddable":true,"href":"https:\/\/marcoslimma.com.br\/index.php\/wp-json\/wp\/v2\/users\/2"}],"replies":[{"embeddable":true,"href":"https:\/\/marcoslimma.com.br\/index.php\/wp-json\/wp\/v2\/comments?post=9880"}],"version-history":[{"count":1,"href":"https:\/\/marcoslimma.com.br\/index.php\/wp-json\/wp\/v2\/posts\/9880\/revisions"}],"predecessor-version":[{"id":9882,"href":"https:\/\/marcoslimma.com.br\/index.php\/wp-json\/wp\/v2\/posts\/9880\/revisions\/9882"}],"wp:featuredmedia":[{"embeddable":true,"href":"https:\/\/marcoslimma.com.br\/index.php\/wp-json\/wp\/v2\/media\/9881"}],"wp:attachment":[{"href":"https:\/\/marcoslimma.com.br\/index.php\/wp-json\/wp\/v2\/media?parent=9880"}],"wp:term":[{"taxonomy":"category","embeddable":true,"href":"https:\/\/marcoslimma.com.br\/index.php\/wp-json\/wp\/v2\/categories?post=9880"},{"taxonomy":"post_tag","embeddable":true,"href":"https:\/\/marcoslimma.com.br\/index.php\/wp-json\/wp\/v2\/tags?post=9880"}],"curies":[{"name":"wp","href":"https:\/\/api.w.org\/{rel}","templated":true}]}}