{"id":9876,"date":"2025-11-28T22:31:30","date_gmt":"2025-11-29T01:31:30","guid":{"rendered":"https:\/\/marcoslimma.com.br\/?p=9876"},"modified":"2025-11-28T22:31:30","modified_gmt":"2025-11-29T01:31:30","slug":"superacao-e-prevencao-a-transformacao-de-ney-braga-no-novembro-azul","status":"publish","type":"post","link":"https:\/\/marcoslimma.com.br\/index.php\/2025\/11\/28\/superacao-e-prevencao-a-transformacao-de-ney-braga-no-novembro-azul\/","title":{"rendered":"Supera\u00e7\u00e3o e preven\u00e7\u00e3o: a transforma\u00e7\u00e3o de Ney Braga no Novembro Azul"},"content":{"rendered":"<p><img loading=\"lazy\" decoding=\"async\" class=\"alignnone size-large wp-image-9877\" src=\"https:\/\/marcoslimma.com.br\/wp-content\/uploads\/2025\/11\/f3aad73c-1ec9-4960-8057-dcea9769e696-750x1024.jpg\" alt=\"\" width=\"750\" height=\"1024\" srcset=\"https:\/\/marcoslimma.com.br\/wp-content\/uploads\/2025\/11\/f3aad73c-1ec9-4960-8057-dcea9769e696-750x1024.jpg 750w, https:\/\/marcoslimma.com.br\/wp-content\/uploads\/2025\/11\/f3aad73c-1ec9-4960-8057-dcea9769e696-220x300.jpg 220w, https:\/\/marcoslimma.com.br\/wp-content\/uploads\/2025\/11\/f3aad73c-1ec9-4960-8057-dcea9769e696-768x1048.jpg 768w, https:\/\/marcoslimma.com.br\/wp-content\/uploads\/2025\/11\/f3aad73c-1ec9-4960-8057-dcea9769e696-1125x1536.jpg 1125w, https:\/\/marcoslimma.com.br\/wp-content\/uploads\/2025\/11\/f3aad73c-1ec9-4960-8057-dcea9769e696.jpg 1172w\" sizes=\"auto, (max-width: 750px) 100vw, 750px\" \/><\/p>\n<p>O presidente da <strong>C\u00e2mara Municipal de Lima Campos<\/strong>, vereador <strong>Ney Braga<\/strong>, torna-se mais um exemplo inspirador de supera\u00e7\u00e3o e cuidado com a sa\u00fade. Ap\u00f3s enfrentar s\u00e9rios obst\u00e1culos como obesidade e hipertens\u00e3o, o parlamentar comemora uma nova fase de vida, marcada por disciplina e qualidade de vida.<\/p>\n<p><strong>\u201cEu sou prova de que nunca \u00e9 tarde para mudar. Enfrentei a obesidade, superei a hipertens\u00e3o e conquistei minha sa\u00fade com exerc\u00edcio, disciplina e acompanhamento m\u00e9dico\u201d<\/strong>, destacou <strong>Ney Braga<\/strong>.<\/p>\n<p>Neste Novembro Azul, a mensagem \u00e9 clara: cuide-se.<br \/>\nMovimento \u00e9 vida. Preven\u00e7\u00e3o \u00e9 amor-pr\u00f3prio!<\/p>\n","protected":false},"excerpt":{"rendered":"<p>O presidente da C\u00e2mara Municipal de Lima Campos, vereador Ney Braga, torna-se mais um exemplo inspirador de supera\u00e7\u00e3o e cuidado com a sa\u00fade. Ap\u00f3s enfrentar s\u00e9rios obst\u00e1culos como obesidade e hipertens\u00e3o, o&hellip;<\/p>\n","protected":false},"author":2,"featured_media":9877,"comment_status":"open","ping_status":"open","sticky":false,"template":"","format":"standard","meta":{"footnotes":""},"categories":[1],"tags":[],"class_list":["post-9876","post","type-post","status-publish","format-standard","has-post-thumbnail","hentry","category-ultimas-noticias"],"_links":{"self":[{"href":"https:\/\/marcoslimma.com.br\/index.php\/wp-json\/wp\/v2\/posts\/9876","targetHints":{"allow":["GET"]}}],"collection":[{"href":"https:\/\/marcoslimma.com.br\/index.php\/wp-json\/wp\/v2\/posts"}],"about":[{"href":"https:\/\/marcoslimma.com.br\/index.php\/wp-json\/wp\/v2\/types\/post"}],"author":[{"embeddable":true,"href":"https:\/\/marcoslimma.com.br\/index.php\/wp-json\/wp\/v2\/users\/2"}],"replies":[{"embeddable":true,"href":"https:\/\/marcoslimma.com.br\/index.php\/wp-json\/wp\/v2\/comments?post=9876"}],"version-history":[{"count":1,"href":"https:\/\/marcoslimma.com.br\/index.php\/wp-json\/wp\/v2\/posts\/9876\/revisions"}],"predecessor-version":[{"id":9878,"href":"https:\/\/marcoslimma.com.br\/index.php\/wp-json\/wp\/v2\/posts\/9876\/revisions\/9878"}],"wp:featuredmedia":[{"embeddable":true,"href":"https:\/\/marcoslimma.com.br\/index.php\/wp-json\/wp\/v2\/media\/9877"}],"wp:attachment":[{"href":"https:\/\/marcoslimma.com.br\/index.php\/wp-json\/wp\/v2\/media?parent=9876"}],"wp:term":[{"taxonomy":"category","embeddable":true,"href":"https:\/\/marcoslimma.com.br\/index.php\/wp-json\/wp\/v2\/categories?post=9876"},{"taxonomy":"post_tag","embeddable":true,"href":"https:\/\/marcoslimma.com.br\/index.php\/wp-json\/wp\/v2\/tags?post=9876"}],"curies":[{"name":"wp","href":"https:\/\/api.w.org\/{rel}","templated":true}]}}