{"id":9857,"date":"2025-11-25T15:50:43","date_gmt":"2025-11-25T18:50:43","guid":{"rendered":"https:\/\/marcoslimma.com.br\/?p=9857"},"modified":"2025-11-25T15:51:39","modified_gmt":"2025-11-25T18:51:39","slug":"peritoro-celebra-29-anos-de-historia-com-programacao-especial-e-grandes-entregas-de-obras-a-populacao","status":"publish","type":"post","link":"https:\/\/marcoslimma.com.br\/index.php\/2025\/11\/25\/peritoro-celebra-29-anos-de-historia-com-programacao-especial-e-grandes-entregas-de-obras-a-populacao\/","title":{"rendered":"Peritor\u00f3 celebra 29 anos de hist\u00f3ria com programa\u00e7\u00e3o especial e grandes entregas de obraS \u00e0 popula\u00e7\u00e3o"},"content":{"rendered":"<p><img loading=\"lazy\" decoding=\"async\" class=\"alignnone size-large wp-image-9858\" src=\"https:\/\/marcoslimma.com.br\/wp-content\/uploads\/2025\/11\/a9a8d2ba-6653-4c7f-b47e-d10dee1b0471-1024x1024.jpg\" alt=\"\" width=\"1024\" height=\"1024\" srcset=\"https:\/\/marcoslimma.com.br\/wp-content\/uploads\/2025\/11\/a9a8d2ba-6653-4c7f-b47e-d10dee1b0471-1024x1024.jpg 1024w, https:\/\/marcoslimma.com.br\/wp-content\/uploads\/2025\/11\/a9a8d2ba-6653-4c7f-b47e-d10dee1b0471-300x300.jpg 300w, https:\/\/marcoslimma.com.br\/wp-content\/uploads\/2025\/11\/a9a8d2ba-6653-4c7f-b47e-d10dee1b0471-150x150.jpg 150w, https:\/\/marcoslimma.com.br\/wp-content\/uploads\/2025\/11\/a9a8d2ba-6653-4c7f-b47e-d10dee1b0471-768x768.jpg 768w, https:\/\/marcoslimma.com.br\/wp-content\/uploads\/2025\/11\/a9a8d2ba-6653-4c7f-b47e-d10dee1b0471.jpg 1280w\" sizes=\"auto, (max-width: 1024px) 100vw, 1024px\" \/><\/p>\n<p>&nbsp;<\/p>\n<p>O munic\u00edpio de Peritor\u00f3 comemorou na \u00faltima sexta-feira, 22 de novembro, seus 29 anos de emancipa\u00e7\u00e3o pol\u00edtica, com uma programa\u00e7\u00e3o repleta de a\u00e7\u00f5es, inaugura\u00e7\u00f5es e servi\u00e7os para toda a comunidade. O dia festivo come\u00e7ou logo cedo, simbolizando o esp\u00edrito de progresso e desenvolvimento que marca a hist\u00f3ria da cidade.<\/p>\n<p>As atividades tiveram in\u00edcio \u00e0s 6h, com a prova esportiva \u2018Corrida do Progresso\u2019. Logo depois, \u00e0s 9h, foi realizada a cerim\u00f4nia oficial em comemora\u00e7\u00e3o aos 29 anos de Peritor\u00f3, em frente ao Col\u00e9gio Militar, reunindo autoridades, estudantes e moradores.<\/p>\n<p>Durante a solenidade, junto ao prefeito Dr. J\u00fanior estavam o Deputado Estadual Francisco Nagib, o Secret\u00e1rio de Assuntos Municipalistas do Maranh\u00e3o, Orleans Brand\u00e3o, prefeitos de cidades vizinhas, secret\u00e1rios de governo, vereadores, entre outras autoridades.<\/p>\n<p>\u201c\u00c9 com muita alegria que eu venho aqui, com a miss\u00e3o de Deus de dizer a voc\u00eas que quando os justos governam, o povo se alegra. E hoje, Peritor\u00f3 est\u00e1 feliz pela gest\u00e3o municipal que tem, pelo prefeito que tem. Quero parabenizar a todos os pol\u00edticos que abra\u00e7am e cuidam de Peritor\u00f3 e ajudam o prefeito Dr. J\u00fanior. Os vereadores, os prefeitos de cidades vizinhas como Deybson Bal\u00e9 de Trizidela do Vale que vem em Cod\u00f3, prefeito Chiquinho FC, prefeito de Cod\u00f3 e o governador Carlos Brand\u00e3o. E quem ganha com isso \u00e9 o povo de Peritor\u00f3. Parab\u00e9ns!\u201d, disse o deputado estadual Francisco Nagib.<\/p>\n<p>Programa\u00e7\u00e3o Especial<\/p>\n<p>Ao longo da programa\u00e7\u00e3o de anivers\u00e1rio a gest\u00e3o municipal realizou importantes entregas sociais, incluindo: 327 \u00f3culos do Programa Cuidar dos Olhos do Governo do Estado; 42 cart\u00f5es do Programa SEMEAR; entregas de cart\u00f5es do programa Maranh\u00e3o Livre da Fome, al\u00e9m do Mutir\u00e3o de avalia\u00e7\u00e3o oftalmol\u00f3gica, com mais de 500 consultas ofertadas gratuitamente.<\/p>\n<p>\u201cA gente fez a promessa que a gente ia entregar os cart\u00f5es Maranh\u00e3o Livre da Fome. Entregamos o cart\u00e3o. Fizemos a consulta e hoje j\u00e1 tem mais de 500 \u00f3culos sendo entregues para toda a popula\u00e7\u00e3o. Fizemos a promessa que a gente ia entregar a Esta\u00e7\u00e3o TEC, um centro de tecnologia para a gente capacitar os nossos jovens, facilitando que eles consigam ingressar no mercado de trabalho. E hoje vai ser entregue a Esta\u00e7\u00e3o TEC. Entregamos a ambul\u00e2ncia, falamos de v\u00e1rias a\u00e7\u00f5es e tudo est\u00e1 acontecendo. Paraba\u00e9ns Dr. J\u00fanior e parab\u00e9ns ao povo de Peritor\u00f3\u201d, declarou o secret\u00e1rio de Assuntos Municipalistas, Orleans Brand\u00e3o.<\/p>\n<p>Obras entregues para o povo de Peritor\u00f3<\/p>\n<p>A celebra\u00e7\u00e3o seguiu com uma s\u00e9rie de inaugura\u00e7\u00f5es importantes para o munic\u00edpio, como a Inaugura\u00e7\u00e3o do Farol do Saber, Inaugura\u00e7\u00e3o da Esta\u00e7\u00e3o Tech, a entrega da cobertura da quadra da Escola Dulce Almeida, a inaugura\u00e7\u00e3o da Avenida Brasil, a revitaliza\u00e7\u00e3o da Avenida Filippinho, a pavimenta\u00e7\u00e3o asf\u00e1ltica em importantes vias do munic\u00edpio e a Inaugura\u00e7\u00e3o do Largo do Dinor, no Distrito de Independ\u00eancia. A noite foi realizado show de Louvor com bandas locais, encerrando o dia aben\u00e7oado e de festividades.<\/p>\n<p>Prefeito Dr. J\u00fanior celebra o anivers\u00e1rio com compromisso, desenvolvimento e progresso<\/p>\n<p>O prefeito Dr. J\u00fanior destacou a import\u00e2ncia da data e reafirmou o compromisso da gest\u00e3o com o avan\u00e7o de Peritor\u00f3. O gestor agradeceu ainda a participa\u00e7\u00e3o da popula\u00e7\u00e3o e enfatizou que novas a\u00e7\u00f5es est\u00e3o em planejamento para os pr\u00f3ximos meses.<\/p>\n<p>\u201cCelebrar 29 anos da nossa cidade \u00e9 celebrar o nosso povo, que acredita no futuro e trabalha para construir uma Peritor\u00f3 cada vez mais forte. Hoje entregamos obras, benef\u00edcios sociais e iniciativas que transformam vidas, porque nossa miss\u00e3o \u00e9 cuidar das pessoas. Seguimos com responsabilidade, transpar\u00eancia e muito amor por esta terra que tanto amamos. Uma nova hist\u00f3ria continua sendo escrita. O anivers\u00e1rio de Peritor\u00f3 foi marcado por emo\u00e7\u00e3o, melhorias concretas e pela certeza de que o munic\u00edpio segue na dire\u00e7\u00e3o do desenvolvimento, oferecendo melhores condi\u00e7\u00f5es de vida para todas as fam\u00edlias. Parab\u00e9ns, Peritor\u00f3! 29 anos de conquistas, tradi\u00e7\u00e3o e futuro\u201d, concluiu o prefeito.<\/p>\n<p><img loading=\"lazy\" decoding=\"async\" class=\"alignnone size-full wp-image-9859\" src=\"https:\/\/marcoslimma.com.br\/wp-content\/uploads\/2025\/11\/3d252c13-3674-418c-a7cf-30c609936555.jpg\" alt=\"\" width=\"600\" height=\"815\" srcset=\"https:\/\/marcoslimma.com.br\/wp-content\/uploads\/2025\/11\/3d252c13-3674-418c-a7cf-30c609936555.jpg 600w, https:\/\/marcoslimma.com.br\/wp-content\/uploads\/2025\/11\/3d252c13-3674-418c-a7cf-30c609936555-221x300.jpg 221w\" sizes=\"auto, (max-width: 600px) 100vw, 600px\" \/> <img loading=\"lazy\" decoding=\"async\" class=\"alignnone size-large wp-image-9860\" src=\"https:\/\/marcoslimma.com.br\/wp-content\/uploads\/2025\/11\/08d220c2-c0ba-49f0-9497-f65f5da3b131.jpg\" alt=\"\" width=\"600\" height=\"450\" srcset=\"https:\/\/marcoslimma.com.br\/wp-content\/uploads\/2025\/11\/08d220c2-c0ba-49f0-9497-f65f5da3b131.jpg 600w, https:\/\/marcoslimma.com.br\/wp-content\/uploads\/2025\/11\/08d220c2-c0ba-49f0-9497-f65f5da3b131-300x225.jpg 300w\" sizes=\"auto, (max-width: 600px) 100vw, 600px\" \/> <img loading=\"lazy\" decoding=\"async\" class=\"alignnone size-large wp-image-9861\" src=\"https:\/\/marcoslimma.com.br\/wp-content\/uploads\/2025\/11\/3de2cc95-d53f-42e5-9628-3cae42f668ac.jpg\" alt=\"\" width=\"600\" height=\"800\" srcset=\"https:\/\/marcoslimma.com.br\/wp-content\/uploads\/2025\/11\/3de2cc95-d53f-42e5-9628-3cae42f668ac.jpg 600w, https:\/\/marcoslimma.com.br\/wp-content\/uploads\/2025\/11\/3de2cc95-d53f-42e5-9628-3cae42f668ac-225x300.jpg 225w\" sizes=\"auto, (max-width: 600px) 100vw, 600px\" \/> <img loading=\"lazy\" decoding=\"async\" class=\"alignnone size-large wp-image-9862\" src=\"https:\/\/marcoslimma.com.br\/wp-content\/uploads\/2025\/11\/8d874842-b896-48c0-893f-b4b9c7ad7fa5.jpg\" alt=\"\" width=\"900\" height=\"739\" srcset=\"https:\/\/marcoslimma.com.br\/wp-content\/uploads\/2025\/11\/8d874842-b896-48c0-893f-b4b9c7ad7fa5.jpg 900w, https:\/\/marcoslimma.com.br\/wp-content\/uploads\/2025\/11\/8d874842-b896-48c0-893f-b4b9c7ad7fa5-300x246.jpg 300w, https:\/\/marcoslimma.com.br\/wp-content\/uploads\/2025\/11\/8d874842-b896-48c0-893f-b4b9c7ad7fa5-768x631.jpg 768w\" sizes=\"auto, (max-width: 900px) 100vw, 900px\" \/><\/p>\n<p>Prefeitura Municipal de Peritor\u00f3 \u2013 O Progresso Continua<\/p>\n","protected":false},"excerpt":{"rendered":"<p>&nbsp; O munic\u00edpio de Peritor\u00f3 comemorou na \u00faltima sexta-feira, 22 de novembro, seus 29 anos de emancipa\u00e7\u00e3o pol\u00edtica, com uma programa\u00e7\u00e3o repleta de a\u00e7\u00f5es, inaugura\u00e7\u00f5es e servi\u00e7os para toda a comunidade. O&hellip;<\/p>\n","protected":false},"author":2,"featured_media":9858,"comment_status":"open","ping_status":"open","sticky":false,"template":"","format":"standard","meta":{"footnotes":""},"categories":[1],"tags":[],"class_list":["post-9857","post","type-post","status-publish","format-standard","has-post-thumbnail","hentry","category-ultimas-noticias"],"_links":{"self":[{"href":"https:\/\/marcoslimma.com.br\/index.php\/wp-json\/wp\/v2\/posts\/9857","targetHints":{"allow":["GET"]}}],"collection":[{"href":"https:\/\/marcoslimma.com.br\/index.php\/wp-json\/wp\/v2\/posts"}],"about":[{"href":"https:\/\/marcoslimma.com.br\/index.php\/wp-json\/wp\/v2\/types\/post"}],"author":[{"embeddable":true,"href":"https:\/\/marcoslimma.com.br\/index.php\/wp-json\/wp\/v2\/users\/2"}],"replies":[{"embeddable":true,"href":"https:\/\/marcoslimma.com.br\/index.php\/wp-json\/wp\/v2\/comments?post=9857"}],"version-history":[{"count":1,"href":"https:\/\/marcoslimma.com.br\/index.php\/wp-json\/wp\/v2\/posts\/9857\/revisions"}],"predecessor-version":[{"id":9863,"href":"https:\/\/marcoslimma.com.br\/index.php\/wp-json\/wp\/v2\/posts\/9857\/revisions\/9863"}],"wp:featuredmedia":[{"embeddable":true,"href":"https:\/\/marcoslimma.com.br\/index.php\/wp-json\/wp\/v2\/media\/9858"}],"wp:attachment":[{"href":"https:\/\/marcoslimma.com.br\/index.php\/wp-json\/wp\/v2\/media?parent=9857"}],"wp:term":[{"taxonomy":"category","embeddable":true,"href":"https:\/\/marcoslimma.com.br\/index.php\/wp-json\/wp\/v2\/categories?post=9857"},{"taxonomy":"post_tag","embeddable":true,"href":"https:\/\/marcoslimma.com.br\/index.php\/wp-json\/wp\/v2\/tags?post=9857"}],"curies":[{"name":"wp","href":"https:\/\/api.w.org\/{rel}","templated":true}]}}