{"id":9853,"date":"2025-11-24T19:34:09","date_gmt":"2025-11-24T22:34:09","guid":{"rendered":"https:\/\/marcoslimma.com.br\/?p=9853"},"modified":"2025-11-24T19:34:09","modified_gmt":"2025-11-24T22:34:09","slug":"vereador-lucian-alves-prestigia-show-gospel-no-aniversario-de-29-anos-de-peritoro","status":"publish","type":"post","link":"https:\/\/marcoslimma.com.br\/index.php\/2025\/11\/24\/vereador-lucian-alves-prestigia-show-gospel-no-aniversario-de-29-anos-de-peritoro\/","title":{"rendered":"Vereador Lucian Alves prestigia show gospel no anivers\u00e1rio de 29 anos de Peritor\u00f3"},"content":{"rendered":"<p><img loading=\"lazy\" decoding=\"async\" class=\"alignnone size-large wp-image-9854\" src=\"https:\/\/marcoslimma.com.br\/wp-content\/uploads\/2025\/11\/afdeaf1c-cf20-4b6e-8b29-e05f79f7020b-1024x576.jpg\" alt=\"\" width=\"1024\" height=\"576\" srcset=\"https:\/\/marcoslimma.com.br\/wp-content\/uploads\/2025\/11\/afdeaf1c-cf20-4b6e-8b29-e05f79f7020b-1024x576.jpg 1024w, https:\/\/marcoslimma.com.br\/wp-content\/uploads\/2025\/11\/afdeaf1c-cf20-4b6e-8b29-e05f79f7020b-300x169.jpg 300w, https:\/\/marcoslimma.com.br\/wp-content\/uploads\/2025\/11\/afdeaf1c-cf20-4b6e-8b29-e05f79f7020b-768x432.jpg 768w, https:\/\/marcoslimma.com.br\/wp-content\/uploads\/2025\/11\/afdeaf1c-cf20-4b6e-8b29-e05f79f7020b.jpg 1280w\" sizes=\"auto, (max-width: 1024px) 100vw, 1024px\" \/><\/p>\n<p>&nbsp;<\/p>\n<p>O vereador de <strong>Lima Campos, Lucian Alves<\/strong>, marcou presen\u00e7a no show gospel que encerrou as comemora\u00e7\u00f5es pelos 29 anos de emancipa\u00e7\u00e3o pol\u00edtica do munic\u00edpio de <strong>Peritor\u00f3<\/strong>. O evento reuniu moradores, autoridades e lideran\u00e7as regionais em uma noite de celebra\u00e7\u00e3o e f\u00e9.<\/p>\n<p>Durante sua participa\u00e7\u00e3o, o parlamentar fez quest\u00e3o de cumprimentar e parabenizar o prefeito <strong>Dr. J\u00fanior<\/strong>, destacando a gest\u00e3o comprometida e as recentes conquistas que t\u00eam impulsionado o desenvolvimento e a transforma\u00e7\u00e3o do munic\u00edpio. <strong>Lucian<\/strong> ressaltou que <strong>Peritor\u00f3<\/strong> vive um momento de avan\u00e7os significativos, fruto de uma administra\u00e7\u00e3o que vem atendendo \u00e0s demandas da popula\u00e7\u00e3o.<\/p>\n<p>Aproveitando o ensejo, o vereador tamb\u00e9m parabenizou todos os peritoroenses pela data comemorativa e refor\u00e7ou seu reconhecimento ao povo acolhedor e batalhador da cidade.<\/p>\n<p><strong>\u201cPeritor\u00f3 est\u00e1 de parab\u00e9ns. \u00c9 gratificante ver de perto o quanto o munic\u00edpio cresce e evolui. Meu respeito e admira\u00e7\u00e3o ao prefeito Dr. J\u00fanior e a toda popula\u00e7\u00e3o, que merece cada conquista alcan\u00e7ada\u201d, <\/strong>disse o vereador de <strong>Lima Campos Lucian\u00a0<\/strong><\/p>\n<p>&nbsp;<\/p>\n<p><iframe loading=\"lazy\" title=\"Vereador Lucian prestigia show gospel nos 29 anos de  Peritor\u00f3 \" width=\"500\" height=\"281\" src=\"https:\/\/www.youtube.com\/embed\/L1WN36uTFw0?feature=oembed\" frameborder=\"0\" allow=\"accelerometer; autoplay; clipboard-write; encrypted-media; gyroscope; picture-in-picture; web-share\" referrerpolicy=\"strict-origin-when-cross-origin\" allowfullscreen><\/iframe><\/p>\n","protected":false},"excerpt":{"rendered":"<p>&nbsp; O vereador de Lima Campos, Lucian Alves, marcou presen\u00e7a no show gospel que encerrou as comemora\u00e7\u00f5es pelos 29 anos de emancipa\u00e7\u00e3o pol\u00edtica do munic\u00edpio de Peritor\u00f3. O evento reuniu moradores, autoridades&hellip;<\/p>\n","protected":false},"author":2,"featured_media":9854,"comment_status":"open","ping_status":"open","sticky":false,"template":"","format":"standard","meta":{"footnotes":""},"categories":[1],"tags":[],"class_list":["post-9853","post","type-post","status-publish","format-standard","has-post-thumbnail","hentry","category-ultimas-noticias"],"_links":{"self":[{"href":"https:\/\/marcoslimma.com.br\/index.php\/wp-json\/wp\/v2\/posts\/9853","targetHints":{"allow":["GET"]}}],"collection":[{"href":"https:\/\/marcoslimma.com.br\/index.php\/wp-json\/wp\/v2\/posts"}],"about":[{"href":"https:\/\/marcoslimma.com.br\/index.php\/wp-json\/wp\/v2\/types\/post"}],"author":[{"embeddable":true,"href":"https:\/\/marcoslimma.com.br\/index.php\/wp-json\/wp\/v2\/users\/2"}],"replies":[{"embeddable":true,"href":"https:\/\/marcoslimma.com.br\/index.php\/wp-json\/wp\/v2\/comments?post=9853"}],"version-history":[{"count":1,"href":"https:\/\/marcoslimma.com.br\/index.php\/wp-json\/wp\/v2\/posts\/9853\/revisions"}],"predecessor-version":[{"id":9855,"href":"https:\/\/marcoslimma.com.br\/index.php\/wp-json\/wp\/v2\/posts\/9853\/revisions\/9855"}],"wp:featuredmedia":[{"embeddable":true,"href":"https:\/\/marcoslimma.com.br\/index.php\/wp-json\/wp\/v2\/media\/9854"}],"wp:attachment":[{"href":"https:\/\/marcoslimma.com.br\/index.php\/wp-json\/wp\/v2\/media?parent=9853"}],"wp:term":[{"taxonomy":"category","embeddable":true,"href":"https:\/\/marcoslimma.com.br\/index.php\/wp-json\/wp\/v2\/categories?post=9853"},{"taxonomy":"post_tag","embeddable":true,"href":"https:\/\/marcoslimma.com.br\/index.php\/wp-json\/wp\/v2\/tags?post=9853"}],"curies":[{"name":"wp","href":"https:\/\/api.w.org\/{rel}","templated":true}]}}