{"id":9849,"date":"2025-11-24T19:26:33","date_gmt":"2025-11-24T22:26:33","guid":{"rendered":"https:\/\/marcoslimma.com.br\/?p=9849"},"modified":"2025-11-24T19:37:33","modified_gmt":"2025-11-24T22:37:33","slug":"anderson-freire-reune-multidao-em-noite-de-fe-e-celebracao-pelos-29-anos-de-peritoro","status":"publish","type":"post","link":"https:\/\/marcoslimma.com.br\/index.php\/2025\/11\/24\/anderson-freire-reune-multidao-em-noite-de-fe-e-celebracao-pelos-29-anos-de-peritoro\/","title":{"rendered":"Anderson Freire re\u00fane multid\u00e3o em noite de f\u00e9 e celebra\u00e7\u00e3o pelos 29 anos de Peritor\u00f3"},"content":{"rendered":"<p data-start=\"0\" data-end=\"88\"><img loading=\"lazy\" decoding=\"async\" class=\"alignnone size-large wp-image-9850\" src=\"https:\/\/marcoslimma.com.br\/wp-content\/uploads\/2025\/11\/f234565d-b538-4834-8e2e-c6558c7bf17a-1024x1024.jpg\" alt=\"\" width=\"1024\" height=\"1024\" srcset=\"https:\/\/marcoslimma.com.br\/wp-content\/uploads\/2025\/11\/f234565d-b538-4834-8e2e-c6558c7bf17a-1024x1024.jpg 1024w, https:\/\/marcoslimma.com.br\/wp-content\/uploads\/2025\/11\/f234565d-b538-4834-8e2e-c6558c7bf17a-300x300.jpg 300w, https:\/\/marcoslimma.com.br\/wp-content\/uploads\/2025\/11\/f234565d-b538-4834-8e2e-c6558c7bf17a-150x150.jpg 150w, https:\/\/marcoslimma.com.br\/wp-content\/uploads\/2025\/11\/f234565d-b538-4834-8e2e-c6558c7bf17a-768x768.jpg 768w, https:\/\/marcoslimma.com.br\/wp-content\/uploads\/2025\/11\/f234565d-b538-4834-8e2e-c6558c7bf17a.jpg 1280w\" sizes=\"auto, (max-width: 1024px) 100vw, 1024px\" \/><\/p>\n<p data-start=\"90\" data-end=\"538\">\u00a0 O cantor gospel <strong>Anderson Freire<\/strong>, um dos maiores nomes da m\u00fasica evang\u00e9lica no pa\u00eds, emocionou uma multid\u00e3o na noite deste domingo (23), durante apresenta\u00e7\u00e3o em <strong>Peritor\u00f3<\/strong>. O show integrou a programa\u00e7\u00e3o oficial dos 29 anos de emancipa\u00e7\u00e3o pol\u00edtica do munic\u00edpio e atraiu fi\u00e9is de diversas regi\u00f5es do <strong>Maranh\u00e3o<\/strong>. Antes da apresenta\u00e7\u00e3o musical, a ministra\u00e7\u00e3o da Palavra ficou a cargo do reverendo pastor <strong>Pedro Cardoso Lindoso<\/strong>, da cidade de <strong>Vit\u00f3ria do Mearim<\/strong>.<\/p>\n<p data-start=\"540\" data-end=\"788\">A noite, marcada por adora\u00e7\u00e3o, f\u00e9 e louvor, reuniu l\u00edderes de todas as igrejas evang\u00e9licas de<strong> Peritor\u00f3<\/strong>. Ao todo, representantes de cerca de 16 denomina\u00e7\u00f5es estiveram presentes, refor\u00e7ando a uni\u00e3o das congrega\u00e7\u00f5es locais em torno da mensagem crist\u00e3.<\/p>\n<p data-start=\"790\" data-end=\"1069\">O evento contou com a presen\u00e7a do prefeito <strong>Dr. J\u00fanior<\/strong>, da primeira-dama <strong>Dra. Samyra<\/strong>, do vice-prefeito <strong>Jhonadson<\/strong> e da segunda-dama do munic\u00edpio. Tamb\u00e9m participaram vereadores da <strong>C\u00e2mara Municipal<\/strong>, al\u00e9m do secret\u00e1rio de Administra\u00e7\u00e3o, <strong>Lucas Rav\u00ed<\/strong>\u00a0e outros convidados.<\/p>\n<p data-start=\"1071\" data-end=\"1363\">Realizada pela <strong>Prefeitura de Peritor\u00f3<\/strong>, em parceria com as igrejas evang\u00e9licas, a programa\u00e7\u00e3o recebeu apoio do <strong>Governo do Estado<\/strong>, do senador <strong>Weverton Rocha<\/strong> e do Secret\u00e1rio Municipalista do Maranh\u00e3o, <strong>Orleans Brand\u00e3o<\/strong>. A festividade encerrou oficialmente as comemora\u00e7\u00f5es do anivers\u00e1rio da cidade.<\/p>\n<p data-start=\"1365\" data-end=\"1971\">Durante o evento, o prefeito <strong>Dr. J\u00fanior<\/strong> destacou a import\u00e2ncia da celebra\u00e7\u00e3o para a comunidade e o significado espiritual do encontro.<br data-start=\"1499\" data-end=\"1502\" \/><strong>\u201cEstamos aqui para encerrar as festividades levando o nome de Deus ao lugar mais alto. Esse \u00e9 o nosso prop\u00f3sito nesta noite. A uni\u00e3o do povo de Deus aqui em Peritor\u00f3 \u00e9 muito linda e importante. Acreditamos que Deus est\u00e1 nos aben\u00e7oando para que possamos ser instrumentos de b\u00ean\u00e7\u00e3os para o nosso povo. S\u00e3o in\u00fameras conquistas para a popula\u00e7\u00e3o, e temos f\u00e9 que, sob a prote\u00e7\u00e3o de Deus, enfrentaremos os desafios e alcan\u00e7aremos ainda mais conquistas para Peritor\u00f3\u201d<\/strong>, afirmou.<\/p>\n<p data-start=\"1973\" data-end=\"2114\" data-is-last-node=\"\" data-is-only-node=\"\">A apresenta\u00e7\u00e3o de <strong>Anderson Freire<\/strong> encerrou a noite com momentos de forte emo\u00e7\u00e3o, marcando mais um cap\u00edtulo especial na hist\u00f3ria do munic\u00edpio.<\/p>\n<p><iframe loading=\"lazy\" title=\"Anderson Freire re\u00fane multid\u00e3o em noite de f\u00e9 e celebra\u00e7\u00e3o pelos 29 anos de Peritor\u00f3\" width=\"500\" height=\"281\" src=\"https:\/\/www.youtube.com\/embed\/rsczws4_4k0?feature=oembed\" frameborder=\"0\" allow=\"accelerometer; autoplay; clipboard-write; encrypted-media; gyroscope; picture-in-picture; web-share\" referrerpolicy=\"strict-origin-when-cross-origin\" allowfullscreen><\/iframe><\/p>\n<p data-start=\"1973\" data-end=\"2114\" data-is-last-node=\"\" data-is-only-node=\"\"><img loading=\"lazy\" decoding=\"async\" class=\"alignnone size-large wp-image-9851\" src=\"https:\/\/marcoslimma.com.br\/wp-content\/uploads\/2025\/11\/044c4e12-8875-4002-83df-fd6b70d510a0-1024x576.jpg\" alt=\"\" width=\"1024\" height=\"576\" srcset=\"https:\/\/marcoslimma.com.br\/wp-content\/uploads\/2025\/11\/044c4e12-8875-4002-83df-fd6b70d510a0-1024x576.jpg 1024w, https:\/\/marcoslimma.com.br\/wp-content\/uploads\/2025\/11\/044c4e12-8875-4002-83df-fd6b70d510a0-300x169.jpg 300w, https:\/\/marcoslimma.com.br\/wp-content\/uploads\/2025\/11\/044c4e12-8875-4002-83df-fd6b70d510a0-768x432.jpg 768w, https:\/\/marcoslimma.com.br\/wp-content\/uploads\/2025\/11\/044c4e12-8875-4002-83df-fd6b70d510a0.jpg 1280w\" sizes=\"auto, (max-width: 1024px) 100vw, 1024px\" \/><\/p>\n","protected":false},"excerpt":{"rendered":"<p>\u00a0 O cantor gospel Anderson Freire, um dos maiores nomes da m\u00fasica evang\u00e9lica no pa\u00eds, emocionou uma multid\u00e3o na noite deste domingo (23), durante apresenta\u00e7\u00e3o em Peritor\u00f3. O show integrou a programa\u00e7\u00e3o&hellip;<\/p>\n","protected":false},"author":2,"featured_media":9850,"comment_status":"open","ping_status":"open","sticky":false,"template":"","format":"standard","meta":{"footnotes":""},"categories":[1],"tags":[],"class_list":["post-9849","post","type-post","status-publish","format-standard","has-post-thumbnail","hentry","category-ultimas-noticias"],"_links":{"self":[{"href":"https:\/\/marcoslimma.com.br\/index.php\/wp-json\/wp\/v2\/posts\/9849","targetHints":{"allow":["GET"]}}],"collection":[{"href":"https:\/\/marcoslimma.com.br\/index.php\/wp-json\/wp\/v2\/posts"}],"about":[{"href":"https:\/\/marcoslimma.com.br\/index.php\/wp-json\/wp\/v2\/types\/post"}],"author":[{"embeddable":true,"href":"https:\/\/marcoslimma.com.br\/index.php\/wp-json\/wp\/v2\/users\/2"}],"replies":[{"embeddable":true,"href":"https:\/\/marcoslimma.com.br\/index.php\/wp-json\/wp\/v2\/comments?post=9849"}],"version-history":[{"count":2,"href":"https:\/\/marcoslimma.com.br\/index.php\/wp-json\/wp\/v2\/posts\/9849\/revisions"}],"predecessor-version":[{"id":9856,"href":"https:\/\/marcoslimma.com.br\/index.php\/wp-json\/wp\/v2\/posts\/9849\/revisions\/9856"}],"wp:featuredmedia":[{"embeddable":true,"href":"https:\/\/marcoslimma.com.br\/index.php\/wp-json\/wp\/v2\/media\/9850"}],"wp:attachment":[{"href":"https:\/\/marcoslimma.com.br\/index.php\/wp-json\/wp\/v2\/media?parent=9849"}],"wp:term":[{"taxonomy":"category","embeddable":true,"href":"https:\/\/marcoslimma.com.br\/index.php\/wp-json\/wp\/v2\/categories?post=9849"},{"taxonomy":"post_tag","embeddable":true,"href":"https:\/\/marcoslimma.com.br\/index.php\/wp-json\/wp\/v2\/tags?post=9849"}],"curies":[{"name":"wp","href":"https:\/\/api.w.org\/{rel}","templated":true}]}}