{"id":9846,"date":"2025-11-24T18:15:35","date_gmt":"2025-11-24T21:15:35","guid":{"rendered":"https:\/\/marcoslimma.com.br\/?p=9846"},"modified":"2025-11-24T18:15:35","modified_gmt":"2025-11-24T21:15:35","slug":"pedreiras-iniciada-campanha-de-vacinacao-contra-brucelose-em-rebanhos","status":"publish","type":"post","link":"https:\/\/marcoslimma.com.br\/index.php\/2025\/11\/24\/pedreiras-iniciada-campanha-de-vacinacao-contra-brucelose-em-rebanhos\/","title":{"rendered":"PEDREIRAS: INICIADA CAMPANHA DE VACINA\u00c7\u00c3O CONTRA BRUCELOSE EM REBANHOS."},"content":{"rendered":"<p><img loading=\"lazy\" decoding=\"async\" class=\"alignnone size-large wp-image-9847\" src=\"https:\/\/marcoslimma.com.br\/wp-content\/uploads\/2025\/11\/d476a85c-20d2-42d0-ad09-a0bf6745db0f-1024x1024.jpg\" alt=\"\" width=\"1024\" height=\"1024\" srcset=\"https:\/\/marcoslimma.com.br\/wp-content\/uploads\/2025\/11\/d476a85c-20d2-42d0-ad09-a0bf6745db0f-1024x1024.jpg 1024w, https:\/\/marcoslimma.com.br\/wp-content\/uploads\/2025\/11\/d476a85c-20d2-42d0-ad09-a0bf6745db0f-300x300.jpg 300w, https:\/\/marcoslimma.com.br\/wp-content\/uploads\/2025\/11\/d476a85c-20d2-42d0-ad09-a0bf6745db0f-150x150.jpg 150w, https:\/\/marcoslimma.com.br\/wp-content\/uploads\/2025\/11\/d476a85c-20d2-42d0-ad09-a0bf6745db0f-768x768.jpg 768w, https:\/\/marcoslimma.com.br\/wp-content\/uploads\/2025\/11\/d476a85c-20d2-42d0-ad09-a0bf6745db0f.jpg 1280w\" sizes=\"auto, (max-width: 1024px) 100vw, 1024px\" \/><\/p>\n<p>A Campanha de Vacina\u00e7\u00e3o Contra a Brucelose foi realizada no povoado Pacas, zona rural de Pedreiras, atrav\u00e9s de uma parceria entre o Governo do Maranh\u00e3o e a Prefeitura Municipal, por meio da Secretaria Municipal de Agricultura.<\/p>\n<p>A a\u00e7\u00e3o refor\u00e7a o compromisso do Estado e do Munic\u00edpio com a sa\u00fade animal e o fortalecimento da pecu\u00e1ria local, garantindo mais seguran\u00e7a sanit\u00e1ria para os rebanhos e protegendo tamb\u00e9m a sa\u00fade p\u00fablica. A vacina\u00e7\u00e3o contra a brucelose \u00e9 fundamental para prevenir a doen\u00e7a, que pode causar preju\u00edzos \u00e0 produ\u00e7\u00e3o, abortos em bovinos e tamb\u00e9m representar riscos para o ser humano.<\/p>\n<p>Durante a campanha, t\u00e9cnicos e profissionais estiveram ministrando uma palestra com os criadores de rebanhos enfatizando sobre a import\u00e2ncia da campanha.<\/p>\n<p>Na oportunidade estiveram presentes a prefeita Vanessa Maia ,o deputado Fred Maia, vereadores Gard Furtado e Adonias Quineiro e o secret\u00e1rio de agricultura do munic\u00edpio Marcos Alves.<\/p>\n<p>Durante o encontro o deputado Fred Maia destacou sobre a import\u00e2ncia da campanha e deu uma boa not\u00edcia aos presentes, pois o governador Carlos Brand\u00e3o beneficiar\u00e1 Pedreiras com dois tratores para o servi\u00e7o de arado que o munic\u00edpio j\u00e1 executa que \u00e9 o &#8220;Arado a custo Zero&#8221; programa criado na gest\u00e3o tempo de reconstruir que n\u00e3o cobra o servi\u00e7o de aradagem dos produtores.<\/p>\n<p>Com iniciativas como essa, o Governo do Maranh\u00e3o e a Prefeitura de Pedreiras, por meio da Secretaria de Agricultura, seguem fortalecendo o homem e a mulher do campo, promovendo mais qualidade, produtividade e seguran\u00e7a para a popula\u00e7\u00e3o rural.<\/p>\n","protected":false},"excerpt":{"rendered":"<p>A Campanha de Vacina\u00e7\u00e3o Contra a Brucelose foi realizada no povoado Pacas, zona rural de Pedreiras, atrav\u00e9s de uma parceria entre o Governo do Maranh\u00e3o e a Prefeitura Municipal, por meio da&hellip;<\/p>\n","protected":false},"author":2,"featured_media":9847,"comment_status":"open","ping_status":"open","sticky":false,"template":"","format":"standard","meta":{"footnotes":""},"categories":[1],"tags":[],"class_list":["post-9846","post","type-post","status-publish","format-standard","has-post-thumbnail","hentry","category-ultimas-noticias"],"_links":{"self":[{"href":"https:\/\/marcoslimma.com.br\/index.php\/wp-json\/wp\/v2\/posts\/9846","targetHints":{"allow":["GET"]}}],"collection":[{"href":"https:\/\/marcoslimma.com.br\/index.php\/wp-json\/wp\/v2\/posts"}],"about":[{"href":"https:\/\/marcoslimma.com.br\/index.php\/wp-json\/wp\/v2\/types\/post"}],"author":[{"embeddable":true,"href":"https:\/\/marcoslimma.com.br\/index.php\/wp-json\/wp\/v2\/users\/2"}],"replies":[{"embeddable":true,"href":"https:\/\/marcoslimma.com.br\/index.php\/wp-json\/wp\/v2\/comments?post=9846"}],"version-history":[{"count":1,"href":"https:\/\/marcoslimma.com.br\/index.php\/wp-json\/wp\/v2\/posts\/9846\/revisions"}],"predecessor-version":[{"id":9848,"href":"https:\/\/marcoslimma.com.br\/index.php\/wp-json\/wp\/v2\/posts\/9846\/revisions\/9848"}],"wp:featuredmedia":[{"embeddable":true,"href":"https:\/\/marcoslimma.com.br\/index.php\/wp-json\/wp\/v2\/media\/9847"}],"wp:attachment":[{"href":"https:\/\/marcoslimma.com.br\/index.php\/wp-json\/wp\/v2\/media?parent=9846"}],"wp:term":[{"taxonomy":"category","embeddable":true,"href":"https:\/\/marcoslimma.com.br\/index.php\/wp-json\/wp\/v2\/categories?post=9846"},{"taxonomy":"post_tag","embeddable":true,"href":"https:\/\/marcoslimma.com.br\/index.php\/wp-json\/wp\/v2\/tags?post=9846"}],"curies":[{"name":"wp","href":"https:\/\/api.w.org\/{rel}","templated":true}]}}