{"id":9837,"date":"2025-11-23T11:08:25","date_gmt":"2025-11-23T14:08:25","guid":{"rendered":"https:\/\/marcoslimma.com.br\/?p=9837"},"modified":"2025-11-23T11:08:25","modified_gmt":"2025-11-23T14:08:25","slug":"prefeito-dr-junior-e-secretario-orleans-brandao-participam-de-entrega-de-obras-durante-programacao-dos-29-anos-de-peritoro","status":"publish","type":"post","link":"https:\/\/marcoslimma.com.br\/index.php\/2025\/11\/23\/prefeito-dr-junior-e-secretario-orleans-brandao-participam-de-entrega-de-obras-durante-programacao-dos-29-anos-de-peritoro\/","title":{"rendered":"Prefeito Dr. J\u00fanior e Secret\u00e1rio Orleans Brand\u00e3o participam de entrega de obras durante programa\u00e7\u00e3o dos 29 anos de Peritor\u00f3"},"content":{"rendered":"<p><img loading=\"lazy\" decoding=\"async\" class=\"alignnone size-large wp-image-9838\" src=\"https:\/\/marcoslimma.com.br\/wp-content\/uploads\/2025\/11\/21aeba3c-1812-4d5e-8337-5e97a5ed9d25-1024x1024.jpg\" alt=\"\" width=\"1024\" height=\"1024\" srcset=\"https:\/\/marcoslimma.com.br\/wp-content\/uploads\/2025\/11\/21aeba3c-1812-4d5e-8337-5e97a5ed9d25-1024x1024.jpg 1024w, https:\/\/marcoslimma.com.br\/wp-content\/uploads\/2025\/11\/21aeba3c-1812-4d5e-8337-5e97a5ed9d25-300x300.jpg 300w, https:\/\/marcoslimma.com.br\/wp-content\/uploads\/2025\/11\/21aeba3c-1812-4d5e-8337-5e97a5ed9d25-150x150.jpg 150w, https:\/\/marcoslimma.com.br\/wp-content\/uploads\/2025\/11\/21aeba3c-1812-4d5e-8337-5e97a5ed9d25-768x768.jpg 768w, https:\/\/marcoslimma.com.br\/wp-content\/uploads\/2025\/11\/21aeba3c-1812-4d5e-8337-5e97a5ed9d25.jpg 1439w\" sizes=\"auto, (max-width: 1024px) 100vw, 1024px\" \/><\/p>\n<p>&nbsp;<\/p>\n<p>A programa\u00e7\u00e3o oficial dos 29 anos de emancipa\u00e7\u00e3o pol\u00edtica de<strong> Peritor\u00f3<\/strong> foi marcada por uma s\u00e9rie de inaugura\u00e7\u00f5es, a\u00e7\u00f5es sociais e celebra\u00e7\u00f5es que refor\u00e7aram o compromisso da gest\u00e3o municipal com o desenvolvimento da cidade. Entre os presentes nos atos oficiais estiveram o vice-presidente da FAMEM prefeito <strong>Dr. J\u00fanior<\/strong> o vice-prefeito <strong>Jhonadson<\/strong> e o secret\u00e1rio municipalista <strong>Orleans Brand\u00e3o<\/strong>, que juntos participaram da entrega de importantes obras e servi\u00e7os \u00e0 popula\u00e7\u00e3o.<\/p>\n<p>Al\u00e9m deles estiveram presentes: o deputado estadual <strong>Francisco Nagib<\/strong>, prefeito de Trizidela do Vale <strong>Deibson Bal\u00e9<\/strong>, prefeito de Cod\u00f3 <strong>Chiquinho FC<\/strong>, prefeita de Santo Antonio dos Lopes<strong> Cibele Napole\u00e3o<\/strong>, subsecret\u00e1rio de Estado da Secretaria de Articula\u00e7\u00e3o Pol\u00edtica (SECAP) <strong>Bigu de Oliveira<\/strong>, Secret\u00e1rio de Estado da Agricultura e Pecu\u00e1ria do Maranh\u00e3o (SAGRIMA) <strong>Fabio Gentil<\/strong>, presidenta da <strong>C\u00e2mara Municipal de Peritor\u00f3 Dona Lurdes<\/strong> e os demais vereadores do munic\u00edpio e uma grande quantidade de pessoas que foram prestigiar esse momento<\/p>\n<p>As atividades ocorreram neste s\u00e1bado (22), iniciando ainda ao amanhecer com a Corrida do Progresso, em seguida a cerim\u00f4nia em comemora\u00e7\u00e3o ao anivers\u00e1rio do munic\u00edpio, esse ato foi realizado em frente ao <strong>Col\u00e9gio Militar, na Rua do Meio<\/strong> centro da cidade. Durante o evento, foram entregues 327 \u00f3culos por meio do Programa Cuidar dos Olhos, entrega de 42 cart\u00f5es do Programa SEMEAR e novos benef\u00edcios do programa <strong>Maranh\u00e3o<\/strong> Livre da Fome, em parceria com o <strong>Governo do Estado.<\/strong><\/p>\n<p>O prefeito <strong>Dr. J\u00fanior<\/strong> e o secret\u00e1rio<strong> Orleans Brand\u00e3o<\/strong> acompanharam de perto cada etapa da programa\u00e7\u00e3o, que incluiu um grande mutir\u00e3o de atendimentos oftalmol\u00f3gicos, totalizando 500 consultas, refor\u00e7ando o cuidado com a sa\u00fade da popula\u00e7\u00e3o peritoroense.<\/p>\n<p>No setor de infraestrutura, v\u00e1rias obras foram inauguradas ao longo da manh\u00e3. Entre elas, o Farol do Saber, a Esta\u00e7\u00e3o Tech, a nova cobertura da quadra da <strong>Escola Dulce Almeida<\/strong>, al\u00e9m da revitaliza\u00e7\u00e3o da <strong>Avenida Filipinho<\/strong> e a entrega da pavimenta\u00e7\u00e3o asf\u00e1ltica de diversos trechos da cidade. Tamb\u00e9m foram entregues \u00e0 comunidade o <strong>Largo do Dinor<\/strong> e a <strong>Avenida Brasil<\/strong>, que passaram por melhorias estruturais.<\/p>\n<p><strong>Dr. J\u00fanior<\/strong> destacou que os investimentos fazem parte do compromisso da gest\u00e3o em transformar <strong>Peritor\u00f3<\/strong> em uma cidade mais moderna e acolhedora. <strong>Orleans Brand\u00e3o<\/strong> refor\u00e7ou que o trabalho conjunto entre as secretarias fortalece as pol\u00edticas p\u00fablicas e garante resultados concretos para a popula\u00e7\u00e3o.<\/p>\n<p>As comemora\u00e7\u00f5es continuam com atra\u00e7\u00f5es culturais, religiosas e shows que movimentam todo o munic\u00edpio, consolidando o anivers\u00e1rio de 29 anos de Peritor\u00f3 como um dos mais marcantes da hist\u00f3ria recente da cidade.<\/p>\n<p><iframe loading=\"lazy\" title=\" Dr. J\u00fanior e Orleans participam de entrega de obras durante programa\u00e7\u00e3o dos 29 anos de Peritor\u00f3\" width=\"500\" height=\"281\" src=\"https:\/\/www.youtube.com\/embed\/iHT-5Ot1GaU?feature=oembed\" frameborder=\"0\" allow=\"accelerometer; autoplay; clipboard-write; encrypted-media; gyroscope; picture-in-picture; web-share\" referrerpolicy=\"strict-origin-when-cross-origin\" allowfullscreen><\/iframe><\/p>\n<p><img loading=\"lazy\" decoding=\"async\" class=\"alignnone size-large wp-image-9839\" src=\"https:\/\/marcoslimma.com.br\/wp-content\/uploads\/2025\/11\/710125ae-2919-48eb-b7a9-0c498440bdff-1024x1024.jpg\" alt=\"\" width=\"1024\" height=\"1024\" srcset=\"https:\/\/marcoslimma.com.br\/wp-content\/uploads\/2025\/11\/710125ae-2919-48eb-b7a9-0c498440bdff-1024x1024.jpg 1024w, https:\/\/marcoslimma.com.br\/wp-content\/uploads\/2025\/11\/710125ae-2919-48eb-b7a9-0c498440bdff-300x300.jpg 300w, https:\/\/marcoslimma.com.br\/wp-content\/uploads\/2025\/11\/710125ae-2919-48eb-b7a9-0c498440bdff-150x150.jpg 150w, https:\/\/marcoslimma.com.br\/wp-content\/uploads\/2025\/11\/710125ae-2919-48eb-b7a9-0c498440bdff-768x768.jpg 768w, https:\/\/marcoslimma.com.br\/wp-content\/uploads\/2025\/11\/710125ae-2919-48eb-b7a9-0c498440bdff.jpg 1280w\" sizes=\"auto, (max-width: 1024px) 100vw, 1024px\" \/><\/p>\n","protected":false},"excerpt":{"rendered":"<p>&nbsp; A programa\u00e7\u00e3o oficial dos 29 anos de emancipa\u00e7\u00e3o pol\u00edtica de Peritor\u00f3 foi marcada por uma s\u00e9rie de inaugura\u00e7\u00f5es, a\u00e7\u00f5es sociais e celebra\u00e7\u00f5es que refor\u00e7aram o compromisso da gest\u00e3o municipal com o&hellip;<\/p>\n","protected":false},"author":2,"featured_media":9838,"comment_status":"open","ping_status":"open","sticky":false,"template":"","format":"standard","meta":{"footnotes":""},"categories":[1],"tags":[],"class_list":["post-9837","post","type-post","status-publish","format-standard","has-post-thumbnail","hentry","category-ultimas-noticias"],"_links":{"self":[{"href":"https:\/\/marcoslimma.com.br\/index.php\/wp-json\/wp\/v2\/posts\/9837","targetHints":{"allow":["GET"]}}],"collection":[{"href":"https:\/\/marcoslimma.com.br\/index.php\/wp-json\/wp\/v2\/posts"}],"about":[{"href":"https:\/\/marcoslimma.com.br\/index.php\/wp-json\/wp\/v2\/types\/post"}],"author":[{"embeddable":true,"href":"https:\/\/marcoslimma.com.br\/index.php\/wp-json\/wp\/v2\/users\/2"}],"replies":[{"embeddable":true,"href":"https:\/\/marcoslimma.com.br\/index.php\/wp-json\/wp\/v2\/comments?post=9837"}],"version-history":[{"count":1,"href":"https:\/\/marcoslimma.com.br\/index.php\/wp-json\/wp\/v2\/posts\/9837\/revisions"}],"predecessor-version":[{"id":9840,"href":"https:\/\/marcoslimma.com.br\/index.php\/wp-json\/wp\/v2\/posts\/9837\/revisions\/9840"}],"wp:featuredmedia":[{"embeddable":true,"href":"https:\/\/marcoslimma.com.br\/index.php\/wp-json\/wp\/v2\/media\/9838"}],"wp:attachment":[{"href":"https:\/\/marcoslimma.com.br\/index.php\/wp-json\/wp\/v2\/media?parent=9837"}],"wp:term":[{"taxonomy":"category","embeddable":true,"href":"https:\/\/marcoslimma.com.br\/index.php\/wp-json\/wp\/v2\/categories?post=9837"},{"taxonomy":"post_tag","embeddable":true,"href":"https:\/\/marcoslimma.com.br\/index.php\/wp-json\/wp\/v2\/tags?post=9837"}],"curies":[{"name":"wp","href":"https:\/\/api.w.org\/{rel}","templated":true}]}}