{"id":9834,"date":"2025-11-22T16:56:32","date_gmt":"2025-11-22T19:56:32","guid":{"rendered":"https:\/\/marcoslimma.com.br\/?p=9834"},"modified":"2025-11-22T16:56:32","modified_gmt":"2025-11-22T19:56:32","slug":"guarda-municipal-de-peritoro-reforca-seguranca-com-viatura-e-ganha-reconhecimento-da-populacao","status":"publish","type":"post","link":"https:\/\/marcoslimma.com.br\/index.php\/2025\/11\/22\/guarda-municipal-de-peritoro-reforca-seguranca-com-viatura-e-ganha-reconhecimento-da-populacao\/","title":{"rendered":"Guarda Municipal de Peritor\u00f3 refor\u00e7a seguran\u00e7a com viatura e ganha reconhecimento da popula\u00e7\u00e3o"},"content":{"rendered":"<p><img loading=\"lazy\" decoding=\"async\" class=\"alignnone size-large wp-image-9835\" src=\"https:\/\/marcoslimma.com.br\/wp-content\/uploads\/2025\/11\/99769906-f8f9-4c83-8929-4f6cebe38e94-1024x1024.jpg\" alt=\"\" width=\"1024\" height=\"1024\" srcset=\"https:\/\/marcoslimma.com.br\/wp-content\/uploads\/2025\/11\/99769906-f8f9-4c83-8929-4f6cebe38e94-1024x1024.jpg 1024w, https:\/\/marcoslimma.com.br\/wp-content\/uploads\/2025\/11\/99769906-f8f9-4c83-8929-4f6cebe38e94-300x300.jpg 300w, https:\/\/marcoslimma.com.br\/wp-content\/uploads\/2025\/11\/99769906-f8f9-4c83-8929-4f6cebe38e94-150x150.jpg 150w, https:\/\/marcoslimma.com.br\/wp-content\/uploads\/2025\/11\/99769906-f8f9-4c83-8929-4f6cebe38e94-768x768.jpg 768w, https:\/\/marcoslimma.com.br\/wp-content\/uploads\/2025\/11\/99769906-f8f9-4c83-8929-4f6cebe38e94.jpg 1280w\" sizes=\"auto, (max-width: 1024px) 100vw, 1024px\" \/><\/p>\n<p>&nbsp;<\/p>\n<p>A viatura da <strong>Guarda Comunit\u00e1ria Municipal de Peritor\u00f3<\/strong> tem desempenhado um papel fundamental no refor\u00e7o da seguran\u00e7a p\u00fablica do munic\u00edpio. Com a\u00e7\u00f5es constantes de patrulhamento e apoio \u00e0s demandas da comunidade, o ve\u00edculo tem ampliado a capacidade de resposta da corpora\u00e7\u00e3o, garantindo mais tranquilidade aos moradores.<\/p>\n<p>A equipe da <strong>Guarda Comunit\u00e1ria Municipal<\/strong> \u00e9 formada por GCMs altamente competentes e eficientes, que atuam com profissionalismo e dedica\u00e7\u00e3o no dia a dia. O trabalho desenvolvido pelos agentes tem contribu\u00eddo de forma significativa para a redu\u00e7\u00e3o de situa\u00e7\u00f5es de risco e para o fortalecimento da sensa\u00e7\u00e3o de seguran\u00e7a entre os peritoroenses.<\/p>\n<p>O desempenho da corpora\u00e7\u00e3o conta com o apoio direto da <strong>Prefeitura Municipal de Peritor\u00f3<\/strong>, que tem investido em estrutura, equipamentos e valoriza\u00e7\u00e3o dos guardas, reconhecendo a import\u00e2ncia do servi\u00e7o prestado. Esse compromisso tem refletido no reconhecimento crescente da popula\u00e7\u00e3o, que v\u00ea na <strong>Guarda Municipal<\/strong> uma aliada indispens\u00e1vel na prote\u00e7\u00e3o do patrim\u00f4nio p\u00fablico e no cuidado com a comunidade.<\/p>\n<p>Parab\u00e9ns a todos os her\u00f3is e hero\u00ednas que fazem a <strong>Guarda Comunit\u00e1ria Municipal de Peritor\u00f3<\/strong> \u2014 profissionais que, com coragem e responsabilidade, est\u00e3o sempre prontos para servir e proteger.<\/p>\n","protected":false},"excerpt":{"rendered":"<p>&nbsp; A viatura da Guarda Comunit\u00e1ria Municipal de Peritor\u00f3 tem desempenhado um papel fundamental no refor\u00e7o da seguran\u00e7a p\u00fablica do munic\u00edpio. Com a\u00e7\u00f5es constantes de patrulhamento e apoio \u00e0s demandas da comunidade,&hellip;<\/p>\n","protected":false},"author":2,"featured_media":9835,"comment_status":"open","ping_status":"open","sticky":false,"template":"","format":"standard","meta":{"footnotes":""},"categories":[1],"tags":[],"class_list":["post-9834","post","type-post","status-publish","format-standard","has-post-thumbnail","hentry","category-ultimas-noticias"],"_links":{"self":[{"href":"https:\/\/marcoslimma.com.br\/index.php\/wp-json\/wp\/v2\/posts\/9834","targetHints":{"allow":["GET"]}}],"collection":[{"href":"https:\/\/marcoslimma.com.br\/index.php\/wp-json\/wp\/v2\/posts"}],"about":[{"href":"https:\/\/marcoslimma.com.br\/index.php\/wp-json\/wp\/v2\/types\/post"}],"author":[{"embeddable":true,"href":"https:\/\/marcoslimma.com.br\/index.php\/wp-json\/wp\/v2\/users\/2"}],"replies":[{"embeddable":true,"href":"https:\/\/marcoslimma.com.br\/index.php\/wp-json\/wp\/v2\/comments?post=9834"}],"version-history":[{"count":1,"href":"https:\/\/marcoslimma.com.br\/index.php\/wp-json\/wp\/v2\/posts\/9834\/revisions"}],"predecessor-version":[{"id":9836,"href":"https:\/\/marcoslimma.com.br\/index.php\/wp-json\/wp\/v2\/posts\/9834\/revisions\/9836"}],"wp:featuredmedia":[{"embeddable":true,"href":"https:\/\/marcoslimma.com.br\/index.php\/wp-json\/wp\/v2\/media\/9835"}],"wp:attachment":[{"href":"https:\/\/marcoslimma.com.br\/index.php\/wp-json\/wp\/v2\/media?parent=9834"}],"wp:term":[{"taxonomy":"category","embeddable":true,"href":"https:\/\/marcoslimma.com.br\/index.php\/wp-json\/wp\/v2\/categories?post=9834"},{"taxonomy":"post_tag","embeddable":true,"href":"https:\/\/marcoslimma.com.br\/index.php\/wp-json\/wp\/v2\/tags?post=9834"}],"curies":[{"name":"wp","href":"https:\/\/api.w.org\/{rel}","templated":true}]}}