{"id":9829,"date":"2025-11-21T19:59:41","date_gmt":"2025-11-21T22:59:41","guid":{"rendered":"https:\/\/marcoslimma.com.br\/?p=9829"},"modified":"2025-11-21T20:02:40","modified_gmt":"2025-11-21T23:02:40","slug":"juscelino-filho-ao-lado-do-prefeito-dr-junior-garante-mais-obras-para-peritoro-durante-comemoracao-historica","status":"publish","type":"post","link":"https:\/\/marcoslimma.com.br\/index.php\/2025\/11\/21\/juscelino-filho-ao-lado-do-prefeito-dr-junior-garante-mais-obras-para-peritoro-durante-comemoracao-historica\/","title":{"rendered":"Juscelino Filho ao lado do prefeito Dr. Junior garante mais obras para Peritor\u00f3 durante comemora\u00e7\u00e3o hist\u00f3rica"},"content":{"rendered":"<p data-start=\"119\" data-end=\"454\"><img loading=\"lazy\" decoding=\"async\" class=\"alignnone size-large wp-image-9830\" src=\"https:\/\/marcoslimma.com.br\/wp-content\/uploads\/2025\/11\/d9729395-7c3d-465f-aa93-a1d8fa484a1f-1024x730.jpeg\" alt=\"\" width=\"1024\" height=\"730\" srcset=\"https:\/\/marcoslimma.com.br\/wp-content\/uploads\/2025\/11\/d9729395-7c3d-465f-aa93-a1d8fa484a1f-1024x730.jpeg 1024w, https:\/\/marcoslimma.com.br\/wp-content\/uploads\/2025\/11\/d9729395-7c3d-465f-aa93-a1d8fa484a1f-300x214.jpeg 300w, https:\/\/marcoslimma.com.br\/wp-content\/uploads\/2025\/11\/d9729395-7c3d-465f-aa93-a1d8fa484a1f-768x548.jpeg 768w, https:\/\/marcoslimma.com.br\/wp-content\/uploads\/2025\/11\/d9729395-7c3d-465f-aa93-a1d8fa484a1f.jpeg 1440w\" sizes=\"auto, (max-width: 1024px) 100vw, 1024px\" \/><\/p>\n<p data-start=\"119\" data-end=\"454\">\u00a0 Na noite desta quinta-feira (20), o deputado federal <strong>Juscelino Filho<\/strong> participou das comemora\u00e7\u00f5es pelos 29 anos de emancipa\u00e7\u00e3o pol\u00edtica do munic\u00edpio de <strong>Peritor\u00f3<\/strong>. Ao lado do prefeito<strong> Dr. J\u00fanior<\/strong>, o parlamentar destacou o excelente trabalho que vem sendo desenvolvido pela gest\u00e3o municipal e reafirmou seu compromisso com a cidade.<\/p>\n<p data-start=\"456\" data-end=\"639\"><strong>Juscelino Filho<\/strong> ressaltou a satisfa\u00e7\u00e3o em ver os recursos destinados ao munic\u00edpio sendo aplicados com responsabilidade, qualidade e voltados diretamente para o bem-estar da popula\u00e7\u00e3o.<\/p>\n<p data-start=\"641\" data-end=\"1134\"><strong>\u201cMe sinto muito feliz em retornar a Peritor\u00f3 e ver o bom momento que a cidade vive, tendo um gestor comprometido com o povo e uma equipe de governo muito competente. Quero parabenizar o meu amigo prefeito e, em especial, a popula\u00e7\u00e3o, por terem um gestor que entrega resultados na educa\u00e7\u00e3o, infraestrutura, sa\u00fade. Como deputado federal, espero estar ainda mais perto de Peritor\u00f3, ajudando o governo municipal e trazendo mais obras que beneficiem o povo peritoroense\u201d<\/strong>, afirmou o parlamentar.<\/p>\n<p data-start=\"1136\" data-end=\"1268\">O prefeito <strong>Dr. J\u00fanior<\/strong> agradeceu a presen\u00e7a do deputado e refor\u00e7ou a import\u00e2ncia dessa parceria para o desenvolvimento da cidade.<\/p>\n<p data-start=\"1270\" data-end=\"1559\">\u201c<strong>O deputado Juscelino Filho \u00e9 um parceiro, um irm\u00e3o. Ele j\u00e1 vem contribuindo com Peritor\u00f3 atrav\u00e9s de emendas parlamentares que refor\u00e7aram \u00e1reas como sa\u00fade e estradas vicinais. Juscelino tem ajudado o povo de Peritor\u00f3, e o povo \u00e9 grato e saber\u00e1 retribuir essa ajuda\u201d<\/strong>, destacou o gestor.<\/p>\n<p data-start=\"1561\" data-end=\"1872\">A noite contou tamb\u00e9m com a presen\u00e7a do deputado estadual <strong>Francisco Nagib<\/strong>, do prefeito de Trizidela do Vale <strong>Deibson Bal\u00e9<\/strong>, do ex-prefeito de S\u00e3o Mateus <strong>Ivo Rezende<\/strong>, do prefeito de Morros, <strong>Para\u00edba<\/strong>, al\u00e9m de vereadores e uma grande multid\u00e3o que prestigiou o importante momento na hist\u00f3ria da cidade.<\/p>\n<p data-start=\"1874\" data-end=\"2063\">As comemora\u00e7\u00f5es foram encerradas com grandes apresenta\u00e7\u00f5es musicais, incluindo <strong>Nattanzinho<\/strong>, <strong>The Fevers, Desejo de Menina<\/strong> e DJ <strong>Rog\u00e9rio Mix<\/strong>, que animaram o p\u00fablico at\u00e9 o fim da festa.<\/p>\n<p><iframe loading=\"lazy\" title=\"DEPUTADO FEDERAL JUSCELINO FILHO PRESTIGIA FESTA DE ANIVERS\u00c1RIO DE PERITOR\u00d3\" width=\"500\" height=\"281\" src=\"https:\/\/www.youtube.com\/embed\/z2uKG0wfNSk?feature=oembed\" frameborder=\"0\" allow=\"accelerometer; autoplay; clipboard-write; encrypted-media; gyroscope; picture-in-picture; web-share\" referrerpolicy=\"strict-origin-when-cross-origin\" allowfullscreen><\/iframe><\/p>\n<p data-start=\"1874\" data-end=\"2063\"><img loading=\"lazy\" decoding=\"async\" class=\"alignnone size-large wp-image-9827\" src=\"https:\/\/marcoslimma.com.br\/wp-content\/uploads\/2025\/11\/69b9e1da-efbf-4fc6-a6e7-550507feea31-1024x731.jpeg\" alt=\"\" width=\"1024\" height=\"731\" srcset=\"https:\/\/marcoslimma.com.br\/wp-content\/uploads\/2025\/11\/69b9e1da-efbf-4fc6-a6e7-550507feea31-1024x731.jpeg 1024w, https:\/\/marcoslimma.com.br\/wp-content\/uploads\/2025\/11\/69b9e1da-efbf-4fc6-a6e7-550507feea31-300x214.jpeg 300w, https:\/\/marcoslimma.com.br\/wp-content\/uploads\/2025\/11\/69b9e1da-efbf-4fc6-a6e7-550507feea31-768x548.jpeg 768w, https:\/\/marcoslimma.com.br\/wp-content\/uploads\/2025\/11\/69b9e1da-efbf-4fc6-a6e7-550507feea31.jpeg 1440w\" sizes=\"auto, (max-width: 1024px) 100vw, 1024px\" \/><\/p>\n","protected":false},"excerpt":{"rendered":"<p>\u00a0 Na noite desta quinta-feira (20), o deputado federal Juscelino Filho participou das comemora\u00e7\u00f5es pelos 29 anos de emancipa\u00e7\u00e3o pol\u00edtica do munic\u00edpio de Peritor\u00f3. Ao lado do prefeito Dr. J\u00fanior, o parlamentar&hellip;<\/p>\n","protected":false},"author":2,"featured_media":9830,"comment_status":"open","ping_status":"open","sticky":false,"template":"","format":"standard","meta":{"footnotes":""},"categories":[1],"tags":[],"class_list":["post-9829","post","type-post","status-publish","format-standard","has-post-thumbnail","hentry","category-ultimas-noticias"],"_links":{"self":[{"href":"https:\/\/marcoslimma.com.br\/index.php\/wp-json\/wp\/v2\/posts\/9829","targetHints":{"allow":["GET"]}}],"collection":[{"href":"https:\/\/marcoslimma.com.br\/index.php\/wp-json\/wp\/v2\/posts"}],"about":[{"href":"https:\/\/marcoslimma.com.br\/index.php\/wp-json\/wp\/v2\/types\/post"}],"author":[{"embeddable":true,"href":"https:\/\/marcoslimma.com.br\/index.php\/wp-json\/wp\/v2\/users\/2"}],"replies":[{"embeddable":true,"href":"https:\/\/marcoslimma.com.br\/index.php\/wp-json\/wp\/v2\/comments?post=9829"}],"version-history":[{"count":3,"href":"https:\/\/marcoslimma.com.br\/index.php\/wp-json\/wp\/v2\/posts\/9829\/revisions"}],"predecessor-version":[{"id":9833,"href":"https:\/\/marcoslimma.com.br\/index.php\/wp-json\/wp\/v2\/posts\/9829\/revisions\/9833"}],"wp:featuredmedia":[{"embeddable":true,"href":"https:\/\/marcoslimma.com.br\/index.php\/wp-json\/wp\/v2\/media\/9830"}],"wp:attachment":[{"href":"https:\/\/marcoslimma.com.br\/index.php\/wp-json\/wp\/v2\/media?parent=9829"}],"wp:term":[{"taxonomy":"category","embeddable":true,"href":"https:\/\/marcoslimma.com.br\/index.php\/wp-json\/wp\/v2\/categories?post=9829"},{"taxonomy":"post_tag","embeddable":true,"href":"https:\/\/marcoslimma.com.br\/index.php\/wp-json\/wp\/v2\/tags?post=9829"}],"curies":[{"name":"wp","href":"https:\/\/api.w.org\/{rel}","templated":true}]}}