{"id":9826,"date":"2025-11-21T18:41:37","date_gmt":"2025-11-21T21:41:37","guid":{"rendered":"https:\/\/marcoslimma.com.br\/?p=9826"},"modified":"2025-11-21T18:41:37","modified_gmt":"2025-11-21T21:41:37","slug":"prefeito-deibson-bale-prestigia-o-29-aniversario-de-peritoro-ao-lado-de-dr-junior-e-demais-amigos","status":"publish","type":"post","link":"https:\/\/marcoslimma.com.br\/index.php\/2025\/11\/21\/prefeito-deibson-bale-prestigia-o-29-aniversario-de-peritoro-ao-lado-de-dr-junior-e-demais-amigos\/","title":{"rendered":"Prefeito Deibson Bal\u00e9 prestigia o 29\u00b0 anivers\u00e1rio de Peritor\u00f3 ao lado de Dr. J\u00fanior e demais amigos"},"content":{"rendered":"<p data-start=\"100\" data-end=\"316\"><img loading=\"lazy\" decoding=\"async\" class=\"alignnone size-large wp-image-9827\" src=\"https:\/\/marcoslimma.com.br\/wp-content\/uploads\/2025\/11\/69b9e1da-efbf-4fc6-a6e7-550507feea31-1024x731.jpeg\" alt=\"\" width=\"1024\" height=\"731\" srcset=\"https:\/\/marcoslimma.com.br\/wp-content\/uploads\/2025\/11\/69b9e1da-efbf-4fc6-a6e7-550507feea31-1024x731.jpeg 1024w, https:\/\/marcoslimma.com.br\/wp-content\/uploads\/2025\/11\/69b9e1da-efbf-4fc6-a6e7-550507feea31-300x214.jpeg 300w, https:\/\/marcoslimma.com.br\/wp-content\/uploads\/2025\/11\/69b9e1da-efbf-4fc6-a6e7-550507feea31-768x548.jpeg 768w, https:\/\/marcoslimma.com.br\/wp-content\/uploads\/2025\/11\/69b9e1da-efbf-4fc6-a6e7-550507feea31.jpeg 1440w\" sizes=\"auto, (max-width: 1024px) 100vw, 1024px\" \/><\/p>\n<p data-start=\"100\" data-end=\"316\">\n<p data-start=\"100\" data-end=\"316\">\u00a0 Na noite desta quinta-feira (20), o prefeito de Trizidela do Vale, <strong data-start=\"167\" data-end=\"183\">Deibson Bal\u00e9<\/strong>, acompanhado da primeira-dama <strong data-start=\"214\" data-end=\"232\">Josy Fernandes<\/strong>, marcou presen\u00e7a na celebra\u00e7\u00e3o dos <strong data-start=\"268\" data-end=\"315\">29 anos de emancipa\u00e7\u00e3o pol\u00edtica de Peritor\u00f3<\/strong>.<\/p>\n<p data-start=\"318\" data-end=\"540\">O evento contou com a presen\u00e7a do deputado federal <strong data-start=\"369\" data-end=\"388\">Juscelino Filho<\/strong>, do deputado estadual <strong data-start=\"411\" data-end=\"430\">Francisco Nagib<\/strong>, al\u00e9m de prefeitos da regi\u00e3o, vereadores e uma grande multid\u00e3o que fez quest\u00e3o de prestigiar a data especial.<\/p>\n<p data-start=\"542\" data-end=\"716\">O casal foi recepcionado pelo prefeito <strong data-start=\"581\" data-end=\"595\">Dr. J\u00fanior<\/strong> e pela primeira-dama <strong data-start=\"617\" data-end=\"632\">Dra. Samyra<\/strong>, que comemoraram o anivers\u00e1rio do munic\u00edpio ao lado das autoridades e da popula\u00e7\u00e3o.<\/p>\n<p data-start=\"718\" data-end=\"945\">Durante a festividade, Deibson Bal\u00e9 destacou o carinho e o respeito que tem pelo gestor peritoroense e reconheceu o trabalho que vem sendo realizado na cidade. O prefeito tamb\u00e9m deixou sua mensagem de felicita\u00e7\u00e3o aos moradores:<\/p>\n<p data-start=\"947\" data-end=\"1081\"><strong data-start=\"947\" data-end=\"1081\">\u201cParab\u00e9ns ao meu amigo Dr. J\u00fanior, parab\u00e9ns \u00e0 sua equipe de secret\u00e1rios e, principalmente, aos moradores deste lugar maravilhoso.\u201d<\/strong><\/p>\n<p data-start=\"947\" data-end=\"1081\">\n","protected":false},"excerpt":{"rendered":"<p>\u00a0 Na noite desta quinta-feira (20), o prefeito de Trizidela do Vale, Deibson Bal\u00e9, acompanhado da primeira-dama Josy Fernandes, marcou presen\u00e7a na celebra\u00e7\u00e3o dos 29 anos de emancipa\u00e7\u00e3o pol\u00edtica de Peritor\u00f3. O&hellip;<\/p>\n","protected":false},"author":2,"featured_media":9827,"comment_status":"open","ping_status":"open","sticky":false,"template":"","format":"standard","meta":{"footnotes":""},"categories":[1],"tags":[],"class_list":["post-9826","post","type-post","status-publish","format-standard","has-post-thumbnail","hentry","category-ultimas-noticias"],"_links":{"self":[{"href":"https:\/\/marcoslimma.com.br\/index.php\/wp-json\/wp\/v2\/posts\/9826","targetHints":{"allow":["GET"]}}],"collection":[{"href":"https:\/\/marcoslimma.com.br\/index.php\/wp-json\/wp\/v2\/posts"}],"about":[{"href":"https:\/\/marcoslimma.com.br\/index.php\/wp-json\/wp\/v2\/types\/post"}],"author":[{"embeddable":true,"href":"https:\/\/marcoslimma.com.br\/index.php\/wp-json\/wp\/v2\/users\/2"}],"replies":[{"embeddable":true,"href":"https:\/\/marcoslimma.com.br\/index.php\/wp-json\/wp\/v2\/comments?post=9826"}],"version-history":[{"count":1,"href":"https:\/\/marcoslimma.com.br\/index.php\/wp-json\/wp\/v2\/posts\/9826\/revisions"}],"predecessor-version":[{"id":9828,"href":"https:\/\/marcoslimma.com.br\/index.php\/wp-json\/wp\/v2\/posts\/9826\/revisions\/9828"}],"wp:featuredmedia":[{"embeddable":true,"href":"https:\/\/marcoslimma.com.br\/index.php\/wp-json\/wp\/v2\/media\/9827"}],"wp:attachment":[{"href":"https:\/\/marcoslimma.com.br\/index.php\/wp-json\/wp\/v2\/media?parent=9826"}],"wp:term":[{"taxonomy":"category","embeddable":true,"href":"https:\/\/marcoslimma.com.br\/index.php\/wp-json\/wp\/v2\/categories?post=9826"},{"taxonomy":"post_tag","embeddable":true,"href":"https:\/\/marcoslimma.com.br\/index.php\/wp-json\/wp\/v2\/tags?post=9826"}],"curies":[{"name":"wp","href":"https:\/\/api.w.org\/{rel}","templated":true}]}}