{"id":9173,"date":"2025-09-12T23:09:34","date_gmt":"2025-09-13T02:09:34","guid":{"rendered":"https:\/\/marcoslimma.com.br\/?p=9173"},"modified":"2025-09-12T23:09:34","modified_gmt":"2025-09-13T02:09:34","slug":"homem-e-conduzido-suspeito-de-furto-qualificado-no-povoado-parada-do-bom-jesus-em-lima-campos","status":"publish","type":"post","link":"https:\/\/marcoslimma.com.br\/index.php\/2025\/09\/12\/homem-e-conduzido-suspeito-de-furto-qualificado-no-povoado-parada-do-bom-jesus-em-lima-campos\/","title":{"rendered":"Homem \u00e9 conduzido suspeito de furto qualificado no povoado Parada do Bom Jesus, em Lima Campos"},"content":{"rendered":"<h3 data-start=\"79\" data-end=\"179\"><img loading=\"lazy\" decoding=\"async\" class=\"alignnone size-large wp-image-9174\" src=\"https:\/\/marcoslimma.com.br\/wp-content\/uploads\/2025\/09\/d633b107-959d-44aa-b4c4-db9120f18a45-1024x741.jpg\" alt=\"\" width=\"1024\" height=\"741\" srcset=\"https:\/\/marcoslimma.com.br\/wp-content\/uploads\/2025\/09\/d633b107-959d-44aa-b4c4-db9120f18a45-1024x741.jpg 1024w, https:\/\/marcoslimma.com.br\/wp-content\/uploads\/2025\/09\/d633b107-959d-44aa-b4c4-db9120f18a45-300x217.jpg 300w, https:\/\/marcoslimma.com.br\/wp-content\/uploads\/2025\/09\/d633b107-959d-44aa-b4c4-db9120f18a45-768x556.jpg 768w, https:\/\/marcoslimma.com.br\/wp-content\/uploads\/2025\/09\/d633b107-959d-44aa-b4c4-db9120f18a45-1536x1112.jpg 1536w, https:\/\/marcoslimma.com.br\/wp-content\/uploads\/2025\/09\/d633b107-959d-44aa-b4c4-db9120f18a45.jpg 1600w\" sizes=\"auto, (max-width: 1024px) 100vw, 1024px\" \/><\/h3>\n<p data-start=\"181\" data-end=\"351\">Na manh\u00e3 desta sexta-feira (12), por volta das 5h, um caso de furto qualificado foi registrado no povoado <strong data-start=\"291\" data-end=\"314\">Parada do Bom Jesus<\/strong>, na zona rural de <strong data-start=\"333\" data-end=\"348\">Lima Campos<\/strong>.<\/p>\n<p data-start=\"353\" data-end=\"553\">De acordo com informa\u00e7\u00f5es do DPM, a v\u00edtima <strong data-start=\"396\" data-end=\"433\">J. da S. S. G.<\/strong>\u00a0acionou a pol\u00edcia informando que um indiv\u00edduo conhecido como <strong data-start=\"495\" data-end=\"503\">Neto<\/strong> havia acabado de furtar o celular de sua filha.<\/p>\n<p data-start=\"555\" data-end=\"965\">Segundo o relato, a jovem dormia em um quarto individual quando percebeu a entrada do suspeito, que subtraiu o aparelho celular que estava debaixo do travesseiro e tamb\u00e9m levou o carregador que se encontrava sobre a cama. Ap\u00f3s o ocorrido, a filha avisou os pais e, ao sair da resid\u00eancia, o pai constatou que o arame que mantinha o port\u00e3o da casa havia sido violado, o que confirmou a suspeita de invas\u00e3o.<\/p>\n<p data-start=\"967\" data-end=\"1211\">A guarni\u00e7\u00e3o da <strong>Pol\u00edcia Militar<\/strong> se deslocou at\u00e9 a resid\u00eancia do suspeito, identificado como <strong data-start=\"1058\" data-end=\"1092\">E. B. de S. N.<\/strong>\u00a0que mora pr\u00f3ximo da v\u00edtima. Questionado sobre o furto, o homem negou a autoria e n\u00e3o apresentou o aparelho celular.<\/p>\n<p data-start=\"1213\" data-end=\"1389\">Diante da situa\u00e7\u00e3o, o suspeito foi conduzido sem les\u00f5es corporais \u00e0 <strong>Delegacia Regional de Policia Civil de Pedreiras<\/strong>, onde ficar\u00e1 \u00e0 disposi\u00e7\u00e3o da Justi\u00e7a para as devidas provid\u00eancias.<\/p>\n","protected":false},"excerpt":{"rendered":"<p>Na manh\u00e3 desta sexta-feira (12), por volta das 5h, um caso de furto qualificado foi registrado no povoado Parada do Bom Jesus, na zona rural de Lima Campos. De acordo com informa\u00e7\u00f5es&hellip;<\/p>\n","protected":false},"author":2,"featured_media":9174,"comment_status":"open","ping_status":"open","sticky":false,"template":"","format":"standard","meta":{"footnotes":""},"categories":[1],"tags":[],"class_list":["post-9173","post","type-post","status-publish","format-standard","has-post-thumbnail","hentry","category-ultimas-noticias"],"_links":{"self":[{"href":"https:\/\/marcoslimma.com.br\/index.php\/wp-json\/wp\/v2\/posts\/9173","targetHints":{"allow":["GET"]}}],"collection":[{"href":"https:\/\/marcoslimma.com.br\/index.php\/wp-json\/wp\/v2\/posts"}],"about":[{"href":"https:\/\/marcoslimma.com.br\/index.php\/wp-json\/wp\/v2\/types\/post"}],"author":[{"embeddable":true,"href":"https:\/\/marcoslimma.com.br\/index.php\/wp-json\/wp\/v2\/users\/2"}],"replies":[{"embeddable":true,"href":"https:\/\/marcoslimma.com.br\/index.php\/wp-json\/wp\/v2\/comments?post=9173"}],"version-history":[{"count":1,"href":"https:\/\/marcoslimma.com.br\/index.php\/wp-json\/wp\/v2\/posts\/9173\/revisions"}],"predecessor-version":[{"id":9175,"href":"https:\/\/marcoslimma.com.br\/index.php\/wp-json\/wp\/v2\/posts\/9173\/revisions\/9175"}],"wp:featuredmedia":[{"embeddable":true,"href":"https:\/\/marcoslimma.com.br\/index.php\/wp-json\/wp\/v2\/media\/9174"}],"wp:attachment":[{"href":"https:\/\/marcoslimma.com.br\/index.php\/wp-json\/wp\/v2\/media?parent=9173"}],"wp:term":[{"taxonomy":"category","embeddable":true,"href":"https:\/\/marcoslimma.com.br\/index.php\/wp-json\/wp\/v2\/categories?post=9173"},{"taxonomy":"post_tag","embeddable":true,"href":"https:\/\/marcoslimma.com.br\/index.php\/wp-json\/wp\/v2\/tags?post=9173"}],"curies":[{"name":"wp","href":"https:\/\/api.w.org\/{rel}","templated":true}]}}