{"id":91,"date":"2023-10-03T13:45:29","date_gmt":"2023-10-03T13:45:29","guid":{"rendered":"https:\/\/marcoslimma.com.br\/?p=91"},"modified":"2023-10-03T13:45:29","modified_gmt":"2023-10-03T13:45:29","slug":"91","status":"publish","type":"post","link":"https:\/\/marcoslimma.com.br\/index.php\/2023\/10\/03\/91\/","title":{"rendered":"Lima Campos &#8211; Homem \u00e9 preso por estupro de vulner\u00e1vel quando fazia entrega de g\u00e1s de cozinha"},"content":{"rendered":"<p>&nbsp;<\/p>\n<p><img loading=\"lazy\" decoding=\"async\" class=\"alignnone wp-image-92 size-full\" src=\"https:\/\/marcoslimma.com.br\/wp-content\/uploads\/2023\/10\/estupr.jpg\" alt=\"\" width=\"1000\" height=\"1000\" \/><\/p>\n<p>Ontem segunda-feira (2\/10), por volta das 9h, a m\u00e3e juntamente com a v\u00edtima de iniciais (M.T.O.S.), compareceram ao DPM de Lima Campos\/MA relatando que o acusado (M.R.F. da S.), teria praticado um crime (estupro de vulner\u00e1vel) contra sua filha de apenas 12 anos de idade.<\/p>\n<p>Segunda a v\u00edtima, o acusado teria ido at\u00e9 a sua resid\u00eancia realizar uma entrega de g\u00e1s de cozinha, quando ap\u00f3s ele instalar o botij\u00e3o de g\u00e1s, o acusado teria perguntado para a v\u00edtima: \u201cA sua m\u00e3e est\u00e1 presente na resid\u00eancia?\u201d. Em seguida ele disse que ela era bonita, partiu para cima da jovem a encurralando contra uma parede, tocou nos seus seios, a beijou a for\u00e7a na boca e ainda perguntou se ela j\u00e1 havia transado. Em seguida saiu da resid\u00eancia da vitima<\/p>\n<p>V\u00e1rias outras pessoas entraram em contato com a reda\u00e7\u00e3o do Blog do Marcos Limma, afirmando terem sido vitimas de ass\u00e9dio do acusado<\/p>\n<p>A Policia Militar ao tomar conhecimento do fato, realizou dilig\u00eancias pela cidade e conseguiu localizar o acusado e o conduziu para a DRPC de Pedreiras\/MA. Vale ressaltar que o Conselho Tutelar do munic\u00edpio foi acionado e deu apoio a v\u00edtima.<\/p>\n<p>&nbsp;<\/p>\n","protected":false},"excerpt":{"rendered":"<p>&nbsp; Ontem segunda-feira (2\/10), por volta das 9h, a m\u00e3e juntamente com a v\u00edtima de iniciais (M.T.O.S.), compareceram ao DPM de Lima Campos\/MA relatando que o acusado (M.R.F. da S.), teria praticado&hellip;<\/p>\n","protected":false},"author":2,"featured_media":92,"comment_status":"open","ping_status":"open","sticky":false,"template":"","format":"standard","meta":{"footnotes":""},"categories":[5],"tags":[9,14],"class_list":["post-91","post","type-post","status-publish","format-standard","has-post-thumbnail","hentry","category-policial","tag-conselho-tutelar","tag-policia"],"_links":{"self":[{"href":"https:\/\/marcoslimma.com.br\/index.php\/wp-json\/wp\/v2\/posts\/91","targetHints":{"allow":["GET"]}}],"collection":[{"href":"https:\/\/marcoslimma.com.br\/index.php\/wp-json\/wp\/v2\/posts"}],"about":[{"href":"https:\/\/marcoslimma.com.br\/index.php\/wp-json\/wp\/v2\/types\/post"}],"author":[{"embeddable":true,"href":"https:\/\/marcoslimma.com.br\/index.php\/wp-json\/wp\/v2\/users\/2"}],"replies":[{"embeddable":true,"href":"https:\/\/marcoslimma.com.br\/index.php\/wp-json\/wp\/v2\/comments?post=91"}],"version-history":[{"count":0,"href":"https:\/\/marcoslimma.com.br\/index.php\/wp-json\/wp\/v2\/posts\/91\/revisions"}],"wp:featuredmedia":[{"embeddable":true,"href":"https:\/\/marcoslimma.com.br\/index.php\/wp-json\/"}],"wp:attachment":[{"href":"https:\/\/marcoslimma.com.br\/index.php\/wp-json\/wp\/v2\/media?parent=91"}],"wp:term":[{"taxonomy":"category","embeddable":true,"href":"https:\/\/marcoslimma.com.br\/index.php\/wp-json\/wp\/v2\/categories?post=91"},{"taxonomy":"post_tag","embeddable":true,"href":"https:\/\/marcoslimma.com.br\/index.php\/wp-json\/wp\/v2\/tags?post=91"}],"curies":[{"name":"wp","href":"https:\/\/api.w.org\/{rel}","templated":true}]}}