{"id":8679,"date":"2025-07-16T20:39:33","date_gmt":"2025-07-16T23:39:33","guid":{"rendered":"https:\/\/marcoslimma.com.br\/?p=8679"},"modified":"2025-07-16T20:49:24","modified_gmt":"2025-07-16T23:49:24","slug":"prefeito-jailson-fausto-realiza-vistoria-na-reforma-e-ampliacao-da-escola-artur-azevedo-em-lima-campos","status":"publish","type":"post","link":"https:\/\/marcoslimma.com.br\/index.php\/2025\/07\/16\/prefeito-jailson-fausto-realiza-vistoria-na-reforma-e-ampliacao-da-escola-artur-azevedo-em-lima-campos\/","title":{"rendered":"Prefeito Jailson Fausto realiza vistoria na reforma e amplia\u00e7\u00e3o da Escola Artur Azevedo em Lima Campos"},"content":{"rendered":"<p data-start=\"195\" data-end=\"289\"><img loading=\"lazy\" decoding=\"async\" class=\"alignnone size-large wp-image-8680\" src=\"https:\/\/marcoslimma.com.br\/wp-content\/uploads\/2025\/07\/Imagem-do-WhatsApp-de-2025-07-16-as-20.28.11_ad6c2f51-1024x577.jpg\" alt=\"\" width=\"1024\" height=\"577\" srcset=\"https:\/\/marcoslimma.com.br\/wp-content\/uploads\/2025\/07\/Imagem-do-WhatsApp-de-2025-07-16-as-20.28.11_ad6c2f51-1024x577.jpg 1024w, https:\/\/marcoslimma.com.br\/wp-content\/uploads\/2025\/07\/Imagem-do-WhatsApp-de-2025-07-16-as-20.28.11_ad6c2f51-300x169.jpg 300w, https:\/\/marcoslimma.com.br\/wp-content\/uploads\/2025\/07\/Imagem-do-WhatsApp-de-2025-07-16-as-20.28.11_ad6c2f51-768x432.jpg 768w, https:\/\/marcoslimma.com.br\/wp-content\/uploads\/2025\/07\/Imagem-do-WhatsApp-de-2025-07-16-as-20.28.11_ad6c2f51-1536x865.jpg 1536w, https:\/\/marcoslimma.com.br\/wp-content\/uploads\/2025\/07\/Imagem-do-WhatsApp-de-2025-07-16-as-20.28.11_ad6c2f51-2048x1153.jpg 2048w\" sizes=\"auto, (max-width: 1024px) 100vw, 1024px\" \/><\/p>\n<p data-start=\"291\" data-end=\"748\">\u00a0 \u00a0Nesta quarta-feira (16), o prefeito de <strong>Lima Campos, Jailson Fausto (Uni\u00e3o Progressista)<\/strong>, realizou uma vistoria nas obras de reforma da <strong>Escola Artur Azevedo<\/strong> \u2014 institui\u00e7\u00e3o que \u00e9 refer\u00eancia n\u00e3o apenas no munic\u00edpio, mas em toda a regi\u00e3o do <strong>M\u00e9dio Mearim<\/strong>. A visita teve como objetivo acompanhar o andamento dos servi\u00e7os e garantir que a execu\u00e7\u00e3o esteja dentro do cronograma, assegurando um ambiente mais moderno e adequado para alunos e profissionais da educa\u00e7\u00e3o.<\/p>\n<p data-start=\"750\" data-end=\"1079\">De acordo com o prefeito, a escola, que contava anteriormente com 10 salas de aula todas climatizadas, passar\u00e1 a dispor de 12 salas, al\u00e9m de novos espa\u00e7os como refeit\u00f3rio, banheiros equipados, audit\u00f3rio e pra\u00e7a. A entrega da reforma est\u00e1 prevista para o pr\u00f3ximo m\u00eas, acompanhando o rein\u00edcio das aulas da rede municipal de ensino.<\/p>\n<p data-start=\"1081\" data-end=\"1414\">Durante a vistoria<strong>, Jailson Fausto<\/strong> avaliou diversos aspectos da obra, como as instala\u00e7\u00f5es el\u00e9tricas e hidr\u00e1ulicas, o estado do telhado, al\u00e9m de elementos voltados \u00e0 acessibilidade, como rampas, banheiros equipados. Tamb\u00e9m foi analisado o conforto t\u00e9rmico e ac\u00fastico das salas de aula e demais espa\u00e7os da unidade escolar.<\/p>\n<p data-start=\"1416\" data-end=\"1591\">O prefeito destacou a satisfa\u00e7\u00e3o em investir na educa\u00e7\u00e3o municipal, que recentemente recebeu o selo ouro de qualidade e \u00e9 reconhecida como a melhor da regi\u00e3o do <strong>M\u00e9dio Mearim.<\/strong><\/p>\n<p data-start=\"1593\" data-end=\"1823\">A reforma da<strong> Escola Artur Azevedo<\/strong> representa um importante investimento na infraestrutura educacional de <strong>Lima Campos<\/strong>, reafirmando o compromisso da atual gest\u00e3o com o ensino p\u00fablico de qualidade e o bem-estar da comunidade escolar.<\/p>\n<p><iframe loading=\"lazy\" title=\"Prefeito Jailson Fausto faz vistoria na reforma e amplia\u00e7\u00e3o da escola Artur Azevedo\" width=\"500\" height=\"281\" src=\"https:\/\/www.youtube.com\/embed\/KEvYMtIit5A?feature=oembed\" frameborder=\"0\" allow=\"accelerometer; autoplay; clipboard-write; encrypted-media; gyroscope; picture-in-picture; web-share\" referrerpolicy=\"strict-origin-when-cross-origin\" allowfullscreen><\/iframe><\/p>\n","protected":false},"excerpt":{"rendered":"<p>\u00a0 \u00a0Nesta quarta-feira (16), o prefeito de Lima Campos, Jailson Fausto (Uni\u00e3o Progressista), realizou uma vistoria nas obras de reforma da Escola Artur Azevedo \u2014 institui\u00e7\u00e3o que \u00e9 refer\u00eancia n\u00e3o apenas no&hellip;<\/p>\n","protected":false},"author":2,"featured_media":8680,"comment_status":"open","ping_status":"open","sticky":false,"template":"","format":"standard","meta":{"footnotes":""},"categories":[1],"tags":[],"class_list":["post-8679","post","type-post","status-publish","format-standard","has-post-thumbnail","hentry","category-ultimas-noticias"],"_links":{"self":[{"href":"https:\/\/marcoslimma.com.br\/index.php\/wp-json\/wp\/v2\/posts\/8679","targetHints":{"allow":["GET"]}}],"collection":[{"href":"https:\/\/marcoslimma.com.br\/index.php\/wp-json\/wp\/v2\/posts"}],"about":[{"href":"https:\/\/marcoslimma.com.br\/index.php\/wp-json\/wp\/v2\/types\/post"}],"author":[{"embeddable":true,"href":"https:\/\/marcoslimma.com.br\/index.php\/wp-json\/wp\/v2\/users\/2"}],"replies":[{"embeddable":true,"href":"https:\/\/marcoslimma.com.br\/index.php\/wp-json\/wp\/v2\/comments?post=8679"}],"version-history":[{"count":2,"href":"https:\/\/marcoslimma.com.br\/index.php\/wp-json\/wp\/v2\/posts\/8679\/revisions"}],"predecessor-version":[{"id":8682,"href":"https:\/\/marcoslimma.com.br\/index.php\/wp-json\/wp\/v2\/posts\/8679\/revisions\/8682"}],"wp:featuredmedia":[{"embeddable":true,"href":"https:\/\/marcoslimma.com.br\/index.php\/wp-json\/wp\/v2\/media\/8680"}],"wp:attachment":[{"href":"https:\/\/marcoslimma.com.br\/index.php\/wp-json\/wp\/v2\/media?parent=8679"}],"wp:term":[{"taxonomy":"category","embeddable":true,"href":"https:\/\/marcoslimma.com.br\/index.php\/wp-json\/wp\/v2\/categories?post=8679"},{"taxonomy":"post_tag","embeddable":true,"href":"https:\/\/marcoslimma.com.br\/index.php\/wp-json\/wp\/v2\/tags?post=8679"}],"curies":[{"name":"wp","href":"https:\/\/api.w.org\/{rel}","templated":true}]}}