{"id":8011,"date":"2025-05-06T22:14:17","date_gmt":"2025-05-07T01:14:17","guid":{"rendered":"https:\/\/marcoslimma.com.br\/?p=8011"},"modified":"2025-05-06T22:17:04","modified_gmt":"2025-05-07T01:17:04","slug":"prefeito-realiza-reuniao-com-comerciantes-para-abertura-de-lojas-no-mercado-municipal-2","status":"publish","type":"post","link":"https:\/\/marcoslimma.com.br\/index.php\/2025\/05\/06\/prefeito-realiza-reuniao-com-comerciantes-para-abertura-de-lojas-no-mercado-municipal-2\/","title":{"rendered":"Prefeito realiza reuni\u00e3o com comerciantes para abertura de lojas no Mercado Municipal"},"content":{"rendered":"<p data-start=\"165\" data-end=\"393\"><img loading=\"lazy\" decoding=\"async\" class=\"alignnone size-large wp-image-8009\" src=\"https:\/\/marcoslimma.com.br\/wp-content\/uploads\/2025\/05\/Imagem-do-WhatsApp-de-2025-05-06-as-22.00.35_19f83f03-1024x1024.jpg\" alt=\"\" width=\"1024\" height=\"1024\" srcset=\"https:\/\/marcoslimma.com.br\/wp-content\/uploads\/2025\/05\/Imagem-do-WhatsApp-de-2025-05-06-as-22.00.35_19f83f03-1024x1024.jpg 1024w, https:\/\/marcoslimma.com.br\/wp-content\/uploads\/2025\/05\/Imagem-do-WhatsApp-de-2025-05-06-as-22.00.35_19f83f03-300x300.jpg 300w, https:\/\/marcoslimma.com.br\/wp-content\/uploads\/2025\/05\/Imagem-do-WhatsApp-de-2025-05-06-as-22.00.35_19f83f03-150x150.jpg 150w, https:\/\/marcoslimma.com.br\/wp-content\/uploads\/2025\/05\/Imagem-do-WhatsApp-de-2025-05-06-as-22.00.35_19f83f03-768x768.jpg 768w, https:\/\/marcoslimma.com.br\/wp-content\/uploads\/2025\/05\/Imagem-do-WhatsApp-de-2025-05-06-as-22.00.35_19f83f03-1536x1536.jpg 1536w, https:\/\/marcoslimma.com.br\/wp-content\/uploads\/2025\/05\/Imagem-do-WhatsApp-de-2025-05-06-as-22.00.35_19f83f03-2048x2048.jpg 2048w\" sizes=\"auto, (max-width: 1024px) 100vw, 1024px\" \/><\/p>\n<p class=\"\" data-start=\"165\" data-end=\"393\">\u00a0 Hoje ter\u00e7a-feira (6\/5), o prefeito de LIMA CAMPOS &#8211; MA\u00a0 JAILSON FAUSTO (UNI\u00c3O PROGRESSISTA)<b>, <\/b>reuniu-se com comerciantes locais para discutir os \u00faltimos ajustes e organizar a abertura oficial das lojas no novo MERCADO MUNICIPAL APOLONIO SOARES.<\/p>\n<p class=\"\" data-start=\"395\" data-end=\"578\">Durante o encontro, foram debatidos pontos importantes como distribui\u00e7\u00e3o de espa\u00e7os, data, seguran\u00e7a, hor\u00e1rio de funcionamento dos boxes, infraestrutura e apoio da gest\u00e3o municipal aos empreendedores locais.<\/p>\n<p data-start=\"395\" data-end=\"578\">Al\u00e9m do prefeito, estiveram presentes: o procurador do munic\u00edpio DR. JAILSON SILVA, a vereadora EDINETE SALES, o diretor do mercado Municipal RIBA BRAGA, o chefe de gabinete MARCOS MONTEIRO e um grande numero de comerciantes.<\/p>\n<p class=\"\" data-start=\"580\" data-end=\"769\">O prefeito JAILSON e os comerciantes, chegaram a um denominador comum em rela\u00e7\u00e3o ao dia da abertura de todas as lojas do espa\u00e7o, ser\u00e1 dia 28 de junho, onde haver\u00e1 um grande evento para marcar esse data. <strong data-start=\"580\" data-end=\"748\">\u201cNosso objetivo \u00e9 garantir que todos tenham condi\u00e7\u00f5es dignas de trabalho e que o Mercado Municipal seja um espa\u00e7o organizado, atrativo e seguro para comerciantes e clientes,\u201d<\/strong> destacou o prefeito.<\/p>\n<p class=\"\" data-start=\"771\" data-end=\"904\">Atualmente j\u00e1 existem pontos comerciais (externo) sendo utilizado por comerciantes. No total, o Mercado Municipal tem 38 lojas, todo climatizado, com elevador, restaurantes e promete movimentar a economia local, fortalecer o com\u00e9rcio e gerar novas oportunidades de renda para a popula\u00e7\u00e3o.<\/p>\n<p><iframe loading=\"lazy\" title=\"PREFEITO JAILSON SE RE\u00daNE-SE COM COMERCIANTES PARA ABERTURA DE LOJAS DO MERCADO MUNICIPAL\" width=\"500\" height=\"281\" src=\"https:\/\/www.youtube.com\/embed\/pGe3BC61GE0?feature=oembed\" frameborder=\"0\" allow=\"accelerometer; autoplay; clipboard-write; encrypted-media; gyroscope; picture-in-picture; web-share\" referrerpolicy=\"strict-origin-when-cross-origin\" allowfullscreen><\/iframe><\/p>\n","protected":false},"excerpt":{"rendered":"<p>\u00a0 Hoje ter\u00e7a-feira (6\/5), o prefeito de LIMA CAMPOS &#8211; MA\u00a0 JAILSON FAUSTO (UNI\u00c3O PROGRESSISTA), reuniu-se com comerciantes locais para discutir os \u00faltimos ajustes e organizar a abertura oficial das lojas no&hellip;<\/p>\n","protected":false},"author":2,"featured_media":8009,"comment_status":"open","ping_status":"open","sticky":false,"template":"","format":"standard","meta":{"footnotes":""},"categories":[1],"tags":[],"class_list":["post-8011","post","type-post","status-publish","format-standard","has-post-thumbnail","hentry","category-ultimas-noticias"],"_links":{"self":[{"href":"https:\/\/marcoslimma.com.br\/index.php\/wp-json\/wp\/v2\/posts\/8011","targetHints":{"allow":["GET"]}}],"collection":[{"href":"https:\/\/marcoslimma.com.br\/index.php\/wp-json\/wp\/v2\/posts"}],"about":[{"href":"https:\/\/marcoslimma.com.br\/index.php\/wp-json\/wp\/v2\/types\/post"}],"author":[{"embeddable":true,"href":"https:\/\/marcoslimma.com.br\/index.php\/wp-json\/wp\/v2\/users\/2"}],"replies":[{"embeddable":true,"href":"https:\/\/marcoslimma.com.br\/index.php\/wp-json\/wp\/v2\/comments?post=8011"}],"version-history":[{"count":1,"href":"https:\/\/marcoslimma.com.br\/index.php\/wp-json\/wp\/v2\/posts\/8011\/revisions"}],"predecessor-version":[{"id":8012,"href":"https:\/\/marcoslimma.com.br\/index.php\/wp-json\/wp\/v2\/posts\/8011\/revisions\/8012"}],"wp:featuredmedia":[{"embeddable":true,"href":"https:\/\/marcoslimma.com.br\/index.php\/wp-json\/wp\/v2\/media\/8009"}],"wp:attachment":[{"href":"https:\/\/marcoslimma.com.br\/index.php\/wp-json\/wp\/v2\/media?parent=8011"}],"wp:term":[{"taxonomy":"category","embeddable":true,"href":"https:\/\/marcoslimma.com.br\/index.php\/wp-json\/wp\/v2\/categories?post=8011"},{"taxonomy":"post_tag","embeddable":true,"href":"https:\/\/marcoslimma.com.br\/index.php\/wp-json\/wp\/v2\/tags?post=8011"}],"curies":[{"name":"wp","href":"https:\/\/api.w.org\/{rel}","templated":true}]}}