{"id":7840,"date":"2025-04-16T11:48:26","date_gmt":"2025-04-16T14:48:26","guid":{"rendered":"https:\/\/marcoslimma.com.br\/?p=7840"},"modified":"2025-04-16T11:48:26","modified_gmt":"2025-04-16T14:48:26","slug":"lima-campos-com-a-uniao-dos-servidores-a-prefeitura-realiza-entrega-8-toneladas-de-peixes-na-semana-santa","status":"publish","type":"post","link":"https:\/\/marcoslimma.com.br\/index.php\/2025\/04\/16\/lima-campos-com-a-uniao-dos-servidores-a-prefeitura-realiza-entrega-8-toneladas-de-peixes-na-semana-santa\/","title":{"rendered":"Lima Campos: Com a UNI\u00c3O dos servidores, a Prefeitura realiza entrega 8 toneladas de peixes na Semana Santa"},"content":{"rendered":"<h3 class=\"\" data-start=\"124\" data-end=\"188\"><img loading=\"lazy\" decoding=\"async\" class=\"alignnone size-large wp-image-7841\" src=\"https:\/\/marcoslimma.com.br\/wp-content\/uploads\/2025\/04\/59628ff1-36af-414c-a53f-c34748e40834-1024x1024.jpeg\" alt=\"\" width=\"1024\" height=\"1024\" srcset=\"https:\/\/marcoslimma.com.br\/wp-content\/uploads\/2025\/04\/59628ff1-36af-414c-a53f-c34748e40834-1024x1024.jpeg 1024w, https:\/\/marcoslimma.com.br\/wp-content\/uploads\/2025\/04\/59628ff1-36af-414c-a53f-c34748e40834-300x300.jpeg 300w, https:\/\/marcoslimma.com.br\/wp-content\/uploads\/2025\/04\/59628ff1-36af-414c-a53f-c34748e40834-150x150.jpeg 150w, https:\/\/marcoslimma.com.br\/wp-content\/uploads\/2025\/04\/59628ff1-36af-414c-a53f-c34748e40834-768x768.jpeg 768w, https:\/\/marcoslimma.com.br\/wp-content\/uploads\/2025\/04\/59628ff1-36af-414c-a53f-c34748e40834-1536x1536.jpeg 1536w, https:\/\/marcoslimma.com.br\/wp-content\/uploads\/2025\/04\/59628ff1-36af-414c-a53f-c34748e40834.jpeg 1600w\" sizes=\"auto, (max-width: 1024px) 100vw, 1024px\" \/><\/h3>\n<p class=\"\" data-start=\"190\" data-end=\"426\">Em mais uma a\u00e7\u00e3o de solidariedade e apoio \u00e0s fam\u00edlias do munic\u00edpio, a <strong data-start=\"291\" data-end=\"335\">Prefeitura Municipal de Lima Campos <\/strong>realizou a <strong data-start=\"372\" data-end=\"408\">entrega de 8 toneladas de peixes<\/strong> para a popula\u00e7\u00e3o mais carentes do munic\u00edpio. Essa a\u00e7\u00e3o vai beneficiar mais de duas mil e quinhentas fam\u00edlias cadastradas no programa social municipal (Vele G\u00e1s).<\/p>\n<p class=\"\" data-start=\"428\" data-end=\"730\">A distribui\u00e7\u00e3o foi coordenada pela <strong data-start=\"463\" data-end=\"499\">Secretaria Municipal de Direitos Humanos e Desenvolvimento Social, <\/strong>e como sempre teve a parceria (uni\u00e3o), das demais secretaria de governo e departamentos do governo municipal. A iniciativa faz parte da tradi\u00e7\u00e3o crist\u00e3 da Semana Santa, quando muitos moradores mant\u00eam o costume de n\u00e3o consumir carne vermelha, e beneficiou milhares de fam\u00edlias da sede e da zona rural.<\/p>\n<p data-start=\"428\" data-end=\"730\">O evento contou com a presen\u00e7a do prefeito <strong>Jailson Fausto<\/strong>, o vice-prefeito <strong>Dr. Arist\u00f3teles<\/strong>, vereadores: <strong>Ney Braga, Laelson, Canidia, Lucian Alves<\/strong> e <strong>Edinete.\u00a0 \u00a0 \u00a0\u00a0<\/strong><\/p>\n<p class=\"\" data-start=\"732\" data-end=\"1023\">O prefeito <b>Jailson Fausto (Uni\u00e3o Brasil) <\/b>acompanhou a entrega e destacou a import\u00e2ncia da a\u00e7\u00e3o: <strong>\u201cNosso objetivo \u00e9 garantir que as fam\u00edlias mais carentes, possam manter essa tradi\u00e7\u00e3o com dignidade. A entrega dos peixes \u00e9 um gesto de cuidado e respeito com a nossa popula\u00e7\u00e3o<\/strong>\u201d.<\/p>\n<p data-start=\"732\" data-end=\"1023\">O vice-prefeito parabenizou a todos por esse momento. <strong>&#8220;Importante respeitar e manter a tradi\u00e7\u00e3o dos moradores. Parabenizar o prefeito e a todos que est\u00e3o envolvidos nessa a\u00e7\u00e3o&#8221;<\/strong>, disse <strong>Dr. Arist\u00f3teles\u00a0\u00a0<\/strong><\/p>\n<p class=\"\" data-start=\"1025\" data-end=\"1215\">A a\u00e7\u00e3o foi realizada de forma organizada, com apoio de vereadores, secret\u00e1rios, assessores e servidores p\u00fablicos, garantindo que os alimentos chegassem \u00e0s fam\u00edlias de forma mais segura.<\/p>\n<p class=\"\" data-start=\"1217\" data-end=\"1364\">Moradores agradeceram. E queremos destacar a import\u00e2ncia da ajuda no momento em que muitas fam\u00edlias ainda enfrentam dificuldades econ\u00f4micas.<\/p>\n<p><iframe loading=\"lazy\" title=\"Prefeitura de Lima Campos realiza entrega de 8 toneladas de peixes na Semana Santa\" width=\"500\" height=\"281\" src=\"https:\/\/www.youtube.com\/embed\/s9An3xJMyRo?feature=oembed\" frameborder=\"0\" allow=\"accelerometer; autoplay; clipboard-write; encrypted-media; gyroscope; picture-in-picture; web-share\" referrerpolicy=\"strict-origin-when-cross-origin\" allowfullscreen><\/iframe><\/p>\n<p data-start=\"1217\" data-end=\"1364\"><img loading=\"lazy\" decoding=\"async\" class=\"alignnone size-large wp-image-7842\" src=\"https:\/\/marcoslimma.com.br\/wp-content\/uploads\/2025\/04\/5aaccdf1-b56a-4f0d-b925-0654b6a17581-1024x576.jpeg\" alt=\"\" width=\"1024\" height=\"576\" srcset=\"https:\/\/marcoslimma.com.br\/wp-content\/uploads\/2025\/04\/5aaccdf1-b56a-4f0d-b925-0654b6a17581-1024x576.jpeg 1024w, https:\/\/marcoslimma.com.br\/wp-content\/uploads\/2025\/04\/5aaccdf1-b56a-4f0d-b925-0654b6a17581-300x169.jpeg 300w, https:\/\/marcoslimma.com.br\/wp-content\/uploads\/2025\/04\/5aaccdf1-b56a-4f0d-b925-0654b6a17581-768x432.jpeg 768w, https:\/\/marcoslimma.com.br\/wp-content\/uploads\/2025\/04\/5aaccdf1-b56a-4f0d-b925-0654b6a17581-1536x864.jpeg 1536w, https:\/\/marcoslimma.com.br\/wp-content\/uploads\/2025\/04\/5aaccdf1-b56a-4f0d-b925-0654b6a17581.jpeg 1600w\" sizes=\"auto, (max-width: 1024px) 100vw, 1024px\" \/><\/p>\n<p data-start=\"1217\" data-end=\"1364\">Em mais uma a\u00e7\u00e3o de solidariedade e apoio \u00e0s fam\u00edlias do munic\u00edpio, a <strong data-start=\"291\" data-end=\"335\">Prefeitura Municipal de Lima Campos <\/strong>realizou a <strong data-start=\"372\" data-end=\"408\">entrega de 8 toneladas de peixes<\/strong> para a popula\u00e7\u00e3o mais carentes do munic\u00edpio. Essa a\u00e7\u00e3o vai beneficiar mais de duas mil e quinhentas fam\u00edlias.<\/p>\n<p data-start=\"1217\" data-end=\"1364\">O prefeito Jailson vereadores e o secret\u00e1rio Otoniel Carvalho, falaram a respeito dessa a\u00e7\u00e3o e da uni\u00e3o e parceria de todos, para das mais dignidade a popula\u00e7\u00e3o mais carente<\/p>\n","protected":false},"excerpt":{"rendered":"<p>Em mais uma a\u00e7\u00e3o de solidariedade e apoio \u00e0s fam\u00edlias do munic\u00edpio, a Prefeitura Municipal de Lima Campos realizou a entrega de 8 toneladas de peixes para a popula\u00e7\u00e3o mais carentes do&hellip;<\/p>\n","protected":false},"author":2,"featured_media":7841,"comment_status":"open","ping_status":"open","sticky":false,"template":"","format":"standard","meta":{"footnotes":""},"categories":[1],"tags":[],"class_list":["post-7840","post","type-post","status-publish","format-standard","has-post-thumbnail","hentry","category-ultimas-noticias"],"_links":{"self":[{"href":"https:\/\/marcoslimma.com.br\/index.php\/wp-json\/wp\/v2\/posts\/7840","targetHints":{"allow":["GET"]}}],"collection":[{"href":"https:\/\/marcoslimma.com.br\/index.php\/wp-json\/wp\/v2\/posts"}],"about":[{"href":"https:\/\/marcoslimma.com.br\/index.php\/wp-json\/wp\/v2\/types\/post"}],"author":[{"embeddable":true,"href":"https:\/\/marcoslimma.com.br\/index.php\/wp-json\/wp\/v2\/users\/2"}],"replies":[{"embeddable":true,"href":"https:\/\/marcoslimma.com.br\/index.php\/wp-json\/wp\/v2\/comments?post=7840"}],"version-history":[{"count":1,"href":"https:\/\/marcoslimma.com.br\/index.php\/wp-json\/wp\/v2\/posts\/7840\/revisions"}],"predecessor-version":[{"id":7843,"href":"https:\/\/marcoslimma.com.br\/index.php\/wp-json\/wp\/v2\/posts\/7840\/revisions\/7843"}],"wp:featuredmedia":[{"embeddable":true,"href":"https:\/\/marcoslimma.com.br\/index.php\/wp-json\/wp\/v2\/media\/7841"}],"wp:attachment":[{"href":"https:\/\/marcoslimma.com.br\/index.php\/wp-json\/wp\/v2\/media?parent=7840"}],"wp:term":[{"taxonomy":"category","embeddable":true,"href":"https:\/\/marcoslimma.com.br\/index.php\/wp-json\/wp\/v2\/categories?post=7840"},{"taxonomy":"post_tag","embeddable":true,"href":"https:\/\/marcoslimma.com.br\/index.php\/wp-json\/wp\/v2\/tags?post=7840"}],"curies":[{"name":"wp","href":"https:\/\/api.w.org\/{rel}","templated":true}]}}