{"id":6913,"date":"2025-01-28T22:38:17","date_gmt":"2025-01-29T01:38:17","guid":{"rendered":"https:\/\/marcoslimma.com.br\/?p=6913"},"modified":"2025-01-28T22:38:17","modified_gmt":"2025-01-29T01:38:17","slug":"gasolina-e-diesel-terao-aumento-de-precos-a-partir-de-1o-de-fevereiro","status":"publish","type":"post","link":"https:\/\/marcoslimma.com.br\/index.php\/2025\/01\/28\/gasolina-e-diesel-terao-aumento-de-precos-a-partir-de-1o-de-fevereiro\/","title":{"rendered":"Gasolina e diesel ter\u00e3o aumento de pre\u00e7os a partir de 1\u00ba de fevereiro"},"content":{"rendered":"<p><img loading=\"lazy\" decoding=\"async\" class=\"size-large wp-image-6914\" src=\"https:\/\/marcoslimma.com.br\/wp-content\/uploads\/2025\/01\/editorial-combustiveis-petrobras-lula-gasolina-1720561485-1024x681.jpg\" alt=\"\" width=\"1024\" height=\"681\" srcset=\"https:\/\/marcoslimma.com.br\/wp-content\/uploads\/2025\/01\/editorial-combustiveis-petrobras-lula-gasolina-1720561485-1024x681.jpg 1024w, https:\/\/marcoslimma.com.br\/wp-content\/uploads\/2025\/01\/editorial-combustiveis-petrobras-lula-gasolina-1720561485-300x200.jpg 300w, https:\/\/marcoslimma.com.br\/wp-content\/uploads\/2025\/01\/editorial-combustiveis-petrobras-lula-gasolina-1720561485-768x511.jpg 768w, https:\/\/marcoslimma.com.br\/wp-content\/uploads\/2025\/01\/editorial-combustiveis-petrobras-lula-gasolina-1720561485.jpg 1255w\" sizes=\"auto, (max-width: 1024px) 100vw, 1024px\" \/><\/p>\n<p>O pre\u00e7o do litro da <a href=\"https:\/\/www.metropoles.com\/tag\/preco-da-gasolina\">gasolina<\/a> ter\u00e1 um novo aumento autom\u00e1tico de R$ 0,10 a partir do pr\u00f3ximo s\u00e1bado (1\/2), em fun\u00e7\u00e3o de um aumento no\u00a0<a href=\"https:\/\/www.metropoles.com\/tag\/icms\">Imposto sobre Circula\u00e7\u00e3o de Mercadorias e Servi\u00e7os (ICMS)<\/a>, de car\u00e1ter estadual. Tamb\u00e9m haver\u00e1 aumento de R$ 0,06 sobre o\u00a0<a href=\"https:\/\/www.metropoles.com\/tag\/diesel\">diesel<\/a>. N\u00e3o est\u00e1 prevista mudan\u00e7a na tributa\u00e7\u00e3o do\u00a0<a href=\"https:\/\/www.metropoles.com\/tag\/etanol\">etanol<\/a>.<\/p>\n<p>O aumento \u00e9 resultado de uma decis\u00e3o dos governadores de todas as unidades da Federa\u00e7\u00e3o tomada no fim de outubro de 2024, no \u00e2mbito do\u00a0<a href=\"https:\/\/www.gov.br\/fazenda\/pt-br\/canais_atendimento\/ouvidoria\/relatorio-de-atividades\/relatorios-de-qualidade\/conselho-nacional-de-politica-fazendaria-confaz\" rel=\"noopener\">Conselho Nacional de Pol\u00edtica Fazend\u00e1ria (Confaz)<\/a>. Em raz\u00e3o do princ\u00edpio constitucional de anterioridade, a medida s\u00f3 entra em vigor tr\u00eas meses depois, ou seja, em fevereiro deste ano.<\/p>\n<p>Com a aplica\u00e7\u00e3o dessa metodologia, os novos valores para as al\u00edquotas a partir de fevereiro de 2025 ser\u00e3o:<\/p>\n<ul>\n<li><strong>gasolina:<\/strong>\u00a0de R$ 1,37\/litro para R$ 1,47\/litro; e<\/li>\n<li><strong>diesel:\u00a0<\/strong>de R$ 1,06\/litro para R$ 1,12\/litro.<\/li>\n<\/ul>\n<p>\u201cEsses ajustes refletem o compromisso dos Estados em promover um sistema fiscal equilibrado, est\u00e1vel e transparente, que responda adequadamente \u00e0s varia\u00e7\u00f5es de pre\u00e7os do mercado e promova justi\u00e7a tribut\u00e1ria\u201d, disse o conselho em nota divulgada em outubro.<\/p>\n<h4>Infla\u00e7\u00e3o<\/h4>\n<p>O grupo dos Transportes tem um impacto importante sobre a infla\u00e7\u00e3o medida pelo \u00cdndice Nacional de Pre\u00e7os ao Consumidor Amplo (IPCA). Na \u00faltima sexta-feira (24\/1), foi divulgado pelo Instituto Brasileiro de Geografia e Estat\u00edstica (IBGE)\u00a0<a href=\"https:\/\/www.metropoles.com\/brasil\/economia-br\/inflacao-passagens-aereas-ficam-mais-caras-enquanto-energia-barateou\">o IPCA-15, considerado a pr\u00e9via da infla\u00e7\u00e3o, que avan\u00e7ou 0,11% em janeiro<\/a>.<\/p>\n<p>Fonte &#8211; Metr\u00f3poles<\/p>\n","protected":false},"excerpt":{"rendered":"<p>O pre\u00e7o do litro da gasolina ter\u00e1 um novo aumento autom\u00e1tico de R$ 0,10 a partir do pr\u00f3ximo s\u00e1bado (1\/2), em fun\u00e7\u00e3o de um aumento no\u00a0Imposto sobre Circula\u00e7\u00e3o de Mercadorias e Servi\u00e7os&hellip;<\/p>\n","protected":false},"author":2,"featured_media":6914,"comment_status":"open","ping_status":"open","sticky":false,"template":"","format":"standard","meta":{"footnotes":""},"categories":[1],"tags":[],"class_list":["post-6913","post","type-post","status-publish","format-standard","has-post-thumbnail","hentry","category-ultimas-noticias"],"_links":{"self":[{"href":"https:\/\/marcoslimma.com.br\/index.php\/wp-json\/wp\/v2\/posts\/6913","targetHints":{"allow":["GET"]}}],"collection":[{"href":"https:\/\/marcoslimma.com.br\/index.php\/wp-json\/wp\/v2\/posts"}],"about":[{"href":"https:\/\/marcoslimma.com.br\/index.php\/wp-json\/wp\/v2\/types\/post"}],"author":[{"embeddable":true,"href":"https:\/\/marcoslimma.com.br\/index.php\/wp-json\/wp\/v2\/users\/2"}],"replies":[{"embeddable":true,"href":"https:\/\/marcoslimma.com.br\/index.php\/wp-json\/wp\/v2\/comments?post=6913"}],"version-history":[{"count":1,"href":"https:\/\/marcoslimma.com.br\/index.php\/wp-json\/wp\/v2\/posts\/6913\/revisions"}],"predecessor-version":[{"id":6915,"href":"https:\/\/marcoslimma.com.br\/index.php\/wp-json\/wp\/v2\/posts\/6913\/revisions\/6915"}],"wp:featuredmedia":[{"embeddable":true,"href":"https:\/\/marcoslimma.com.br\/index.php\/wp-json\/wp\/v2\/media\/6914"}],"wp:attachment":[{"href":"https:\/\/marcoslimma.com.br\/index.php\/wp-json\/wp\/v2\/media?parent=6913"}],"wp:term":[{"taxonomy":"category","embeddable":true,"href":"https:\/\/marcoslimma.com.br\/index.php\/wp-json\/wp\/v2\/categories?post=6913"},{"taxonomy":"post_tag","embeddable":true,"href":"https:\/\/marcoslimma.com.br\/index.php\/wp-json\/wp\/v2\/tags?post=6913"}],"curies":[{"name":"wp","href":"https:\/\/api.w.org\/{rel}","templated":true}]}}