{"id":156,"date":"2023-10-06T19:01:29","date_gmt":"2023-10-06T19:01:29","guid":{"rendered":"https:\/\/marcoslimma.com.br\/?p=156"},"modified":"2023-10-06T19:01:29","modified_gmt":"2023-10-06T19:01:29","slug":"conferencia-municipal-de-educacao-e-realizada-em-trizidela-do-vale","status":"publish","type":"post","link":"https:\/\/marcoslimma.com.br\/index.php\/2023\/10\/06\/conferencia-municipal-de-educacao-e-realizada-em-trizidela-do-vale\/","title":{"rendered":"Confer\u00eancia Municipal de Educa\u00e7\u00e3o \u00e9 realizada em Trizidela do Vale"},"content":{"rendered":"<p><img loading=\"lazy\" decoding=\"async\" class=\"alignnone wp-image-157 size-full\" src=\"https:\/\/marcoslimma.com.br\/wp-content\/uploads\/2023\/10\/49e77b029a20f7b7b914018d0a47a1f8.jpeg\" alt=\"\" width=\"800\" height=\"450\" \/><\/p>\n<p>Na manh\u00e3 desta sexta-feira (06), foi realizada na cidade de Trizidela do Vale mais uma Confer\u00eancia Municipal de Educa\u00e7\u00e3o, com vistas para o Plano Nacional de Educa\u00e7\u00e3o (2024-2034), que planeja as a\u00e7\u00f5es da educa\u00e7\u00e3o para os pr\u00f3ximos 10 anos, este ano com o foco voltado para a tem\u00e1tica &#8220;Pol\u00edtica de Estado para garantia da educa\u00e7\u00e3o com direito humano, com justi\u00e7a social e desenvolvimento socioambiental sustent\u00e1vel&#8221;.<\/p>\n<p><img loading=\"lazy\" decoding=\"async\" class=\"alignnone size-medium wp-image-158\" src=\"https:\/\/marcoslimma.com.br\/wp-content\/uploads\/2023\/10\/aaa-300x225.jpeg\" alt=\"\" width=\"300\" height=\"225\" \/><\/p>\n<p>A a\u00e7\u00e3o foi realizada no audit\u00f3rio do Col\u00e9gio Frei Germano de Cedrate, contando com o apoio de v\u00e1rios membros da educa\u00e7\u00e3o do munic\u00edpio, da secret\u00e1ria da pasta S\u00f4nia Abreu, do Presidente do Legislativo Municipal Francisco Martins, do Prefeito da cidade Deibson Bal\u00e9 e de todo o p\u00fablico que esteve tamb\u00e9m participando deste momento importante e decisivo para os anos futuros.<\/p>\n<p><img loading=\"lazy\" decoding=\"async\" class=\"alignnone size-medium wp-image-159\" src=\"https:\/\/marcoslimma.com.br\/wp-content\/uploads\/2023\/10\/aa-300x225.jpeg\" alt=\"\" width=\"300\" height=\"225\" \/><\/p>\n<p>Nossa equipe do Programa Tribuna 101 esteve por l\u00e1 e conversou com o Prefeito Deibson Bal\u00e9 que destacou que a educa\u00e7\u00e3o segue sendo prioridade na sua gest\u00e3o e que aquilo que for poss\u00edvel e necess\u00e1rio que se fa\u00e7a para que o munic\u00edpio tenha cada vez mais avan\u00e7os ser\u00e1 feito.<\/p>\n","protected":false},"excerpt":{"rendered":"<p>Na manh\u00e3 desta sexta-feira (06), foi realizada na cidade de Trizidela do Vale mais uma Confer\u00eancia Municipal de Educa\u00e7\u00e3o, com vistas para o Plano Nacional de Educa\u00e7\u00e3o (2024-2034), que planeja as a\u00e7\u00f5es&hellip;<\/p>\n","protected":false},"author":2,"featured_media":157,"comment_status":"open","ping_status":"open","sticky":false,"template":"","format":"standard","meta":{"footnotes":""},"categories":[4],"tags":[],"class_list":["post-156","post","type-post","status-publish","format-standard","has-post-thumbnail","hentry","category-noticias"],"_links":{"self":[{"href":"https:\/\/marcoslimma.com.br\/index.php\/wp-json\/wp\/v2\/posts\/156","targetHints":{"allow":["GET"]}}],"collection":[{"href":"https:\/\/marcoslimma.com.br\/index.php\/wp-json\/wp\/v2\/posts"}],"about":[{"href":"https:\/\/marcoslimma.com.br\/index.php\/wp-json\/wp\/v2\/types\/post"}],"author":[{"embeddable":true,"href":"https:\/\/marcoslimma.com.br\/index.php\/wp-json\/wp\/v2\/users\/2"}],"replies":[{"embeddable":true,"href":"https:\/\/marcoslimma.com.br\/index.php\/wp-json\/wp\/v2\/comments?post=156"}],"version-history":[{"count":0,"href":"https:\/\/marcoslimma.com.br\/index.php\/wp-json\/wp\/v2\/posts\/156\/revisions"}],"wp:featuredmedia":[{"embeddable":true,"href":"https:\/\/marcoslimma.com.br\/index.php\/wp-json\/"}],"wp:attachment":[{"href":"https:\/\/marcoslimma.com.br\/index.php\/wp-json\/wp\/v2\/media?parent=156"}],"wp:term":[{"taxonomy":"category","embeddable":true,"href":"https:\/\/marcoslimma.com.br\/index.php\/wp-json\/wp\/v2\/categories?post=156"},{"taxonomy":"post_tag","embeddable":true,"href":"https:\/\/marcoslimma.com.br\/index.php\/wp-json\/wp\/v2\/tags?post=156"}],"curies":[{"name":"wp","href":"https:\/\/api.w.org\/{rel}","templated":true}]}}