{"id":152,"date":"2023-10-06T18:13:10","date_gmt":"2023-10-06T18:13:10","guid":{"rendered":"https:\/\/marcoslimma.com.br\/?p=152"},"modified":"2023-10-06T18:13:10","modified_gmt":"2023-10-06T18:13:10","slug":"vanessa-murad-comete-crime-eleitoral-ao-invadir-hospital-publico-para-fazer-panfletagem-de-avento-politico-em-peritoro","status":"publish","type":"post","link":"https:\/\/marcoslimma.com.br\/index.php\/2023\/10\/06\/vanessa-murad-comete-crime-eleitoral-ao-invadir-hospital-publico-para-fazer-panfletagem-de-avento-politico-em-peritoro\/","title":{"rendered":"Vanessa Murad comete crime eleitoral ao invadir hospital p\u00fablico para fazer panfletagem de evento pol\u00edtico em Peritor\u00f3"},"content":{"rendered":"<p><img loading=\"lazy\" decoding=\"async\" class=\"alignnone wp-image-153 size-large\" src=\"https:\/\/marcoslimma.com.br\/wp-content\/uploads\/2023\/10\/sesf-1024x686.jpg\" alt=\"\" width=\"1024\" height=\"686\" \/><\/p>\n<p>Hoje sexta-feira (6\/10), dia que antecede o evento de lan\u00e7amento de sua pr\u00e9-candidatura para vice-prefeita de PERITOR\u00d3\/MA, a vereadora VANESSA MURAD foi flagrada causando tumulto no Hospital Geral do munic\u00edpio (HG).<\/p>\n<p>O intu\u00eddo da ida da parlamentar ao hospital n\u00e3o foi para fiscalizar ou buscar tratamento para a popula\u00e7\u00e3o de PERITOR\u00d3, mais para causar constrangimento e fazer panfletagem de evento pol\u00edtico, cometendo crime eleitoral de campanha pol\u00edtica antecipada: Propaganda eleitoral extempor\u00e2nea ou antecipada<\/p>\n<p>Lei n\u00b0 9.504\/97, arts. 36-A, I a VI, 36-B, Resolu\u00e7\u00e3o TSE n\u00b0 23.610\/19, arts. 3\u00b0, 3\u00b0-A, 3\u00b0-B e 4\u00b0, Resolu\u00e7\u00e3o TSE n\u00b0 23.671\/21 e Resolu\u00e7\u00e3o TSE n\u00b0 23.679\/22, art. 4\u00b0.<\/p>\n<p>E Mostrando total desrespeito com os pacientes que estavam em busca de atendimento m\u00e9dico.<\/p>\n<p><iframe loading=\"lazy\" title=\"Pr\u00e9-candidata \u00e0 vice-prefeita de Peritor\u00f3 Vanessa Murad invade HG para fazer panfletagem politico .\" width=\"500\" height=\"281\" src=\"https:\/\/www.youtube.com\/embed\/ITqP5_jiymI?feature=oembed\" frameborder=\"0\" allow=\"accelerometer; autoplay; clipboard-write; encrypted-media; gyroscope; picture-in-picture; web-share\" referrerpolicy=\"strict-origin-when-cross-origin\" allowfullscreen><\/iframe><\/p>\n<p>Agora imaginem a Prefeitura nas m\u00e3os desse grupo pol\u00edtica!!!!!!<\/p>\n","protected":false},"excerpt":{"rendered":"<p>Hoje sexta-feira (6\/10), dia que antecede o evento de lan\u00e7amento de sua pr\u00e9-candidatura para vice-prefeita de PERITOR\u00d3\/MA, a vereadora VANESSA MURAD foi flagrada causando tumulto no Hospital Geral do munic\u00edpio (HG). O&hellip;<\/p>\n","protected":false},"author":2,"featured_media":153,"comment_status":"open","ping_status":"open","sticky":false,"template":"","format":"standard","meta":{"footnotes":""},"categories":[4],"tags":[],"class_list":["post-152","post","type-post","status-publish","format-standard","has-post-thumbnail","hentry","category-noticias"],"_links":{"self":[{"href":"https:\/\/marcoslimma.com.br\/index.php\/wp-json\/wp\/v2\/posts\/152","targetHints":{"allow":["GET"]}}],"collection":[{"href":"https:\/\/marcoslimma.com.br\/index.php\/wp-json\/wp\/v2\/posts"}],"about":[{"href":"https:\/\/marcoslimma.com.br\/index.php\/wp-json\/wp\/v2\/types\/post"}],"author":[{"embeddable":true,"href":"https:\/\/marcoslimma.com.br\/index.php\/wp-json\/wp\/v2\/users\/2"}],"replies":[{"embeddable":true,"href":"https:\/\/marcoslimma.com.br\/index.php\/wp-json\/wp\/v2\/comments?post=152"}],"version-history":[{"count":0,"href":"https:\/\/marcoslimma.com.br\/index.php\/wp-json\/wp\/v2\/posts\/152\/revisions"}],"wp:featuredmedia":[{"embeddable":true,"href":"https:\/\/marcoslimma.com.br\/index.php\/wp-json\/"}],"wp:attachment":[{"href":"https:\/\/marcoslimma.com.br\/index.php\/wp-json\/wp\/v2\/media?parent=152"}],"wp:term":[{"taxonomy":"category","embeddable":true,"href":"https:\/\/marcoslimma.com.br\/index.php\/wp-json\/wp\/v2\/categories?post=152"},{"taxonomy":"post_tag","embeddable":true,"href":"https:\/\/marcoslimma.com.br\/index.php\/wp-json\/wp\/v2\/tags?post=152"}],"curies":[{"name":"wp","href":"https:\/\/api.w.org\/{rel}","templated":true}]}}