{"id":143,"date":"2023-10-06T01:51:56","date_gmt":"2023-10-06T01:51:56","guid":{"rendered":"https:\/\/marcoslimma.com.br\/?p=143"},"modified":"2023-10-06T01:51:56","modified_gmt":"2023-10-06T01:51:56","slug":"governo-do-ma-decreta-cortes-de-gastos-em-todas-as-secretarias-por-tempo-indeterminado","status":"publish","type":"post","link":"https:\/\/marcoslimma.com.br\/index.php\/2023\/10\/06\/governo-do-ma-decreta-cortes-de-gastos-em-todas-as-secretarias-por-tempo-indeterminado\/","title":{"rendered":"Governo do MA decreta cortes de gastos em todas as secretarias por tempo indeterminado"},"content":{"rendered":"<p>Dentre as principais medidas de redu\u00e7\u00e3o de gastos, est\u00e3o a proibi\u00e7\u00e3o da cria\u00e7\u00e3o de novos cargos, empregos, ou fun\u00e7\u00f5es p\u00fablicas, que s\u00f3 poder\u00e1 acontecer quando houver fus\u00e3o, incorpora\u00e7\u00e3o ou readequa\u00e7\u00e3o de fun\u00e7\u00f5es, que objetivem a reorganiza\u00e7\u00e3o administrativa. Portanto, n\u00e3o ser\u00e3o mais realizadas:<\/p>\n<p><img loading=\"lazy\" decoding=\"async\" class=\"alignnone wp-image-144 size-large\" src=\"https:\/\/marcoslimma.com.br\/wp-content\/uploads\/2023\/10\/ma-821x1024.webp\" alt=\"\" width=\"821\" height=\"1024\" \/><\/p>\n<p>Nomea\u00e7\u00f5es de servidores tempor\u00e1rios, que implique em aumento de despesa<\/p>\n<p>Cria\u00e7\u00e3o ou concess\u00e3o de bolsas de estudos, ou altera\u00e7\u00e3o das existentes, que implique em aumento de despesa<\/p>\n<p>Cria\u00e7\u00e3o de grupos de trabalho, comit\u00eas, conselhos e comiss\u00f5es remuneradas<\/p>\n<p>Edi\u00e7\u00e3o de quaisquer atos que resultem em aumento de despesa com pessoal no exerc\u00edcio de 2023<\/p>\n<p>O decreto prev\u00ea ainda a redu\u00e7\u00e3o em 25% dos contratos com loca\u00e7\u00e3o de ve\u00edculos e fornecimento de combust\u00edveis; redu\u00e7\u00e3o de 25% nos contratos de fornecimento de material de consumo, passagens a\u00e9reas e at\u00e9 servi\u00e7os de vigil\u00e2ncia.<\/p>\n<p>Foi determinada tamb\u00e9m a redu\u00e7\u00e3o de 10% do quantitativo de pessoal que est\u00e1 em contratos de empresas de limpeza e conserva\u00e7\u00e3o, al\u00e9m de cortes em di\u00e1rias para servidores.<\/p>\n<p>Contratos com empresas de eventos, contrata\u00e7\u00e3o de buffets, som, palco e ilumina\u00e7\u00e3o tamb\u00e9m est\u00e3o proibidos. A exce\u00e7\u00e3o \u00e9 para atividades de representa\u00e7\u00e3o institucional, no qual as despesas precisar\u00e3o ser aprovadas pela chefia de gabinete do governo do estado.<\/p>\n<p>Dentre as principais medidas de redu\u00e7\u00e3o de gastos, est\u00e3o a proibi\u00e7\u00e3o da cria\u00e7\u00e3o de novos cargos, empregos, ou fun\u00e7\u00f5es p\u00fablicas, que s\u00f3 poder\u00e1 acontecer quando houver fus\u00e3o, incorpora\u00e7\u00e3o ou readequa\u00e7\u00e3o de fun\u00e7\u00f5es, que objetivem a reorganiza\u00e7\u00e3o administrativa. Portanto, n\u00e3o ser\u00e3o mais realizadas:<\/p>\n<p>Nomea\u00e7\u00f5es de servidores tempor\u00e1rios, que implique em aumento de despesa<\/p>\n<p>Cria\u00e7\u00e3o ou concess\u00e3o de bolsas de estudos, ou altera\u00e7\u00e3o das existentes, que implique em aumento de despesa<\/p>\n<p>Cria\u00e7\u00e3o de grupos de trabalho, comit\u00eas, conselhos e comiss\u00f5es remuneradas<\/p>\n<p>Edi\u00e7\u00e3o de quaisquer atos que resultem em aumento de despesa com pessoal no exerc\u00edcio de 2023<\/p>\n<p>O decreto prev\u00ea ainda a redu\u00e7\u00e3o em 25% dos contratos com loca\u00e7\u00e3o de ve\u00edculos e fornecimento de combust\u00edveis; redu\u00e7\u00e3o de 25% nos contratos de fornecimento de material de consumo, passagens a\u00e9reas e at\u00e9 servi\u00e7os de vigil\u00e2ncia.<\/p>\n<p>Foi determinada tamb\u00e9m a redu\u00e7\u00e3o de 10% do quantitativo de pessoal que est\u00e1 em contratos de empresas de limpeza e conserva\u00e7\u00e3o, al\u00e9m de cortes em di\u00e1rias para servidores.<\/p>\n<p>Contratos com empresas de eventos, contrata\u00e7\u00e3o de buffets, som, palco e ilumina\u00e7\u00e3o tamb\u00e9m est\u00e3o proibidos. A exce\u00e7\u00e3o \u00e9 para atividades de representa\u00e7\u00e3o institucional, no qual as despesas precisar\u00e3o ser aprovadas pela chefia de gabinete do governo do estado.<\/p>\n<p>Alguns cortes de gastos j\u00e1 foram feitos em algumas secretarias. Em s\u00f3 uma delas, nas contas do governo, cortes nos gastos com limpeza e conserva\u00e7\u00e3o permitiram uma economia de R$ 4 milh\u00f5es em um \u00fanico m\u00eas.<\/p>\n<p>Fiscaliza\u00e7\u00e3o<\/p>\n<p>As medidas de redu\u00e7\u00e3o de gastos v\u00e3o ser fiscalizadas pela Secretaria de Monitoramento de A\u00e7\u00f5es Governamentais, que deve fazer uma revis\u00e3o peri\u00f3dica para saber como est\u00e3o os resultados. O governo diz que as medidas n\u00e3o v\u00e3o afetar os sal\u00e1rios atuais dos servidores e a presta\u00e7\u00e3o de servi\u00e7os considerados essenciais nas \u00e1reas da sa\u00fade, educa\u00e7\u00e3o e seguran\u00e7a p\u00fablica.<\/p>\n<p>&nbsp;<\/p>\n","protected":false},"excerpt":{"rendered":"<p>Dentre as principais medidas de redu\u00e7\u00e3o de gastos, est\u00e3o a proibi\u00e7\u00e3o da cria\u00e7\u00e3o de novos cargos, empregos, ou fun\u00e7\u00f5es p\u00fablicas, que s\u00f3 poder\u00e1 acontecer quando houver fus\u00e3o, incorpora\u00e7\u00e3o ou readequa\u00e7\u00e3o de fun\u00e7\u00f5es,&hellip;<\/p>\n","protected":false},"author":2,"featured_media":144,"comment_status":"open","ping_status":"open","sticky":false,"template":"","format":"standard","meta":{"footnotes":""},"categories":[4],"tags":[],"class_list":["post-143","post","type-post","status-publish","format-standard","has-post-thumbnail","hentry","category-noticias"],"_links":{"self":[{"href":"https:\/\/marcoslimma.com.br\/index.php\/wp-json\/wp\/v2\/posts\/143","targetHints":{"allow":["GET"]}}],"collection":[{"href":"https:\/\/marcoslimma.com.br\/index.php\/wp-json\/wp\/v2\/posts"}],"about":[{"href":"https:\/\/marcoslimma.com.br\/index.php\/wp-json\/wp\/v2\/types\/post"}],"author":[{"embeddable":true,"href":"https:\/\/marcoslimma.com.br\/index.php\/wp-json\/wp\/v2\/users\/2"}],"replies":[{"embeddable":true,"href":"https:\/\/marcoslimma.com.br\/index.php\/wp-json\/wp\/v2\/comments?post=143"}],"version-history":[{"count":0,"href":"https:\/\/marcoslimma.com.br\/index.php\/wp-json\/wp\/v2\/posts\/143\/revisions"}],"wp:featuredmedia":[{"embeddable":true,"href":"https:\/\/marcoslimma.com.br\/index.php\/wp-json\/"}],"wp:attachment":[{"href":"https:\/\/marcoslimma.com.br\/index.php\/wp-json\/wp\/v2\/media?parent=143"}],"wp:term":[{"taxonomy":"category","embeddable":true,"href":"https:\/\/marcoslimma.com.br\/index.php\/wp-json\/wp\/v2\/categories?post=143"},{"taxonomy":"post_tag","embeddable":true,"href":"https:\/\/marcoslimma.com.br\/index.php\/wp-json\/wp\/v2\/tags?post=143"}],"curies":[{"name":"wp","href":"https:\/\/api.w.org\/{rel}","templated":true}]}}