{"id":137,"date":"2023-10-06T01:26:45","date_gmt":"2023-10-06T01:26:45","guid":{"rendered":"https:\/\/marcoslimma.com.br\/?p=137"},"modified":"2023-10-06T01:26:45","modified_gmt":"2023-10-06T01:26:45","slug":"prefeitura-realiza-limpeza-e-a-desobstrucao-de-igarape-na-vila-santa-luzia-na-barriguda-do-insono","status":"publish","type":"post","link":"https:\/\/marcoslimma.com.br\/index.php\/2023\/10\/06\/prefeitura-realiza-limpeza-e-a-desobstrucao-de-igarape-na-vila-santa-luzia-na-barriguda-do-insono\/","title":{"rendered":"PREFEITURA REALIZA LIMPEZA E A DESOBSTRU\u00c7\u00c3O DE IGARAP\u00c9 NA VILA SANTA LUZIA NA BARRIGUDA DO INSONO."},"content":{"rendered":"<p>&nbsp;<\/p>\n<p>&nbsp;<\/p>\n<p>A <strong>Prefeitura de Pedreiras<\/strong>, realizou a limpeza do Igarap\u00e9 da <strong>Vila Santa Luzia na Barriguda do insano<\/strong>.<\/p>\n<p><img loading=\"lazy\" decoding=\"async\" class=\"alignnone wp-image-138 size-large\" src=\"https:\/\/marcoslimma.com.br\/wp-content\/uploads\/2023\/10\/0cea2d68-651d-4f44-9b9a-d6f5f0a641c8-1024x576.jpg\" alt=\"\" width=\"1024\" height=\"576\" \/><\/p>\n<p>A a\u00e7\u00e3o foi um pedido dos moradores que foram atendidos mediante uma solicita\u00e7\u00e3o do vereador <strong>Jotinha Oliveira<\/strong> que pessoalmente esteve conversando com a prefeita <strong>Vanessa Maia<\/strong> que determinou que a equipe da prefeitura realizasse o servi\u00e7o de limpeza no local.<\/p>\n<p>A a\u00e7\u00e3o faz parte do objetivo da retirada de lixo e entulhos que estavam obstruindo o curso d&#8217;\u00e1gua e causando transtornos \u00e0 popula\u00e7\u00e3o.<\/p>\n<p>Al\u00e9m disso, a prefeitura fez um alerta \u00e0 popula\u00e7\u00e3o local para evitar o descarte de lixo e res\u00edduos nas margens do igarap\u00e9 e manter a limpeza do local, contribuindo para a preserva\u00e7\u00e3o do meio ambiente.<\/p>\n<p>O governo Tempo de Reconstruir tem como programa tem como meta a limpeza e revitaliza\u00e7\u00e3o de v\u00e1rias vias fluviais da cidade, com o intuito de melhorar a qualidade de vida da popula\u00e7\u00e3o e promover a conserva\u00e7\u00e3o do ecossistema local.<\/p>\n<p><img loading=\"lazy\" decoding=\"async\" class=\"alignnone  wp-image-139\" src=\"https:\/\/marcoslimma.com.br\/wp-content\/uploads\/2023\/10\/48145587-2cc1-41c4-8fb3-1f7b0d77e364-300x169.jpg\" alt=\"\" width=\"948\" height=\"534\" \/><\/p>\n<p><img loading=\"lazy\" decoding=\"async\" class=\"alignnone  wp-image-140\" src=\"https:\/\/marcoslimma.com.br\/wp-content\/uploads\/2023\/10\/1eeecad4-3823-4e97-b551-14ac04c42aa9-300x169.jpg\" alt=\"\" width=\"946\" height=\"533\" \/><\/p>\n","protected":false},"excerpt":{"rendered":"<p>&nbsp; &nbsp; A Prefeitura de Pedreiras, realizou a limpeza do Igarap\u00e9 da Vila Santa Luzia na Barriguda do insano. A a\u00e7\u00e3o foi um pedido dos moradores que foram atendidos mediante uma solicita\u00e7\u00e3o&hellip;<\/p>\n","protected":false},"author":2,"featured_media":138,"comment_status":"open","ping_status":"open","sticky":false,"template":"","format":"standard","meta":{"footnotes":""},"categories":[4],"tags":[15],"class_list":["post-137","post","type-post","status-publish","format-standard","has-post-thumbnail","hentry","category-noticias","tag-prefeitura-de-pedreiras"],"_links":{"self":[{"href":"https:\/\/marcoslimma.com.br\/index.php\/wp-json\/wp\/v2\/posts\/137","targetHints":{"allow":["GET"]}}],"collection":[{"href":"https:\/\/marcoslimma.com.br\/index.php\/wp-json\/wp\/v2\/posts"}],"about":[{"href":"https:\/\/marcoslimma.com.br\/index.php\/wp-json\/wp\/v2\/types\/post"}],"author":[{"embeddable":true,"href":"https:\/\/marcoslimma.com.br\/index.php\/wp-json\/wp\/v2\/users\/2"}],"replies":[{"embeddable":true,"href":"https:\/\/marcoslimma.com.br\/index.php\/wp-json\/wp\/v2\/comments?post=137"}],"version-history":[{"count":0,"href":"https:\/\/marcoslimma.com.br\/index.php\/wp-json\/wp\/v2\/posts\/137\/revisions"}],"wp:featuredmedia":[{"embeddable":true,"href":"https:\/\/marcoslimma.com.br\/index.php\/wp-json\/"}],"wp:attachment":[{"href":"https:\/\/marcoslimma.com.br\/index.php\/wp-json\/wp\/v2\/media?parent=137"}],"wp:term":[{"taxonomy":"category","embeddable":true,"href":"https:\/\/marcoslimma.com.br\/index.php\/wp-json\/wp\/v2\/categories?post=137"},{"taxonomy":"post_tag","embeddable":true,"href":"https:\/\/marcoslimma.com.br\/index.php\/wp-json\/wp\/v2\/tags?post=137"}],"curies":[{"name":"wp","href":"https:\/\/api.w.org\/{rel}","templated":true}]}}