{"id":118,"date":"2023-10-04T17:07:50","date_gmt":"2023-10-04T17:07:50","guid":{"rendered":"https:\/\/marcoslimma.com.br\/?p=118"},"modified":"2023-10-04T17:07:50","modified_gmt":"2023-10-04T17:07:50","slug":"sebrae-promove-em-pedreiras-vitorino-freire-e-lago-da-pedra-liquida-bazar","status":"publish","type":"post","link":"https:\/\/marcoslimma.com.br\/index.php\/2023\/10\/04\/sebrae-promove-em-pedreiras-vitorino-freire-e-lago-da-pedra-liquida-bazar\/","title":{"rendered":"SEBRAE Promove em Pedreiras, Vitorino Freire e Lago da Pedra Liquida Bazar"},"content":{"rendered":"<p><img loading=\"lazy\" decoding=\"async\" class=\"alignnone wp-image-119 size-full\" src=\"https:\/\/marcoslimma.com.br\/wp-content\/uploads\/2023\/10\/5065adf9-3b7a-4bd3-a915-9a29ac630a2a.jpg\" alt=\"\" width=\"848\" height=\"487\" \/><\/p>\n<p>O Sebrae promove de 2 a 7 de outubro o \u201cLiquida Bazar\u201d, maior promo\u00e7\u00e3o de vendas do estado para apoiar as micro e pequenas empresas varejistas do estado. A a\u00e7\u00e3o ocorre nas 12 Regionais do Sebrae, com a participa\u00e7\u00e3o de 40 cidades do Maranh\u00e3o, onde os mais variados segmentos lojistas ir\u00e3o participar.<\/p>\n<p>Com o Liquida Bazar, o Sebrae pretende oportunizar para consumidores a aquisi\u00e7\u00e3o de produtos e servi\u00e7os com pre\u00e7os diferenciados. J\u00e1 para as micros e pequenas empresas e neg\u00f3cios varejistas, a a\u00e7\u00e3o \u00e9 uma excelente oportunidade de liquida\u00e7\u00e3o de estoque parado, amplia\u00e7\u00e3o e fideliza\u00e7\u00e3o de clientes, al\u00e9m do aumento do faturamento.<\/p>\n<p>Pedreiras, Vitorino Freire e Lago da Pedra, foram os tr\u00eas munic\u00edpios da Regional de Bacabal, escolhidos para movimentar a economia e oportunizar a comercializa\u00e7\u00e3o de produtos e\/ou servi\u00e7os com pre\u00e7os que podem chegar a at\u00e9 70% de desconto.<\/p>\n<p>Para participar, o empreendedor precisa ter loja f\u00edsica ou virtual, CNPJ com endere\u00e7o em um dos munic\u00edpios da \u00e1rea de abrang\u00eancia da a\u00e7\u00e3o e a empresa precisa estar enquadrada como MEI, ME ou EPP.<\/p>\n<p>Os segmentos que podem participar s\u00e3o: confec\u00e7\u00f5es, cal\u00e7ados, inform\u00e1tica, eletr\u00f4nicos, m\u00f3veis, bijuterias, semij\u00f3ias, moda \u00edntima, utens\u00edlios do lar, artigos de cama, mesa e banho, cosm\u00e9ticos, servi\u00e7os ligados \u00e0 beleza (sal\u00e3o de beleza), artesanato, gastronomia, dentre outros.<\/p>\n","protected":false},"excerpt":{"rendered":"<p>O Sebrae promove de 2 a 7 de outubro o \u201cLiquida Bazar\u201d, maior promo\u00e7\u00e3o de vendas do estado para apoiar as micro e pequenas empresas varejistas do estado. A a\u00e7\u00e3o ocorre nas&hellip;<\/p>\n","protected":false},"author":2,"featured_media":119,"comment_status":"open","ping_status":"open","sticky":false,"template":"","format":"standard","meta":{"footnotes":""},"categories":[4],"tags":[17],"class_list":["post-118","post","type-post","status-publish","format-standard","has-post-thumbnail","hentry","category-noticias","tag-sebrae-ma"],"_links":{"self":[{"href":"https:\/\/marcoslimma.com.br\/index.php\/wp-json\/wp\/v2\/posts\/118","targetHints":{"allow":["GET"]}}],"collection":[{"href":"https:\/\/marcoslimma.com.br\/index.php\/wp-json\/wp\/v2\/posts"}],"about":[{"href":"https:\/\/marcoslimma.com.br\/index.php\/wp-json\/wp\/v2\/types\/post"}],"author":[{"embeddable":true,"href":"https:\/\/marcoslimma.com.br\/index.php\/wp-json\/wp\/v2\/users\/2"}],"replies":[{"embeddable":true,"href":"https:\/\/marcoslimma.com.br\/index.php\/wp-json\/wp\/v2\/comments?post=118"}],"version-history":[{"count":0,"href":"https:\/\/marcoslimma.com.br\/index.php\/wp-json\/wp\/v2\/posts\/118\/revisions"}],"wp:featuredmedia":[{"embeddable":true,"href":"https:\/\/marcoslimma.com.br\/index.php\/wp-json\/"}],"wp:attachment":[{"href":"https:\/\/marcoslimma.com.br\/index.php\/wp-json\/wp\/v2\/media?parent=118"}],"wp:term":[{"taxonomy":"category","embeddable":true,"href":"https:\/\/marcoslimma.com.br\/index.php\/wp-json\/wp\/v2\/categories?post=118"},{"taxonomy":"post_tag","embeddable":true,"href":"https:\/\/marcoslimma.com.br\/index.php\/wp-json\/wp\/v2\/tags?post=118"}],"curies":[{"name":"wp","href":"https:\/\/api.w.org\/{rel}","templated":true}]}}