{"id":10761,"date":"2026-05-02T01:16:50","date_gmt":"2026-05-02T04:16:50","guid":{"rendered":"https:\/\/marcoslimma.com.br\/?p=10761"},"modified":"2026-05-02T01:18:33","modified_gmt":"2026-05-02T04:18:33","slug":"movimentacao-politica-em-lima-campos-gera-especulacoes-mas-sem-acordo-confirmado","status":"publish","type":"post","link":"https:\/\/marcoslimma.com.br\/index.php\/2026\/05\/02\/movimentacao-politica-em-lima-campos-gera-especulacoes-mas-sem-acordo-confirmado\/","title":{"rendered":"Movimenta\u00e7\u00e3o pol\u00edtica em Lima Campos gera especula\u00e7\u00f5es, mas sem acordo confirmado"},"content":{"rendered":"<p data-start=\"162\" data-end=\"242\"><img loading=\"lazy\" decoding=\"async\" class=\"alignnone size-full wp-image-10762\" src=\"https:\/\/marcoslimma.com.br\/wp-content\/uploads\/2026\/05\/WhatsApp-Image-2026-05-02-at-01.13.32.jpeg\" alt=\"\" width=\"590\" height=\"420\" srcset=\"https:\/\/marcoslimma.com.br\/wp-content\/uploads\/2026\/05\/WhatsApp-Image-2026-05-02-at-01.13.32.jpeg 590w, https:\/\/marcoslimma.com.br\/wp-content\/uploads\/2026\/05\/WhatsApp-Image-2026-05-02-at-01.13.32-300x214.jpeg 300w\" sizes=\"auto, (max-width: 590px) 100vw, 590px\" \/><\/p>\n<p data-start=\"244\" data-end=\"564\">\u00a0 \u00a0Na tarde da \u00faltima sexta-feira (1\u00ba), feriado do Dia do Trabalhador, uma movimenta\u00e7\u00e3o pol\u00edtica chamou a aten\u00e7\u00e3o no munic\u00edpio de <strong>Lima Campos<\/strong>. O grupo liderado pelo ex-prefeito <strong>Dr. Arist\u00f3teles<\/strong> esteve reunido em um encontro que contou com a presen\u00e7a do presidente da <strong>C\u00e2mara Municipal<\/strong>, vereador <strong>Ney Braga<\/strong>, al\u00e9m de apoiadores.<\/p>\n<p data-start=\"566\" data-end=\"759\">Durante a reuni\u00e3o, tamb\u00e9m participaram algumas pessoas conhecidas por integrarem a oposi\u00e7\u00e3o ao atual prefeito<strong> Jailson<\/strong>, o que rapidamente gerou repercuss\u00e3o nos bastidores pol\u00edticos do munic\u00edpio.<\/p>\n<p data-start=\"761\" data-end=\"969\">Pouco tempo depois, v\u00eddeos, fotos e \u00e1udios come\u00e7aram a circular e foram enviados \u00e0 reda\u00e7\u00e3o do blog, com legendas sugerindo que <strong>Dr. Arist\u00f3teles<\/strong> teria fechado um poss\u00edvel acordo com o grupo oposicionista. Ser\u00e1?<\/p>\n<p data-start=\"971\" data-end=\"1209\">Diante da situa\u00e7\u00e3o, a reportagem buscou esclarecimentos. O presidente da C\u00e2mara, <strong>Ney Braga<\/strong>, foi direto ao afirmar que n\u00e3o h\u00e1 qualquer defini\u00e7\u00e3o: \u201c\u00c9 apenas uma resenha\u201d, pontuou, descartando, ao menos por enquanto, qualquer alian\u00e7a formal.<\/p>\n<p data-start=\"1211\" data-end=\"1592\">O prefeito <strong>Jailson<\/strong> tamb\u00e9m foi ouvido e demonstrou tranquilidade em rela\u00e7\u00e3o ao epis\u00f3dio. Segundo ele, segue focado na administra\u00e7\u00e3o do munic\u00edpio e destacou que, at\u00e9 o momento, <strong>Dr. Arist\u00f3teles<\/strong> tem se mantido como aliado pol\u00edtico. O gestor ressaltou ainda que todos t\u00eam liberdade para dialogar, especialmente em momentos informais, mas lembrou que cada um \u00e9 respons\u00e1vel por seus atos.<\/p>\n<p data-start=\"1594\" data-end=\"1868\">Vale lembrar que, recentemente, o pr\u00f3prio <strong>Dr. Arist\u00f3teles<\/strong> declarou, em entrevista ao <strong>Blog do Marcos Lima<\/strong>, que \u00e9 \u201cinvend\u00e1vel\u201d e que n\u00e3o se negociaria por interesses pol\u00edticos menores, classificando como \u201cmixaria\u201d, o que refor\u00e7a as d\u00favidas sobre a veracidade das especula\u00e7\u00f5es.<\/p>\n<p data-start=\"1870\" data-end=\"2005\">Por enquanto, o cen\u00e1rio permanece indefinido. At\u00e9 que novos desdobramentos ocorram, <strong>Dr. Arist\u00f3teles<\/strong> segue no grupo do prefeito <strong>Jailson.<\/strong><\/p>\n<p data-start=\"2007\" data-end=\"2084\">E voc\u00ea, acredita que Dr. Arist\u00f3teles e seu grupo vai para o grupo da oposic\u00e3o ou tudo n\u00e3o passa de especula\u00e7\u00e3o?<\/p>\n<div style=\"width: 480px;\" class=\"wp-video\"><video class=\"wp-video-shortcode\" id=\"video-10761-1\" width=\"480\" height=\"848\" preload=\"metadata\" controls=\"controls\"><source type=\"video\/mp4\" src=\"https:\/\/marcoslimma.com.br\/wp-content\/uploads\/2026\/05\/VID-20260501-WA1013.mp4?_=1\" \/><a href=\"https:\/\/marcoslimma.com.br\/wp-content\/uploads\/2026\/05\/VID-20260501-WA1013.mp4\">https:\/\/marcoslimma.com.br\/wp-content\/uploads\/2026\/05\/VID-20260501-WA1013.mp4<\/a><\/video><\/div>\n<p>&nbsp;<\/p>\n<p>&nbsp;<\/p>\n","protected":false},"excerpt":{"rendered":"<p>\u00a0 \u00a0Na tarde da \u00faltima sexta-feira (1\u00ba), feriado do Dia do Trabalhador, uma movimenta\u00e7\u00e3o pol\u00edtica chamou a aten\u00e7\u00e3o no munic\u00edpio de Lima Campos. O grupo liderado pelo ex-prefeito Dr. Arist\u00f3teles esteve reunido&hellip;<\/p>\n","protected":false},"author":2,"featured_media":10762,"comment_status":"open","ping_status":"open","sticky":false,"template":"","format":"standard","meta":{"footnotes":""},"categories":[1],"tags":[],"class_list":["post-10761","post","type-post","status-publish","format-standard","has-post-thumbnail","hentry","category-ultimas-noticias"],"_links":{"self":[{"href":"https:\/\/marcoslimma.com.br\/index.php\/wp-json\/wp\/v2\/posts\/10761","targetHints":{"allow":["GET"]}}],"collection":[{"href":"https:\/\/marcoslimma.com.br\/index.php\/wp-json\/wp\/v2\/posts"}],"about":[{"href":"https:\/\/marcoslimma.com.br\/index.php\/wp-json\/wp\/v2\/types\/post"}],"author":[{"embeddable":true,"href":"https:\/\/marcoslimma.com.br\/index.php\/wp-json\/wp\/v2\/users\/2"}],"replies":[{"embeddable":true,"href":"https:\/\/marcoslimma.com.br\/index.php\/wp-json\/wp\/v2\/comments?post=10761"}],"version-history":[{"count":3,"href":"https:\/\/marcoslimma.com.br\/index.php\/wp-json\/wp\/v2\/posts\/10761\/revisions"}],"predecessor-version":[{"id":10766,"href":"https:\/\/marcoslimma.com.br\/index.php\/wp-json\/wp\/v2\/posts\/10761\/revisions\/10766"}],"wp:featuredmedia":[{"embeddable":true,"href":"https:\/\/marcoslimma.com.br\/index.php\/wp-json\/wp\/v2\/media\/10762"}],"wp:attachment":[{"href":"https:\/\/marcoslimma.com.br\/index.php\/wp-json\/wp\/v2\/media?parent=10761"}],"wp:term":[{"taxonomy":"category","embeddable":true,"href":"https:\/\/marcoslimma.com.br\/index.php\/wp-json\/wp\/v2\/categories?post=10761"},{"taxonomy":"post_tag","embeddable":true,"href":"https:\/\/marcoslimma.com.br\/index.php\/wp-json\/wp\/v2\/tags?post=10761"}],"curies":[{"name":"wp","href":"https:\/\/api.w.org\/{rel}","templated":true}]}}