{"id":10757,"date":"2026-05-01T13:37:23","date_gmt":"2026-05-01T16:37:23","guid":{"rendered":"https:\/\/marcoslimma.com.br\/?p=10757"},"modified":"2026-05-01T13:37:23","modified_gmt":"2026-05-01T16:37:23","slug":"fraternidade-em-acao-doacao-de-cadeiras-de-rodas-leva-dignidade-a-idosos-em-pedreiras","status":"publish","type":"post","link":"https:\/\/marcoslimma.com.br\/index.php\/2026\/05\/01\/fraternidade-em-acao-doacao-de-cadeiras-de-rodas-leva-dignidade-a-idosos-em-pedreiras\/","title":{"rendered":"Fraternidade em a\u00e7\u00e3o: doa\u00e7\u00e3o de cadeiras de rodas leva dignidade a idosos em Pedreiras"},"content":{"rendered":"<p data-start=\"283\" data-end=\"552\">\n<p data-start=\"283\" data-end=\"552\"><img loading=\"lazy\" decoding=\"async\" class=\"alignnone size-large wp-image-10758\" src=\"https:\/\/marcoslimma.com.br\/wp-content\/uploads\/2026\/05\/WhatsApp-Image-2026-05-01-at-12.35.43-2-1024x576.jpeg\" alt=\"\" width=\"1024\" height=\"576\" srcset=\"https:\/\/marcoslimma.com.br\/wp-content\/uploads\/2026\/05\/WhatsApp-Image-2026-05-01-at-12.35.43-2-1024x576.jpeg 1024w, https:\/\/marcoslimma.com.br\/wp-content\/uploads\/2026\/05\/WhatsApp-Image-2026-05-01-at-12.35.43-2-300x169.jpeg 300w, https:\/\/marcoslimma.com.br\/wp-content\/uploads\/2026\/05\/WhatsApp-Image-2026-05-01-at-12.35.43-2-768x432.jpeg 768w, https:\/\/marcoslimma.com.br\/wp-content\/uploads\/2026\/05\/WhatsApp-Image-2026-05-01-at-12.35.43-2.jpeg 1280w\" sizes=\"auto, (max-width: 1024px) 100vw, 1024px\" \/><\/p>\n<p data-start=\"283\" data-end=\"552\">\u00a0 Em <strong>Pedreiras<\/strong>, um gesto de solidariedade marcou o dia com a entrega de cadeiras de rodas a uma institui\u00e7\u00e3o que acolhe idosos no munic\u00edpio. A a\u00e7\u00e3o foi realizada pela <strong>Grande Loja Ma\u00e7\u00f4nica do Estado do Maranh\u00e3o<\/strong>, por meio do <strong>Pal\u00e1cio da Fraternidade<\/strong> e da <strong>Loja Gon\u00e7alves Ledo.<\/strong><\/p>\n<p data-start=\"554\" data-end=\"721\">Mais do que a doa\u00e7\u00e3o de equipamentos, a iniciativa representou um ato concreto de promo\u00e7\u00e3o da dignidade, respeito e cuidado com pessoas em situa\u00e7\u00e3o de vulnerabilidade.<\/p>\n<p data-start=\"723\" data-end=\"1087\">Um dos destaques da a\u00e7\u00e3o foi a atua\u00e7\u00e3o das Samaritanas, grupo formado por esposas de ma\u00e7ons, que desenvolvem um trabalho social cont\u00ednuo e discreto na comunidade. S\u00e3o elas que, frequentemente, visitam pessoas acamadas, prestam apoio a institui\u00e7\u00f5es e identificam necessidades urgentes. Foi a partir desse trabalho que a institui\u00e7\u00e3o beneficiada foi inclu\u00edda na a\u00e7\u00e3o.<\/p>\n<p data-start=\"1089\" data-end=\"1242\">A iniciativa refor\u00e7a o papel social da <strong>Ma\u00e7onaria<\/strong>, que tem como princ\u00edpio atuar de forma solid\u00e1ria, sem distin\u00e7\u00e3o, contribuindo para o bem-estar coletivo.<\/p>\n<p data-start=\"1244\" data-end=\"1443\">A a\u00e7\u00e3o tamb\u00e9m evidencia a import\u00e2ncia da uni\u00e3o entre volunt\u00e1rios e entidades comprometidas com causas sociais, ampliando o alcance de iniciativas que impactam diretamente a vida de quem mais precisa.<\/p>\n<p data-start=\"1445\" data-end=\"1578\">Em<strong> Pedreiras,<\/strong> o epis\u00f3dio deixa uma mensagem clara: a fraternidade, quando colocada em pr\u00e1tica, tem o poder de transformar realidades.<\/p>\n<p data-start=\"1445\" data-end=\"1578\"><img loading=\"lazy\" decoding=\"async\" class=\"alignnone size-large wp-image-10759\" src=\"https:\/\/marcoslimma.com.br\/wp-content\/uploads\/2026\/05\/WhatsApp-Image-2026-05-01-at-12.35.44-1024x576.jpeg\" alt=\"\" width=\"1024\" height=\"576\" srcset=\"https:\/\/marcoslimma.com.br\/wp-content\/uploads\/2026\/05\/WhatsApp-Image-2026-05-01-at-12.35.44-1024x576.jpeg 1024w, https:\/\/marcoslimma.com.br\/wp-content\/uploads\/2026\/05\/WhatsApp-Image-2026-05-01-at-12.35.44-300x169.jpeg 300w, https:\/\/marcoslimma.com.br\/wp-content\/uploads\/2026\/05\/WhatsApp-Image-2026-05-01-at-12.35.44-768x432.jpeg 768w, https:\/\/marcoslimma.com.br\/wp-content\/uploads\/2026\/05\/WhatsApp-Image-2026-05-01-at-12.35.44.jpeg 1280w\" sizes=\"auto, (max-width: 1024px) 100vw, 1024px\" \/><\/p>\n","protected":false},"excerpt":{"rendered":"<p>\u00a0 Em Pedreiras, um gesto de solidariedade marcou o dia com a entrega de cadeiras de rodas a uma institui\u00e7\u00e3o que acolhe idosos no munic\u00edpio. A a\u00e7\u00e3o foi realizada pela Grande Loja&hellip;<\/p>\n","protected":false},"author":2,"featured_media":10758,"comment_status":"open","ping_status":"open","sticky":false,"template":"","format":"standard","meta":{"footnotes":""},"categories":[1],"tags":[],"class_list":["post-10757","post","type-post","status-publish","format-standard","has-post-thumbnail","hentry","category-ultimas-noticias"],"_links":{"self":[{"href":"https:\/\/marcoslimma.com.br\/index.php\/wp-json\/wp\/v2\/posts\/10757","targetHints":{"allow":["GET"]}}],"collection":[{"href":"https:\/\/marcoslimma.com.br\/index.php\/wp-json\/wp\/v2\/posts"}],"about":[{"href":"https:\/\/marcoslimma.com.br\/index.php\/wp-json\/wp\/v2\/types\/post"}],"author":[{"embeddable":true,"href":"https:\/\/marcoslimma.com.br\/index.php\/wp-json\/wp\/v2\/users\/2"}],"replies":[{"embeddable":true,"href":"https:\/\/marcoslimma.com.br\/index.php\/wp-json\/wp\/v2\/comments?post=10757"}],"version-history":[{"count":1,"href":"https:\/\/marcoslimma.com.br\/index.php\/wp-json\/wp\/v2\/posts\/10757\/revisions"}],"predecessor-version":[{"id":10760,"href":"https:\/\/marcoslimma.com.br\/index.php\/wp-json\/wp\/v2\/posts\/10757\/revisions\/10760"}],"wp:featuredmedia":[{"embeddable":true,"href":"https:\/\/marcoslimma.com.br\/index.php\/wp-json\/wp\/v2\/media\/10758"}],"wp:attachment":[{"href":"https:\/\/marcoslimma.com.br\/index.php\/wp-json\/wp\/v2\/media?parent=10757"}],"wp:term":[{"taxonomy":"category","embeddable":true,"href":"https:\/\/marcoslimma.com.br\/index.php\/wp-json\/wp\/v2\/categories?post=10757"},{"taxonomy":"post_tag","embeddable":true,"href":"https:\/\/marcoslimma.com.br\/index.php\/wp-json\/wp\/v2\/tags?post=10757"}],"curies":[{"name":"wp","href":"https:\/\/api.w.org\/{rel}","templated":true}]}}