{"id":10749,"date":"2026-04-30T18:56:29","date_gmt":"2026-04-30T21:56:29","guid":{"rendered":"https:\/\/marcoslimma.com.br\/?p=10749"},"modified":"2026-04-30T18:56:53","modified_gmt":"2026-04-30T21:56:53","slug":"moto-roubada-em-pedreiras-e-recuperada-pela-pm-em-lima-campos","status":"publish","type":"post","link":"https:\/\/marcoslimma.com.br\/index.php\/2026\/04\/30\/moto-roubada-em-pedreiras-e-recuperada-pela-pm-em-lima-campos\/","title":{"rendered":"Moto roubada em Pedreiras \u00e9 recuperada pela PM em Lima Campos"},"content":{"rendered":"<p><img loading=\"lazy\" decoding=\"async\" class=\"alignnone size-large wp-image-10750\" src=\"https:\/\/marcoslimma.com.br\/wp-content\/uploads\/2026\/04\/WhatsApp-Image-2026-04-30-at-18.39.21-768x1024.jpeg\" alt=\"\" width=\"768\" height=\"1024\" srcset=\"https:\/\/marcoslimma.com.br\/wp-content\/uploads\/2026\/04\/WhatsApp-Image-2026-04-30-at-18.39.21-768x1024.jpeg 768w, https:\/\/marcoslimma.com.br\/wp-content\/uploads\/2026\/04\/WhatsApp-Image-2026-04-30-at-18.39.21-225x300.jpeg 225w, https:\/\/marcoslimma.com.br\/wp-content\/uploads\/2026\/04\/WhatsApp-Image-2026-04-30-at-18.39.21.jpeg 960w\" sizes=\"auto, (max-width: 768px) 100vw, 768px\" \/><\/p>\n<p>&nbsp;<\/p>\n<p>A Pol\u00edcia Militar recuperou, na tarde desta ter\u00e7a-feira (30), uma motocicleta roubada que havia sido levada durante um assalto em Pedreiras. O ve\u00edculo, pertencente a uma moradora de Pedreiras, foi localizado na cidade de Lima Campos ap\u00f3s rastreamento via sat\u00e9lite.<\/p>\n<p>De acordo com informa\u00e7\u00f5es, os suspeitos passaram pela MA-122 em frente a um cemit\u00e9rio em Pedreiras e seguiram em dire\u00e7\u00e3o a Lima Campos com a motocicleta. Durante o trajeto, o sistema de rastreamento foi acionado, levando ao bloqueio do ve\u00edculo.<\/p>\n<p>Ainda segundo relatos, os criminosos tentaram consertar a moto em uma oficina, mas, ao serem informados de que o ve\u00edculo possu\u00eda rastreador e estava bloqueado, decidiram abandon\u00e1-lo e fugir do local.<\/p>\n<p>A Pol\u00edcia Militar realizou rondas na regi\u00e3o, mas at\u00e9 o momento os suspeitos n\u00e3o foram localizados. A corpora\u00e7\u00e3o tamb\u00e9m divulgou imagens dos suspeitos para ajudar na identifica\u00e7\u00e3o e localiza\u00e7\u00e3o dos envolvidos.<\/p>\n<p>A motocicleta foi apresentada na 14\u00aa Delegacia Regional de Pedreiras, onde ser\u00e3o adotadas as medidas cab\u00edveis.<\/p>\n<p>&nbsp;<\/p>\n","protected":false},"excerpt":{"rendered":"<p>&nbsp; A Pol\u00edcia Militar recuperou, na tarde desta ter\u00e7a-feira (30), uma motocicleta roubada que havia sido levada durante um assalto em Pedreiras. O ve\u00edculo, pertencente a uma moradora de Pedreiras, foi localizado&hellip;<\/p>\n","protected":false},"author":2,"featured_media":10750,"comment_status":"open","ping_status":"open","sticky":false,"template":"","format":"standard","meta":{"footnotes":""},"categories":[1],"tags":[],"class_list":["post-10749","post","type-post","status-publish","format-standard","has-post-thumbnail","hentry","category-ultimas-noticias"],"_links":{"self":[{"href":"https:\/\/marcoslimma.com.br\/index.php\/wp-json\/wp\/v2\/posts\/10749","targetHints":{"allow":["GET"]}}],"collection":[{"href":"https:\/\/marcoslimma.com.br\/index.php\/wp-json\/wp\/v2\/posts"}],"about":[{"href":"https:\/\/marcoslimma.com.br\/index.php\/wp-json\/wp\/v2\/types\/post"}],"author":[{"embeddable":true,"href":"https:\/\/marcoslimma.com.br\/index.php\/wp-json\/wp\/v2\/users\/2"}],"replies":[{"embeddable":true,"href":"https:\/\/marcoslimma.com.br\/index.php\/wp-json\/wp\/v2\/comments?post=10749"}],"version-history":[{"count":1,"href":"https:\/\/marcoslimma.com.br\/index.php\/wp-json\/wp\/v2\/posts\/10749\/revisions"}],"predecessor-version":[{"id":10751,"href":"https:\/\/marcoslimma.com.br\/index.php\/wp-json\/wp\/v2\/posts\/10749\/revisions\/10751"}],"wp:featuredmedia":[{"embeddable":true,"href":"https:\/\/marcoslimma.com.br\/index.php\/wp-json\/wp\/v2\/media\/10750"}],"wp:attachment":[{"href":"https:\/\/marcoslimma.com.br\/index.php\/wp-json\/wp\/v2\/media?parent=10749"}],"wp:term":[{"taxonomy":"category","embeddable":true,"href":"https:\/\/marcoslimma.com.br\/index.php\/wp-json\/wp\/v2\/categories?post=10749"},{"taxonomy":"post_tag","embeddable":true,"href":"https:\/\/marcoslimma.com.br\/index.php\/wp-json\/wp\/v2\/tags?post=10749"}],"curies":[{"name":"wp","href":"https:\/\/api.w.org\/{rel}","templated":true}]}}