{"id":10746,"date":"2026-04-29T09:54:36","date_gmt":"2026-04-29T12:54:36","guid":{"rendered":"https:\/\/marcoslimma.com.br\/?p=10746"},"modified":"2026-04-29T09:54:36","modified_gmt":"2026-04-29T12:54:36","slug":"peritoro-realiza-sonho-de-familias-com-entrega-de-109-titulos-de-propriedade-pelo-programa-a-casa-e-minha-a-meta-e-contemplar-4-mil-familias-2","status":"publish","type":"post","link":"https:\/\/marcoslimma.com.br\/index.php\/2026\/04\/29\/peritoro-realiza-sonho-de-familias-com-entrega-de-109-titulos-de-propriedade-pelo-programa-a-casa-e-minha-a-meta-e-contemplar-4-mil-familias-2\/","title":{"rendered":"Peritor\u00f3 realiza sonho de fam\u00edlias com entrega de 109 t\u00edtulos de propriedade pelo programa \u201cA Casa \u00e9 Minha\u201d; a meta \u00e9 contemplar 4 mil fam\u00edlias"},"content":{"rendered":"<p><img loading=\"lazy\" decoding=\"async\" class=\"alignnone size-large wp-image-10743\" src=\"https:\/\/marcoslimma.com.br\/wp-content\/uploads\/2026\/04\/IMG-20260429-WA0133.jpg-1024x768.jpeg\" alt=\"\" width=\"1024\" height=\"768\" srcset=\"https:\/\/marcoslimma.com.br\/wp-content\/uploads\/2026\/04\/IMG-20260429-WA0133.jpg-1024x768.jpeg 1024w, https:\/\/marcoslimma.com.br\/wp-content\/uploads\/2026\/04\/IMG-20260429-WA0133.jpg-300x225.jpeg 300w, https:\/\/marcoslimma.com.br\/wp-content\/uploads\/2026\/04\/IMG-20260429-WA0133.jpg-768x576.jpeg 768w, https:\/\/marcoslimma.com.br\/wp-content\/uploads\/2026\/04\/IMG-20260429-WA0133.jpg-1536x1152.jpeg 1536w, https:\/\/marcoslimma.com.br\/wp-content\/uploads\/2026\/04\/IMG-20260429-WA0133.jpg.jpeg 1600w\" sizes=\"auto, (max-width: 1024px) 100vw, 1024px\" \/><\/p>\n<p>Um momento hist\u00f3rico e de grande significado para centenas de fam\u00edlias marcou a entrega de 109 t\u00edtulos de propriedade em Peritor\u00f3, por meio do programa \u201cA Casa \u00e9 Minha\u201d. A iniciativa garante seguran\u00e7a jur\u00eddica e o direito definitivo \u00e0 terra para moradores que aguardavam h\u00e1 d\u00e9cadas pela regulariza\u00e7\u00e3o de seus im\u00f3veis.<\/p>\n<p>A a\u00e7\u00e3o \u00e9 resultado de uma parceria entre a Prefeitura de Peritor\u00f3, o Tribunal de Justi\u00e7a, o cart\u00f3rio extrajudicial e outros \u00f3rg\u00e3os, que uniram esfor\u00e7os para assegurar dignidade e cidadania aos moradores. Para muitas fam\u00edlias, o t\u00edtulo representa o fim de uma longa espera e a concretiza\u00e7\u00e3o de um sonho.<\/p>\n<p>Um sonho realizado<\/p>\n<p>Emocionada, a moradora Maria Santos Paz falou sobre a conquista. \u201cEu estou me sentindo muito feliz, muito agradecida. \u00c9 um momento t\u00e3o sonhado, estou sem palavras. Agora estou maravilhosamente bem, s\u00f3 gratid\u00e3o a Deus por esse t\u00edtulo. Aqui \u00e9 a casa minha, aqui \u00e9 o terreno nosso. Obrigado Dr. J\u00fanior\u201d, declarou.<br \/>\nO senhor Roberto, que aguardava pela regulariza\u00e7\u00e3o h\u00e1 mais de duas d\u00e9cadas, tamb\u00e9m celebrou o momento. \u201cEstou muito feliz. Faz 22 anos que estamos nessa luta para conseguir essa terra, e agora n\u00f3s conseguimos\u201d, afirmou.<\/p>\n<p>Meta de entregar mais de 4 mil t\u00edtulos de propriedade<\/p>\n<p>Para os beneficiados, o documento simboliza mais do que a posse da terra: representa seguran\u00e7a, dignidade e a certeza de que o lar agora \u00e9 oficialmente seu. O representante do cart\u00f3rio extrajudicial tamb\u00e9m destacou a import\u00e2ncia da regulariza\u00e7\u00e3o fundi\u00e1ria para o munic\u00edpio. \u201cHoje \u00e9 um momento muito importante para Peritor\u00f3, a realiza\u00e7\u00e3o de um sonho. Estamos entregando 109 t\u00edtulos para as comunidades locais. \u00c9 o resultado de uma parceria institucional entre o munic\u00edpio de Peritor\u00f3, o Tribunal de Justi\u00e7a, o cart\u00f3rio extrajudicial e muitas pessoas envolvidas para que esse momento acontecesse. \u00c9 um momento de felicidade e alegria, garantindo a regulariza\u00e7\u00e3o da propriedade de cada cidad\u00e3o peritoroense\u201d, pontuou.<\/p>\n<p>Um grande aliado da regulariza\u00e7\u00e3o fundi\u00e1ria no Maranh\u00e3o<\/p>\n<p>Para realizar o sonho de muitas fam\u00edlias em mais de 20 anos e come\u00e7ar a escrever uma nova hist\u00f3ria para o povo de Peritor\u00f3, o prefeito Dr. J\u00fanior contou com a ajuda de um grande aliado da regulariza\u00e7\u00e3o fundi\u00e1ria no Maranh\u00e3o: o Desembargador Jos\u00e9 Jorge Figueiredo dos Anjos. \u201c\u00c9 realmente um grande momento, uma grande alegria, pois n\u00f3s realizamos nosso trabalho para dar dignidade ao ser humano. E hoje temos a oportunidade de contemplar mais de cem fam\u00edlias com seus t\u00edtulos de propriedade. E quando cheguei e vi as crian\u00e7as abra\u00e7ando o seu prefeito, me emocionei, pois crian\u00e7a n\u00e3o erra. Hoje as fam\u00edlias est\u00e3o dando um grande passo na vida, podendo regularizar aquilo que \u00e9 de voc\u00eas. E com o t\u00edtulo voc\u00eas v\u00e3o poder estar mais seguros, com todas as garantias legais, inclui8ndo a energia, que agora ir\u00e1 chegar. E este sonho est\u00e1 sendo realizado pelo brilhante trabalho do prefeito, Dr. J\u00fanior, da presidente da C\u00e2mara Dona Lurdes, o Tribunal de Justi\u00e7a, o cart\u00f3rio extrajudicial e outros \u00f3rg\u00e3os. Parab\u00e9ns!\u201d, declarou o desembargador.<\/p>\n<p>O Desembargador Jos\u00e9 Jorge Figueiredo dos Anjos \u00e9 o corregedor-geral do foro extrajudicial do Maranh\u00e3o para o bi\u00eanio 2024-2026, sendo respons\u00e1vel por conduzir as a\u00e7\u00f5es de planejamento, orienta\u00e7\u00e3o e acompanhamento dos servi\u00e7os extrajudiciais (cartor\u00e1rios). S\u00e3o suas atribui\u00e7\u00f5es assegurar a conformidade com as normas, editar atos normativos, uniformizar e aprimorar procedimentos, investigar den\u00fancias e apurar irregularidades, aplicar medidas corretivas, mediar conflitos entre usu\u00e1rios e servi\u00e7os, al\u00e9m de fiscalizar, de forma permanente, a atividade cartor\u00e1ria.<\/p>\n<p>Durante a solenidade, o prefeito Dr. J\u00fanior destacou a import\u00e2ncia da iniciativa e a uni\u00e3o das institui\u00e7\u00f5es para garantir o direito das fam\u00edlias. \u201c\u00c9 um sentimento de alegria e satisfa\u00e7\u00e3o estar aqui em Peritor\u00f3 para entregar 109 t\u00edtulos de regulariza\u00e7\u00e3o fundi\u00e1ria a essas fam\u00edlias que acreditaram na justi\u00e7a e agora veem o sonho sendo realizado. Este \u00e9 um momento muito especial para a nossa cidade. Estamos entregando 109 t\u00edtulos atrav\u00e9s de uma parceria forte entre o Tribunal de Justi\u00e7a, a Prefeitura de Peritor\u00f3, o INCRA e, claro, ao lado do povo, para garantir seus direitos e permitir que essas fam\u00edlias tenham acesso \u00e0 capitaliza\u00e7\u00e3o de suas propriedades. Essa \u00e9 uma luta de mais de 22 anos. Hoje chegamos a 109 t\u00edtulos entregues e vamos avan\u00e7ar ainda mais, porque nossa meta \u00e9 chegar a mais de 4 mil t\u00edtulos. Deus tem estado ao nosso lado e o progresso continua\u201d, concluiu.<\/p>\n<p><img loading=\"lazy\" decoding=\"async\" class=\"alignnone size-large wp-image-10744\" src=\"https:\/\/marcoslimma.com.br\/wp-content\/uploads\/2026\/04\/20260429_090701.jpg-1024x1024.jpeg\" alt=\"\" width=\"1024\" height=\"1024\" srcset=\"https:\/\/marcoslimma.com.br\/wp-content\/uploads\/2026\/04\/20260429_090701.jpg-1024x1024.jpeg 1024w, https:\/\/marcoslimma.com.br\/wp-content\/uploads\/2026\/04\/20260429_090701.jpg-300x300.jpeg 300w, https:\/\/marcoslimma.com.br\/wp-content\/uploads\/2026\/04\/20260429_090701.jpg-150x150.jpeg 150w, https:\/\/marcoslimma.com.br\/wp-content\/uploads\/2026\/04\/20260429_090701.jpg-768x768.jpeg 768w, https:\/\/marcoslimma.com.br\/wp-content\/uploads\/2026\/04\/20260429_090701.jpg-1536x1536.jpeg 1536w, https:\/\/marcoslimma.com.br\/wp-content\/uploads\/2026\/04\/20260429_090701.jpg-2048x2048.jpeg 2048w\" sizes=\"auto, (max-width: 1024px) 100vw, 1024px\" \/><\/p>\n<p>Asscom \u2013 PMP<\/p>\n","protected":false},"excerpt":{"rendered":"<p>Um momento hist\u00f3rico e de grande significado para centenas de fam\u00edlias marcou a entrega de 109 t\u00edtulos de propriedade em Peritor\u00f3, por meio do programa \u201cA Casa \u00e9 Minha\u201d. A iniciativa garante&hellip;<\/p>\n","protected":false},"author":2,"featured_media":10743,"comment_status":"open","ping_status":"open","sticky":false,"template":"","format":"standard","meta":{"footnotes":""},"categories":[1],"tags":[],"class_list":["post-10746","post","type-post","status-publish","format-standard","has-post-thumbnail","hentry","category-ultimas-noticias"],"_links":{"self":[{"href":"https:\/\/marcoslimma.com.br\/index.php\/wp-json\/wp\/v2\/posts\/10746","targetHints":{"allow":["GET"]}}],"collection":[{"href":"https:\/\/marcoslimma.com.br\/index.php\/wp-json\/wp\/v2\/posts"}],"about":[{"href":"https:\/\/marcoslimma.com.br\/index.php\/wp-json\/wp\/v2\/types\/post"}],"author":[{"embeddable":true,"href":"https:\/\/marcoslimma.com.br\/index.php\/wp-json\/wp\/v2\/users\/2"}],"replies":[{"embeddable":true,"href":"https:\/\/marcoslimma.com.br\/index.php\/wp-json\/wp\/v2\/comments?post=10746"}],"version-history":[{"count":1,"href":"https:\/\/marcoslimma.com.br\/index.php\/wp-json\/wp\/v2\/posts\/10746\/revisions"}],"predecessor-version":[{"id":10747,"href":"https:\/\/marcoslimma.com.br\/index.php\/wp-json\/wp\/v2\/posts\/10746\/revisions\/10747"}],"wp:featuredmedia":[{"embeddable":true,"href":"https:\/\/marcoslimma.com.br\/index.php\/wp-json\/wp\/v2\/media\/10743"}],"wp:attachment":[{"href":"https:\/\/marcoslimma.com.br\/index.php\/wp-json\/wp\/v2\/media?parent=10746"}],"wp:term":[{"taxonomy":"category","embeddable":true,"href":"https:\/\/marcoslimma.com.br\/index.php\/wp-json\/wp\/v2\/categories?post=10746"},{"taxonomy":"post_tag","embeddable":true,"href":"https:\/\/marcoslimma.com.br\/index.php\/wp-json\/wp\/v2\/tags?post=10746"}],"curies":[{"name":"wp","href":"https:\/\/api.w.org\/{rel}","templated":true}]}}