{"id":10728,"date":"2026-04-28T12:31:36","date_gmt":"2026-04-28T15:31:36","guid":{"rendered":"https:\/\/marcoslimma.com.br\/?p=10728"},"modified":"2026-04-28T12:31:36","modified_gmt":"2026-04-28T15:31:36","slug":"prefeita-vanessa-maia-anuncia-reajuste-de-6-para-servidores-publicos-de-pedreiras-nesta-terca-feira-28","status":"publish","type":"post","link":"https:\/\/marcoslimma.com.br\/index.php\/2026\/04\/28\/prefeita-vanessa-maia-anuncia-reajuste-de-6-para-servidores-publicos-de-pedreiras-nesta-terca-feira-28\/","title":{"rendered":"Prefeita Vanessa Maia anuncia reajuste de 6% para servidores p\u00fablicos de Pedreiras nesta ter\u00e7a-feira (28)"},"content":{"rendered":"<p data-start=\"0\" data-end=\"172\">\n<p data-start=\"0\" data-end=\"172\"><img loading=\"lazy\" decoding=\"async\" class=\"alignnone size-large wp-image-10729\" src=\"https:\/\/marcoslimma.com.br\/wp-content\/uploads\/2026\/04\/Screenshot_20260428_120436_Gallery.jpg-1024x727.jpeg\" alt=\"\" width=\"1024\" height=\"727\" srcset=\"https:\/\/marcoslimma.com.br\/wp-content\/uploads\/2026\/04\/Screenshot_20260428_120436_Gallery.jpg-1024x727.jpeg 1024w, https:\/\/marcoslimma.com.br\/wp-content\/uploads\/2026\/04\/Screenshot_20260428_120436_Gallery.jpg-300x213.jpeg 300w, https:\/\/marcoslimma.com.br\/wp-content\/uploads\/2026\/04\/Screenshot_20260428_120436_Gallery.jpg-768x545.jpeg 768w, https:\/\/marcoslimma.com.br\/wp-content\/uploads\/2026\/04\/Screenshot_20260428_120436_Gallery.jpg.jpeg 1439w\" sizes=\"auto, (max-width: 1024px) 100vw, 1024px\" \/><\/p>\n<p data-start=\"0\" data-end=\"172\">\n<p data-start=\"0\" data-end=\"172\">\u00a0 Nesta ter\u00e7a-feira (28), a prefeita de Pedreiras, Vanessa Maia, anunciou um reajuste de 6% para os servidores p\u00fablicos municipais ativos, al\u00e9m de aposentados e pensionistas.<\/p>\n<p data-start=\"174\" data-end=\"431\">A medida refor\u00e7a o compromisso da gest\u00e3o com a valoriza\u00e7\u00e3o dos profissionais e o reconhecimento pelos servi\u00e7os prestados \u00e0 popula\u00e7\u00e3o. Segundo a administra\u00e7\u00e3o, o reajuste foi definido com responsabilidade fiscal, assegurando o equil\u00edbrio das contas p\u00fablicas.<\/p>\n<p data-start=\"433\" data-end=\"586\" data-is-last-node=\"\" data-is-only-node=\"\">A gestora destacou ainda que continuar\u00e1 investindo em a\u00e7\u00f5es voltadas ao fortalecimento do funcionalismo e \u00e0 melhoria dos servi\u00e7os oferecidos \u00e0 popula\u00e7\u00e3o.<\/p>\n","protected":false},"excerpt":{"rendered":"<p>\u00a0 Nesta ter\u00e7a-feira (28), a prefeita de Pedreiras, Vanessa Maia, anunciou um reajuste de 6% para os servidores p\u00fablicos municipais ativos, al\u00e9m de aposentados e pensionistas. A medida refor\u00e7a o compromisso da&hellip;<\/p>\n","protected":false},"author":2,"featured_media":10729,"comment_status":"open","ping_status":"open","sticky":false,"template":"","format":"standard","meta":{"footnotes":""},"categories":[1],"tags":[],"class_list":["post-10728","post","type-post","status-publish","format-standard","has-post-thumbnail","hentry","category-ultimas-noticias"],"_links":{"self":[{"href":"https:\/\/marcoslimma.com.br\/index.php\/wp-json\/wp\/v2\/posts\/10728","targetHints":{"allow":["GET"]}}],"collection":[{"href":"https:\/\/marcoslimma.com.br\/index.php\/wp-json\/wp\/v2\/posts"}],"about":[{"href":"https:\/\/marcoslimma.com.br\/index.php\/wp-json\/wp\/v2\/types\/post"}],"author":[{"embeddable":true,"href":"https:\/\/marcoslimma.com.br\/index.php\/wp-json\/wp\/v2\/users\/2"}],"replies":[{"embeddable":true,"href":"https:\/\/marcoslimma.com.br\/index.php\/wp-json\/wp\/v2\/comments?post=10728"}],"version-history":[{"count":1,"href":"https:\/\/marcoslimma.com.br\/index.php\/wp-json\/wp\/v2\/posts\/10728\/revisions"}],"predecessor-version":[{"id":10730,"href":"https:\/\/marcoslimma.com.br\/index.php\/wp-json\/wp\/v2\/posts\/10728\/revisions\/10730"}],"wp:featuredmedia":[{"embeddable":true,"href":"https:\/\/marcoslimma.com.br\/index.php\/wp-json\/wp\/v2\/media\/10729"}],"wp:attachment":[{"href":"https:\/\/marcoslimma.com.br\/index.php\/wp-json\/wp\/v2\/media?parent=10728"}],"wp:term":[{"taxonomy":"category","embeddable":true,"href":"https:\/\/marcoslimma.com.br\/index.php\/wp-json\/wp\/v2\/categories?post=10728"},{"taxonomy":"post_tag","embeddable":true,"href":"https:\/\/marcoslimma.com.br\/index.php\/wp-json\/wp\/v2\/tags?post=10728"}],"curies":[{"name":"wp","href":"https:\/\/api.w.org\/{rel}","templated":true}]}}