{"id":10724,"date":"2026-04-26T11:23:36","date_gmt":"2026-04-26T14:23:36","guid":{"rendered":"https:\/\/marcoslimma.com.br\/?p=10724"},"modified":"2026-04-26T11:23:36","modified_gmt":"2026-04-26T14:23:36","slug":"comemoracoes-alusivas-ao-aniversario-de-pedreiras-seguem-com-a-realizacao-da-corrida-da-princesa-que-foi-recorde-de-publico","status":"publish","type":"post","link":"https:\/\/marcoslimma.com.br\/index.php\/2026\/04\/26\/comemoracoes-alusivas-ao-aniversario-de-pedreiras-seguem-com-a-realizacao-da-corrida-da-princesa-que-foi-recorde-de-publico\/","title":{"rendered":"COMEMORA\u00c7\u00d5ES ALUSIVAS AO ANIVERS\u00c1RIO DE PEDREIRAS SEGUEM COM A REALIZA\u00c7\u00c3O DA CORRIDA DA PRINCESA, QUE FOI RECORDE DE P\u00daBLICO"},"content":{"rendered":"<p><img loading=\"lazy\" decoding=\"async\" class=\"alignnone size-large wp-image-10725\" src=\"https:\/\/marcoslimma.com.br\/wp-content\/uploads\/2026\/04\/WhatsApp-Image-2026-04-26-at-11.08.06-1024x576.jpeg\" alt=\"\" width=\"1024\" height=\"576\" srcset=\"https:\/\/marcoslimma.com.br\/wp-content\/uploads\/2026\/04\/WhatsApp-Image-2026-04-26-at-11.08.06-1024x576.jpeg 1024w, https:\/\/marcoslimma.com.br\/wp-content\/uploads\/2026\/04\/WhatsApp-Image-2026-04-26-at-11.08.06-300x169.jpeg 300w, https:\/\/marcoslimma.com.br\/wp-content\/uploads\/2026\/04\/WhatsApp-Image-2026-04-26-at-11.08.06-768x432.jpeg 768w, https:\/\/marcoslimma.com.br\/wp-content\/uploads\/2026\/04\/WhatsApp-Image-2026-04-26-at-11.08.06-1536x864.jpeg 1536w, https:\/\/marcoslimma.com.br\/wp-content\/uploads\/2026\/04\/WhatsApp-Image-2026-04-26-at-11.08.06.jpeg 1600w\" sizes=\"auto, (max-width: 1024px) 100vw, 1024px\" \/><\/p>\n<p>&nbsp;<\/p>\n<p>As comemora\u00e7\u00f5es alusivas aos 106 anos de emancipa\u00e7\u00e3o pol\u00edtica de Pedreiras come\u00e7aram com grande entusiasmo e participa\u00e7\u00e3o popular. A abertura oficial aconteceu com a tradicional Corrida da Princesa, que, mais uma vez, reuniu atletas e consolidou-se como um dos principais eventos esportivos do munic\u00edpio.<\/p>\n<p>Mais de 1.000 corredores, vindos de v\u00e1rias cidades da regi\u00e3o, participaram da competi\u00e7\u00e3o, transformando as ruas de Pedreiras em um verdadeiro cen\u00e1rio de supera\u00e7\u00e3o, sa\u00fade e integra\u00e7\u00e3o. O evento atraiu tanto atletas profissionais quanto amadores, refor\u00e7ando o car\u00e1ter inclusivo e democr\u00e1tico da corrida.<\/p>\n<p>Neste ano, segundo o secret\u00e1rio de esportes do munic\u00edpio, Neguim Silva, a premia\u00e7\u00e3o ultrapassou os R$ 11.000,00, sendo distribu\u00edda entre os vencedores do 1\u00ba ao 3\u00ba lugar nas categorias geral masculino e feminino, al\u00e9m das categorias elite e m\u00e1ster, tanto no masculino quanto no feminino. A valoriza\u00e7\u00e3o dos atletas foi um dos pontos altos da edi\u00e7\u00e3o, incentivando ainda mais a participa\u00e7\u00e3o e o crescimento da modalidade na cidade.<\/p>\n<p>O secret\u00e1rio\u00a0 destacou o sucesso das inscri\u00e7\u00f5es e a dimens\u00e3o alcan\u00e7ada pelo evento:<br \/>\n\u201cEstamos muito satisfeitos com o resultado deste ano. Tivemos um n\u00famero expressivo de inscri\u00e7\u00f5es, superando nossas expectativas, o que mostra a for\u00e7a da Corrida da Princesa e o quanto ela j\u00e1 se tornou refer\u00eancia na regi\u00e3o. \u00c9 gratificante ver atletas de v\u00e1rias cidades participando e prestigiando esse momento.\u201d<\/p>\n<p>A prefeita tamb\u00e9m ressaltou a import\u00e2ncia da abertura das comemora\u00e7\u00f5es com um evento t\u00e3o significativo e fez quest\u00e3o de agradecer ao p\u00fablico presente:<br \/>\n\u201cQuero agradecer de cora\u00e7\u00e3o a todos os atletas, visitantes e \u00e0 popula\u00e7\u00e3o de Pedreiras que participou e prestigiou essa linda festa. Iniciar os 106 anos da nossa cidade com um evento como este \u00e9 motivo de orgulho e refor\u00e7a nosso compromisso em promover qualidade de vida e bem-estar para todos.\u201d<\/p>\n<p>A prefeita ressaltou ainda que programa\u00e7\u00e3o de anivers\u00e1rio seguir\u00e1 com diversas atividades, reafirmando o esp\u00edrito festivo e o orgulho de ser pedreirense.<\/p>\n","protected":false},"excerpt":{"rendered":"<p>&nbsp; As comemora\u00e7\u00f5es alusivas aos 106 anos de emancipa\u00e7\u00e3o pol\u00edtica de Pedreiras come\u00e7aram com grande entusiasmo e participa\u00e7\u00e3o popular. A abertura oficial aconteceu com a tradicional Corrida da Princesa, que, mais uma&hellip;<\/p>\n","protected":false},"author":2,"featured_media":10725,"comment_status":"open","ping_status":"open","sticky":false,"template":"","format":"standard","meta":{"footnotes":""},"categories":[1],"tags":[],"class_list":["post-10724","post","type-post","status-publish","format-standard","has-post-thumbnail","hentry","category-ultimas-noticias"],"_links":{"self":[{"href":"https:\/\/marcoslimma.com.br\/index.php\/wp-json\/wp\/v2\/posts\/10724","targetHints":{"allow":["GET"]}}],"collection":[{"href":"https:\/\/marcoslimma.com.br\/index.php\/wp-json\/wp\/v2\/posts"}],"about":[{"href":"https:\/\/marcoslimma.com.br\/index.php\/wp-json\/wp\/v2\/types\/post"}],"author":[{"embeddable":true,"href":"https:\/\/marcoslimma.com.br\/index.php\/wp-json\/wp\/v2\/users\/2"}],"replies":[{"embeddable":true,"href":"https:\/\/marcoslimma.com.br\/index.php\/wp-json\/wp\/v2\/comments?post=10724"}],"version-history":[{"count":1,"href":"https:\/\/marcoslimma.com.br\/index.php\/wp-json\/wp\/v2\/posts\/10724\/revisions"}],"predecessor-version":[{"id":10726,"href":"https:\/\/marcoslimma.com.br\/index.php\/wp-json\/wp\/v2\/posts\/10724\/revisions\/10726"}],"wp:featuredmedia":[{"embeddable":true,"href":"https:\/\/marcoslimma.com.br\/index.php\/wp-json\/wp\/v2\/media\/10725"}],"wp:attachment":[{"href":"https:\/\/marcoslimma.com.br\/index.php\/wp-json\/wp\/v2\/media?parent=10724"}],"wp:term":[{"taxonomy":"category","embeddable":true,"href":"https:\/\/marcoslimma.com.br\/index.php\/wp-json\/wp\/v2\/categories?post=10724"},{"taxonomy":"post_tag","embeddable":true,"href":"https:\/\/marcoslimma.com.br\/index.php\/wp-json\/wp\/v2\/tags?post=10724"}],"curies":[{"name":"wp","href":"https:\/\/api.w.org\/{rel}","templated":true}]}}