{"id":10720,"date":"2026-04-25T21:20:09","date_gmt":"2026-04-26T00:20:09","guid":{"rendered":"https:\/\/marcoslimma.com.br\/?p=10720"},"modified":"2026-04-25T21:24:33","modified_gmt":"2026-04-26T00:24:33","slug":"luto-morre-o-sobrinho-do-ex-prefeito-do-pe-luis-portela","status":"publish","type":"post","link":"https:\/\/marcoslimma.com.br\/index.php\/2026\/04\/25\/luto-morre-o-sobrinho-do-ex-prefeito-do-pe-luis-portela\/","title":{"rendered":"Luto! Morre o sobrinho do Pe. Luis Portela e do ex-prefeito Andr\u00e9 Portela"},"content":{"rendered":"\r\n<p>&nbsp;<\/p>\r\n\r\n\r\n\r\n<figure class=\"wp-block-image size-large\"><img loading=\"lazy\" decoding=\"async\" width=\"869\" height=\"1024\" class=\"wp-image-10718\" src=\"https:\/\/marcoslimma.com.br\/wp-content\/uploads\/2026\/04\/img-20260425-wa07454418080124393733284-869x1024.jpg\" alt=\"\" srcset=\"https:\/\/marcoslimma.com.br\/wp-content\/uploads\/2026\/04\/img-20260425-wa07454418080124393733284-869x1024.jpg 869w, https:\/\/marcoslimma.com.br\/wp-content\/uploads\/2026\/04\/img-20260425-wa07454418080124393733284-255x300.jpg 255w, https:\/\/marcoslimma.com.br\/wp-content\/uploads\/2026\/04\/img-20260425-wa07454418080124393733284-768x905.jpg 768w, https:\/\/marcoslimma.com.br\/wp-content\/uploads\/2026\/04\/img-20260425-wa07454418080124393733284.jpg 1080w\" sizes=\"auto, (max-width: 869px) 100vw, 869px\" \/><\/figure>\r\n\r\n\r\n\r\n<p>&nbsp;<\/p>\r\n\r\n\r\n\r\n<p data-start=\"154\" data-end=\"412\">\u00a0 \u00a0 \u00c9 com profundo pesar que lamentamos o falecimento de <strong>Achilys Kalil Mac\u00eado da Silva<\/strong>. Neste momento de dor e despedida, manifestamos nossa solidariedade e consterna\u00e7\u00e3o aos familiares e amigos, desejando for\u00e7a e serenidade para enfrentar essa perda irrepar\u00e1vel.<\/p>\r\n<p data-start=\"414\" data-end=\"694\"><strong>Achilys <\/strong>sofreu um acidente de moto na sexta-feira, dia 24, na BR-135, entre os munic\u00edpios de<strong> Capinzal do Norte e Santo Ant\u00f4nio dos Lopes<\/strong>. Ele chegou a ser socorrido e encaminhado ao Socorr\u00e3o, mas infelizmente n\u00e3o resistiu aos ferimentos, vindo a \u00f3bito na tarde deste s\u00e1bado, dia 25.<\/p>\r\n<p data-start=\"696\" data-end=\"928\">O jovem era sobrinho do ex-prefeito de <strong>Capinzal do Norte, Andr\u00e9 Portela<\/strong>, e tamb\u00e9m do padre <strong>Lu\u00eds Portela<\/strong>, da <strong>Par\u00f3quia Nossa Senhora do Perp\u00e9tuo Socorro, em Lima Campos<\/strong>, o que torna esta perda ainda mais sentida por toda a comunidade.<\/p>\r\n<p data-start=\"930\" data-end=\"1091\">Rogamos a <strong>Deus<\/strong> que, em sua infinita miseric\u00f3rdia, conceda paz e consolo a todos os familiares e amigos, fortalecendo seus cora\u00e7\u00f5es neste momento de profunda dor.<\/p>\r\n<p data-start=\"1093\" data-end=\"1195\">Que a f\u00e9 seja amparo e que as boas lembran\u00e7as permane\u00e7am vivas como forma de homenagem \u00e0 sua hist\u00f3ria.<\/p>\r\n","protected":false},"excerpt":{"rendered":"<p>&nbsp; &nbsp; \u00a0 \u00a0 \u00c9 com profundo pesar que lamentamos o falecimento de Achilys Kalil Mac\u00eado da Silva. Neste momento de dor e despedida, manifestamos nossa solidariedade e consterna\u00e7\u00e3o aos familiares e&hellip;<\/p>\n","protected":false},"author":2,"featured_media":10719,"comment_status":"open","ping_status":"open","sticky":false,"template":"","format":"standard","meta":{"footnotes":""},"categories":[1],"tags":[],"class_list":["post-10720","post","type-post","status-publish","format-standard","has-post-thumbnail","hentry","category-ultimas-noticias"],"_links":{"self":[{"href":"https:\/\/marcoslimma.com.br\/index.php\/wp-json\/wp\/v2\/posts\/10720","targetHints":{"allow":["GET"]}}],"collection":[{"href":"https:\/\/marcoslimma.com.br\/index.php\/wp-json\/wp\/v2\/posts"}],"about":[{"href":"https:\/\/marcoslimma.com.br\/index.php\/wp-json\/wp\/v2\/types\/post"}],"author":[{"embeddable":true,"href":"https:\/\/marcoslimma.com.br\/index.php\/wp-json\/wp\/v2\/users\/2"}],"replies":[{"embeddable":true,"href":"https:\/\/marcoslimma.com.br\/index.php\/wp-json\/wp\/v2\/comments?post=10720"}],"version-history":[{"count":3,"href":"https:\/\/marcoslimma.com.br\/index.php\/wp-json\/wp\/v2\/posts\/10720\/revisions"}],"predecessor-version":[{"id":10723,"href":"https:\/\/marcoslimma.com.br\/index.php\/wp-json\/wp\/v2\/posts\/10720\/revisions\/10723"}],"wp:featuredmedia":[{"embeddable":true,"href":"https:\/\/marcoslimma.com.br\/index.php\/wp-json\/wp\/v2\/media\/10719"}],"wp:attachment":[{"href":"https:\/\/marcoslimma.com.br\/index.php\/wp-json\/wp\/v2\/media?parent=10720"}],"wp:term":[{"taxonomy":"category","embeddable":true,"href":"https:\/\/marcoslimma.com.br\/index.php\/wp-json\/wp\/v2\/categories?post=10720"},{"taxonomy":"post_tag","embeddable":true,"href":"https:\/\/marcoslimma.com.br\/index.php\/wp-json\/wp\/v2\/tags?post=10720"}],"curies":[{"name":"wp","href":"https:\/\/api.w.org\/{rel}","templated":true}]}}