{"id":10709,"date":"2026-04-23T20:48:30","date_gmt":"2026-04-23T23:48:30","guid":{"rendered":"https:\/\/marcoslimma.com.br\/?p=10709"},"modified":"2026-04-23T20:56:30","modified_gmt":"2026-04-23T23:56:30","slug":"pedreiras-realiza-mutirao-de-identidade-com-apoio-de-fred-maia-e-governo-do-estado","status":"publish","type":"post","link":"https:\/\/marcoslimma.com.br\/index.php\/2026\/04\/23\/pedreiras-realiza-mutirao-de-identidade-com-apoio-de-fred-maia-e-governo-do-estado\/","title":{"rendered":"Pedreiras realiza mutir\u00e3o de identidade com apoio de Fred Maia e Governo do Estado"},"content":{"rendered":"<p data-start=\"86\" data-end=\"433\"><img loading=\"lazy\" decoding=\"async\" class=\"alignnone size-large wp-image-10711\" src=\"https:\/\/marcoslimma.com.br\/wp-content\/uploads\/2026\/04\/Screenshot_20260423_204625_Gallery.jpg-752x1024.jpeg\" alt=\"\" width=\"752\" height=\"1024\" srcset=\"https:\/\/marcoslimma.com.br\/wp-content\/uploads\/2026\/04\/Screenshot_20260423_204625_Gallery.jpg-752x1024.jpeg 752w, https:\/\/marcoslimma.com.br\/wp-content\/uploads\/2026\/04\/Screenshot_20260423_204625_Gallery.jpg-220x300.jpeg 220w, https:\/\/marcoslimma.com.br\/wp-content\/uploads\/2026\/04\/Screenshot_20260423_204625_Gallery.jpg-768x1046.jpeg 768w, https:\/\/marcoslimma.com.br\/wp-content\/uploads\/2026\/04\/Screenshot_20260423_204625_Gallery.jpg-1128x1536.jpeg 1128w, https:\/\/marcoslimma.com.br\/wp-content\/uploads\/2026\/04\/Screenshot_20260423_204625_Gallery.jpg.jpeg 1438w\" sizes=\"auto, (max-width: 752px) 100vw, 752px\" \/><\/p>\n<p data-start=\"86\" data-end=\"433\">\u00a0 O l\u00edder pol\u00edtico<strong> Fred Maia<\/strong> destacou, na manh\u00e3 desta quinta-feira (23), a import\u00e2ncia do mutir\u00e3o de emiss\u00e3o de documentos de identidade que est\u00e1 sendo realizado no munic\u00edpio de <strong>Pedreiras<\/strong>. A a\u00e7\u00e3o, que deve durar at\u00e9 cinco dias, acontece no pr\u00e9dio do <strong>Pal\u00e1cio Municipal<\/strong> e tem como principal objetivo atender a popula\u00e7\u00e3o com mais agilidade e dignidade.<\/p>\n<p data-start=\"435\" data-end=\"712\">De acordo com <strong>Fred Maia<\/strong>, a iniciativa prioriza, neste momento, as pessoas que foram diretamente afetadas pelas enchentes do <strong>Rio Mearim<\/strong> ocorridas neste ano. Muitas dessas fam\u00edlias perderam seus documentos durante o per\u00edodo de alagamento, o que refor\u00e7a a urg\u00eancia do atendimento.<\/p>\n<p data-start=\"714\" data-end=\"972\">O l\u00edder pol\u00edtico ressaltou ainda que a a\u00e7\u00e3o foi resultado de um pedido junto \u00e0 Secretaria de Seguran\u00e7a do Estado. Na ocasi\u00e3o, <strong>Fred Maia<\/strong> agradeceu ao governador <strong>Carlos Brand\u00e3o<\/strong> pela sensibilidade em atender a demanda, garantindo apoio \u00e0 popula\u00e7\u00e3o de <strong>Pedreiras.<\/strong><\/p>\n<p data-start=\"974\" data-end=\"1283\">O mutir\u00e3o busca facilitar o acesso \u00e0 emiss\u00e3o da carteira de identidade, permitindo que os cidad\u00e3os regularizem sua documenta\u00e7\u00e3o de forma mais r\u00e1pida e sem burocracia excessiva. A a\u00e7\u00e3o conta com o apoio de \u00f3rg\u00e3os estaduais e municipais, fortalecendo o compromisso com as pessoas em situa\u00e7\u00e3o de vulnerabilidade.<\/p>\n<p data-start=\"1285\" data-end=\"1478\" data-is-last-node=\"\" data-is-only-node=\"\">A expectativa \u00e9 que, ao longo dos pr\u00f3ximos dias, um grande n\u00famero de atendimentos seja realizado, contribuindo diretamente para a reconstru\u00e7\u00e3o da vida de muitas fam\u00edlias atingidas pelas cheias.<\/p>\n<p><iframe loading=\"lazy\" title=\"Fred Maia fala sobre o mutir\u00e3o da identidade em Pedreiras\" width=\"422\" height=\"750\" src=\"https:\/\/www.youtube.com\/embed\/InK881qd5ZM?feature=oembed\" frameborder=\"0\" allow=\"accelerometer; autoplay; clipboard-write; encrypted-media; gyroscope; picture-in-picture; web-share\" referrerpolicy=\"strict-origin-when-cross-origin\" allowfullscreen><\/iframe><\/p>\n","protected":false},"excerpt":{"rendered":"<p>\u00a0 O l\u00edder pol\u00edtico Fred Maia destacou, na manh\u00e3 desta quinta-feira (23), a import\u00e2ncia do mutir\u00e3o de emiss\u00e3o de documentos de identidade que est\u00e1 sendo realizado no munic\u00edpio de Pedreiras. A a\u00e7\u00e3o,&hellip;<\/p>\n","protected":false},"author":2,"featured_media":10711,"comment_status":"open","ping_status":"open","sticky":false,"template":"","format":"standard","meta":{"footnotes":""},"categories":[1],"tags":[],"class_list":["post-10709","post","type-post","status-publish","format-standard","has-post-thumbnail","hentry","category-ultimas-noticias"],"_links":{"self":[{"href":"https:\/\/marcoslimma.com.br\/index.php\/wp-json\/wp\/v2\/posts\/10709","targetHints":{"allow":["GET"]}}],"collection":[{"href":"https:\/\/marcoslimma.com.br\/index.php\/wp-json\/wp\/v2\/posts"}],"about":[{"href":"https:\/\/marcoslimma.com.br\/index.php\/wp-json\/wp\/v2\/types\/post"}],"author":[{"embeddable":true,"href":"https:\/\/marcoslimma.com.br\/index.php\/wp-json\/wp\/v2\/users\/2"}],"replies":[{"embeddable":true,"href":"https:\/\/marcoslimma.com.br\/index.php\/wp-json\/wp\/v2\/comments?post=10709"}],"version-history":[{"count":2,"href":"https:\/\/marcoslimma.com.br\/index.php\/wp-json\/wp\/v2\/posts\/10709\/revisions"}],"predecessor-version":[{"id":10713,"href":"https:\/\/marcoslimma.com.br\/index.php\/wp-json\/wp\/v2\/posts\/10709\/revisions\/10713"}],"wp:featuredmedia":[{"embeddable":true,"href":"https:\/\/marcoslimma.com.br\/index.php\/wp-json\/wp\/v2\/media\/10711"}],"wp:attachment":[{"href":"https:\/\/marcoslimma.com.br\/index.php\/wp-json\/wp\/v2\/media?parent=10709"}],"wp:term":[{"taxonomy":"category","embeddable":true,"href":"https:\/\/marcoslimma.com.br\/index.php\/wp-json\/wp\/v2\/categories?post=10709"},{"taxonomy":"post_tag","embeddable":true,"href":"https:\/\/marcoslimma.com.br\/index.php\/wp-json\/wp\/v2\/tags?post=10709"}],"curies":[{"name":"wp","href":"https:\/\/api.w.org\/{rel}","templated":true}]}}