{"id":10415,"date":"2026-03-05T21:12:37","date_gmt":"2026-03-06T00:12:37","guid":{"rendered":"https:\/\/marcoslimma.com.br\/?p=10415"},"modified":"2026-03-05T21:12:37","modified_gmt":"2026-03-06T00:12:37","slug":"lima-campos-lanca-projeto-vida-ativa-na-terceira-idade-com-atividades-e-integracao-para-idosos-2","status":"publish","type":"post","link":"https:\/\/marcoslimma.com.br\/index.php\/2026\/03\/05\/lima-campos-lanca-projeto-vida-ativa-na-terceira-idade-com-atividades-e-integracao-para-idosos-2\/","title":{"rendered":"Lima Campos lan\u00e7a projeto \u201cVida Ativa na Terceira Idade\u201d com atividades e integra\u00e7\u00e3o para idosos"},"content":{"rendered":"<p data-start=\"117\" data-end=\"374\">\n<p data-start=\"117\" data-end=\"374\"><img loading=\"lazy\" decoding=\"async\" class=\"alignnone size-large wp-image-10416\" src=\"https:\/\/marcoslimma.com.br\/wp-content\/uploads\/2026\/03\/26cbd78e-1eea-4f4d-b315-3dd64d69b929-1024x1024.jpeg\" alt=\"\" width=\"1024\" height=\"1024\" srcset=\"https:\/\/marcoslimma.com.br\/wp-content\/uploads\/2026\/03\/26cbd78e-1eea-4f4d-b315-3dd64d69b929-1024x1024.jpeg 1024w, https:\/\/marcoslimma.com.br\/wp-content\/uploads\/2026\/03\/26cbd78e-1eea-4f4d-b315-3dd64d69b929-300x300.jpeg 300w, https:\/\/marcoslimma.com.br\/wp-content\/uploads\/2026\/03\/26cbd78e-1eea-4f4d-b315-3dd64d69b929-150x150.jpeg 150w, https:\/\/marcoslimma.com.br\/wp-content\/uploads\/2026\/03\/26cbd78e-1eea-4f4d-b315-3dd64d69b929-768x768.jpeg 768w, https:\/\/marcoslimma.com.br\/wp-content\/uploads\/2026\/03\/26cbd78e-1eea-4f4d-b315-3dd64d69b929.jpeg 1280w\" sizes=\"auto, (max-width: 1024px) 100vw, 1024px\" \/><\/p>\n<p data-start=\"117\" data-end=\"374\">Na tarde desta quinta-feira (5), foi realizado na pra\u00e7a do Centro Comercial de <strong data-start=\"196\" data-end=\"211\">Lima Campos<\/strong> o lan\u00e7amento do projeto <strong data-start=\"236\" data-end=\"270\">\u201cVida Ativa na Terceira Idade\u201d<\/strong>, uma iniciativa voltada \u00e0 promo\u00e7\u00e3o da sa\u00fade, bem-estar e qualidade de vida para os idosos do munic\u00edpio.<\/p>\n<p data-start=\"376\" data-end=\"598\">O evento reuniu moradores, convidados e representantes da comunidade, marcando o in\u00edcio de um trabalho que busca incentivar atividades f\u00edsicas, momentos de conviv\u00eancia e a\u00e7\u00f5es sociais destinadas ao p\u00fablico da melhor idade.<\/p>\n<p data-start=\"600\" data-end=\"744\">O prefeito <strong data-start=\"611\" data-end=\"629\">Jailson Fausto<\/strong> esteve presente no evento e destacou que o munic\u00edpio j\u00e1 desenvolve a\u00e7\u00f5es voltadas para o p\u00fablico idoso.<\/p>\n<p data-start=\"746\" data-end=\"911\">Segundo ele, a prefeitura, por meio da Secretaria de Direitos Humanos e Assist\u00eancia Social, tem ampliado projetos para garantir mais qualidade de vida \u00e0 popula\u00e7\u00e3o.<\/p>\n<p data-start=\"913\" data-end=\"1218\">\u201cTemos v\u00e1rios projetos dentro desta pasta voltados para os idosos, como o projeto <strong data-start=\"995\" data-end=\"1009\">Hidro Vida<\/strong>, destinado \u00e0s pessoas a partir de 50 anos. E agora estamos lan\u00e7ando o <strong data-start=\"1080\" data-end=\"1112\">Vida Ativa na Terceira Idade<\/strong>. Estamos aqui trabalhando para cuidar da nossa gente, em especial dos nossos idosos\u201d, pontuou o prefeito.<\/p>\n<p data-start=\"1220\" data-end=\"1463\">De acordo com o secret\u00e1rio <strong data-start=\"1247\" data-end=\"1267\">Otoniel Carvalho<\/strong>, a proposta do projeto \u00e9 proporcionar mais integra\u00e7\u00e3o e valoriza\u00e7\u00e3o da pessoa idosa, oferecendo oportunidades para que eles participem de atividades que estimulem a sa\u00fade f\u00edsica, mental e social.<\/p>\n<p data-start=\"1465\" data-end=\"1742\">Durante o lan\u00e7amento, a programa\u00e7\u00e3o contou com <strong data-start=\"1512\" data-end=\"1613\">forr\u00f3 p\u00e9 de serra ao vivo, brincadeiras, muita anima\u00e7\u00e3o e aquele clima de reencontro entre amigos<\/strong>. Tamb\u00e9m foram realizados sorteios de brindes e apresentadas algumas das a\u00e7\u00f5es que dever\u00e3o ser desenvolvidas ao longo do projeto.<\/p>\n<p data-start=\"1744\" data-end=\"1900\" data-is-last-node=\"\" data-is-only-node=\"\">A iniciativa refor\u00e7a o compromisso da gest\u00e3o municipal em ampliar o cuidado, a aten\u00e7\u00e3o e as pol\u00edticas p\u00fablicas voltadas \u00e0 terceira idade em <strong data-start=\"1884\" data-end=\"1899\">Lima Campos<\/strong>.<\/p>\n<p data-start=\"1744\" data-end=\"1900\" data-is-last-node=\"\" data-is-only-node=\"\">\n<p><iframe loading=\"lazy\" title=\"Lima Campos lan\u00e7a projeto \u201cVida Ativa na Terceira Idade\u201d com atividades e integra\u00e7\u00e3o para idosos\" width=\"422\" height=\"750\" src=\"https:\/\/www.youtube.com\/embed\/opGmgENSEv4?feature=oembed\" frameborder=\"0\" allow=\"accelerometer; autoplay; clipboard-write; encrypted-media; gyroscope; picture-in-picture; web-share\" referrerpolicy=\"strict-origin-when-cross-origin\" allowfullscreen><\/iframe><\/p>\n","protected":false},"excerpt":{"rendered":"<p>Na tarde desta quinta-feira (5), foi realizado na pra\u00e7a do Centro Comercial de Lima Campos o lan\u00e7amento do projeto \u201cVida Ativa na Terceira Idade\u201d, uma iniciativa voltada \u00e0 promo\u00e7\u00e3o da sa\u00fade, bem-estar&hellip;<\/p>\n","protected":false},"author":2,"featured_media":10416,"comment_status":"open","ping_status":"open","sticky":false,"template":"","format":"standard","meta":{"footnotes":""},"categories":[1],"tags":[],"class_list":["post-10415","post","type-post","status-publish","format-standard","has-post-thumbnail","hentry","category-ultimas-noticias"],"_links":{"self":[{"href":"https:\/\/marcoslimma.com.br\/index.php\/wp-json\/wp\/v2\/posts\/10415","targetHints":{"allow":["GET"]}}],"collection":[{"href":"https:\/\/marcoslimma.com.br\/index.php\/wp-json\/wp\/v2\/posts"}],"about":[{"href":"https:\/\/marcoslimma.com.br\/index.php\/wp-json\/wp\/v2\/types\/post"}],"author":[{"embeddable":true,"href":"https:\/\/marcoslimma.com.br\/index.php\/wp-json\/wp\/v2\/users\/2"}],"replies":[{"embeddable":true,"href":"https:\/\/marcoslimma.com.br\/index.php\/wp-json\/wp\/v2\/comments?post=10415"}],"version-history":[{"count":1,"href":"https:\/\/marcoslimma.com.br\/index.php\/wp-json\/wp\/v2\/posts\/10415\/revisions"}],"predecessor-version":[{"id":10417,"href":"https:\/\/marcoslimma.com.br\/index.php\/wp-json\/wp\/v2\/posts\/10415\/revisions\/10417"}],"wp:featuredmedia":[{"embeddable":true,"href":"https:\/\/marcoslimma.com.br\/index.php\/wp-json\/wp\/v2\/media\/10416"}],"wp:attachment":[{"href":"https:\/\/marcoslimma.com.br\/index.php\/wp-json\/wp\/v2\/media?parent=10415"}],"wp:term":[{"taxonomy":"category","embeddable":true,"href":"https:\/\/marcoslimma.com.br\/index.php\/wp-json\/wp\/v2\/categories?post=10415"},{"taxonomy":"post_tag","embeddable":true,"href":"https:\/\/marcoslimma.com.br\/index.php\/wp-json\/wp\/v2\/tags?post=10415"}],"curies":[{"name":"wp","href":"https:\/\/api.w.org\/{rel}","templated":true}]}}