{"id":10409,"date":"2026-03-05T19:58:37","date_gmt":"2026-03-05T22:58:37","guid":{"rendered":"https:\/\/marcoslimma.com.br\/?p=10409"},"modified":"2026-03-05T19:58:37","modified_gmt":"2026-03-05T22:58:37","slug":"trizidela-do-vale-ganha-hino-de-louvacao-que-celebra-a-identidade-e-o-orgulho-do-povo","status":"publish","type":"post","link":"https:\/\/marcoslimma.com.br\/index.php\/2026\/03\/05\/trizidela-do-vale-ganha-hino-de-louvacao-que-celebra-a-identidade-e-o-orgulho-do-povo\/","title":{"rendered":"Trizidela do Vale ganha Hino de Louva\u00e7\u00e3o que celebra a identidade e o orgulho do povo"},"content":{"rendered":"<p><img loading=\"lazy\" decoding=\"async\" class=\"alignnone size-large wp-image-10410\" src=\"https:\/\/marcoslimma.com.br\/wp-content\/uploads\/2026\/03\/Screenshot_20260305_194223_Gallery.jpg-1024x597.jpeg\" alt=\"\" width=\"1024\" height=\"597\" srcset=\"https:\/\/marcoslimma.com.br\/wp-content\/uploads\/2026\/03\/Screenshot_20260305_194223_Gallery.jpg-1024x597.jpeg 1024w, https:\/\/marcoslimma.com.br\/wp-content\/uploads\/2026\/03\/Screenshot_20260305_194223_Gallery.jpg-300x175.jpeg 300w, https:\/\/marcoslimma.com.br\/wp-content\/uploads\/2026\/03\/Screenshot_20260305_194223_Gallery.jpg-768x448.jpeg 768w, https:\/\/marcoslimma.com.br\/wp-content\/uploads\/2026\/03\/Screenshot_20260305_194223_Gallery.jpg.jpeg 1439w\" sizes=\"auto, (max-width: 1024px) 100vw, 1024px\" \/><\/p>\n<p>&nbsp;<\/p>\n<p>Nova can\u00e7\u00e3o passa a integrar os s\u00edmbolos culturais do munic\u00edpio sem substituir o Hino Oficial: enquanto o hino institucional mant\u00e9m o car\u00e1ter c\u00edvico e protocolar, o Hino de Louva\u00e7\u00e3o destaca a cultura, a hist\u00f3ria e o sentimento de pertencimento do povo trizidelense.<\/p>\n<p>Trizidela do Vale passa a contar com mais um importante s\u00edmbolo de valoriza\u00e7\u00e3o de sua identidade cultural. Ap\u00f3s a aprova\u00e7\u00e3o da proposta pela C\u00e2mara Municipal, o prefeito Deibson Pereira Freitas sancionou a Lei Municipal n\u00ba 01\/2026, de 02 de mar\u00e7o de 2026, que institui a can\u00e7\u00e3o \u201cTrizidela do Vale, Nosso Amor \u00e9 Voc\u00ea\u201d como Hino de Louva\u00e7\u00e3o do Munic\u00edpio de Trizidela do Vale \u2013 MA. A iniciativa foi encaminhada ao Legislativo Municipal e recebeu aprova\u00e7\u00e3o do plen\u00e1rio, consolidando o reconhecimento da m\u00fasica como uma express\u00e3o cultural representativa da cidade.<\/p>\n<p>\u201cEsse hino nasce como uma homenagem ao nosso povo, \u00e0 nossa hist\u00f3ria e \u00e0 identidade de Trizidela do Vale. \u00c9 uma forma de valorizar a cultura local e refor\u00e7ar o sentimento de pertencimento que cada cidad\u00e3o tem por esta terra\u201d, destacou o prefeito Deibson Pereira Freitas ao sancionar a lei.<\/p>\n<p>\u00c9 importante destacar que o Hino de Louva\u00e7\u00e3o n\u00e3o substitui o Hino Oficial de Trizidela do Vale, que permanece como o s\u00edmbolo institucional do munic\u00edpio. Enquanto o hino oficial mant\u00e9m car\u00e1ter mais solene e protocolar, tradicionalmente executado em cerim\u00f4nias c\u00edvicas e eventos oficiais, o Hino de Louva\u00e7\u00e3o surge com uma proposta mais popular e afetiva, voltada \u00e0 valoriza\u00e7\u00e3o da cultura local, da hist\u00f3ria e do sentimento de pertencimento do povo trizidelense.<\/p>\n<p>A institui\u00e7\u00e3o da can\u00e7\u00e3o como s\u00edmbolo cultural refor\u00e7a o compromisso do munic\u00edpio com a valoriza\u00e7\u00e3o das manifesta\u00e7\u00f5es art\u00edsticas que representam a identidade da cidade. A m\u00fasica traz refer\u00eancias \u00e0 hist\u00f3ria local, \u00e0 for\u00e7a do povo trabalhador e \u00e0s riquezas naturais que marcam a vida e o cotidiano da popula\u00e7\u00e3o.<\/p>\n<p>A obra \u201cTrizidela do Vale, Nosso Amor \u00e9 Voc\u00ea\u201d tem letra e composi\u00e7\u00e3o do jornalista Heider Carlos Matos, com melodia da composi\u00e7\u00e3o do compositor Jailson Borges Barbosa, autores respons\u00e1veis pela cria\u00e7\u00e3o da can\u00e7\u00e3o que agora passa a integrar oficialmente o patrim\u00f4nio cultural simb\u00f3lico do munic\u00edpio, fortalecendo a mem\u00f3ria coletiva e o orgulho de pertencer a Trizidela do Vale.<\/p>\n<p>\u201cEscrever essa can\u00e7\u00e3o foi uma forma de traduzir em palavras o amor e o orgulho que sentimos por Trizidela do Vale. Cada verso carrega um pouco da hist\u00f3ria, da cultura e do sentimento do nosso povo\u201d, destacou o jornalista Heider Carlos Matos, autor da letra e da composi\u00e7\u00e3o da m\u00fasica<\/p>\n<p><iframe loading=\"lazy\" title=\"Trizidela do Vale ganha Hino de Louvac\u00e3o que celebra a identidade e o orgulho do povo\" width=\"500\" height=\"281\" src=\"https:\/\/www.youtube.com\/embed\/HasivZr3WWQ?feature=oembed\" frameborder=\"0\" allow=\"accelerometer; autoplay; clipboard-write; encrypted-media; gyroscope; picture-in-picture; web-share\" referrerpolicy=\"strict-origin-when-cross-origin\" allowfullscreen><\/iframe><\/p>\n","protected":false},"excerpt":{"rendered":"<p>&nbsp; Nova can\u00e7\u00e3o passa a integrar os s\u00edmbolos culturais do munic\u00edpio sem substituir o Hino Oficial: enquanto o hino institucional mant\u00e9m o car\u00e1ter c\u00edvico e protocolar, o Hino de Louva\u00e7\u00e3o destaca a&hellip;<\/p>\n","protected":false},"author":2,"featured_media":10410,"comment_status":"open","ping_status":"open","sticky":false,"template":"","format":"standard","meta":{"footnotes":""},"categories":[1],"tags":[],"class_list":["post-10409","post","type-post","status-publish","format-standard","has-post-thumbnail","hentry","category-ultimas-noticias"],"_links":{"self":[{"href":"https:\/\/marcoslimma.com.br\/index.php\/wp-json\/wp\/v2\/posts\/10409","targetHints":{"allow":["GET"]}}],"collection":[{"href":"https:\/\/marcoslimma.com.br\/index.php\/wp-json\/wp\/v2\/posts"}],"about":[{"href":"https:\/\/marcoslimma.com.br\/index.php\/wp-json\/wp\/v2\/types\/post"}],"author":[{"embeddable":true,"href":"https:\/\/marcoslimma.com.br\/index.php\/wp-json\/wp\/v2\/users\/2"}],"replies":[{"embeddable":true,"href":"https:\/\/marcoslimma.com.br\/index.php\/wp-json\/wp\/v2\/comments?post=10409"}],"version-history":[{"count":1,"href":"https:\/\/marcoslimma.com.br\/index.php\/wp-json\/wp\/v2\/posts\/10409\/revisions"}],"predecessor-version":[{"id":10411,"href":"https:\/\/marcoslimma.com.br\/index.php\/wp-json\/wp\/v2\/posts\/10409\/revisions\/10411"}],"wp:featuredmedia":[{"embeddable":true,"href":"https:\/\/marcoslimma.com.br\/index.php\/wp-json\/wp\/v2\/media\/10410"}],"wp:attachment":[{"href":"https:\/\/marcoslimma.com.br\/index.php\/wp-json\/wp\/v2\/media?parent=10409"}],"wp:term":[{"taxonomy":"category","embeddable":true,"href":"https:\/\/marcoslimma.com.br\/index.php\/wp-json\/wp\/v2\/categories?post=10409"},{"taxonomy":"post_tag","embeddable":true,"href":"https:\/\/marcoslimma.com.br\/index.php\/wp-json\/wp\/v2\/tags?post=10409"}],"curies":[{"name":"wp","href":"https:\/\/api.w.org\/{rel}","templated":true}]}}