{"id":10379,"date":"2026-02-28T09:54:35","date_gmt":"2026-02-28T12:54:35","guid":{"rendered":"https:\/\/marcoslimma.com.br\/?p=10379"},"modified":"2026-02-28T09:55:31","modified_gmt":"2026-02-28T12:55:31","slug":"dr-leonardo-henrique-e-homenageado-com-titulo-de-cidadao-lima-campense-2","status":"publish","type":"post","link":"https:\/\/marcoslimma.com.br\/index.php\/2026\/02\/28\/dr-leonardo-henrique-e-homenageado-com-titulo-de-cidadao-lima-campense-2\/","title":{"rendered":"Dr. Leonardo Henrique \u00e9 homenageado com t\u00edtulo de cidad\u00e3o lima-campense"},"content":{"rendered":"<p data-start=\"0\" data-end=\"258\"><img loading=\"lazy\" decoding=\"async\" class=\"alignnone size-large wp-image-10374\" src=\"https:\/\/marcoslimma.com.br\/wp-content\/uploads\/2026\/02\/20260227_211740.jpg-1024x1024.jpeg\" alt=\"\" width=\"1024\" height=\"1024\" srcset=\"https:\/\/marcoslimma.com.br\/wp-content\/uploads\/2026\/02\/20260227_211740.jpg-1024x1024.jpeg 1024w, https:\/\/marcoslimma.com.br\/wp-content\/uploads\/2026\/02\/20260227_211740.jpg-300x300.jpeg 300w, https:\/\/marcoslimma.com.br\/wp-content\/uploads\/2026\/02\/20260227_211740.jpg-150x150.jpeg 150w, https:\/\/marcoslimma.com.br\/wp-content\/uploads\/2026\/02\/20260227_211740.jpg-768x768.jpeg 768w, https:\/\/marcoslimma.com.br\/wp-content\/uploads\/2026\/02\/20260227_211740.jpg-1536x1536.jpeg 1536w, https:\/\/marcoslimma.com.br\/wp-content\/uploads\/2026\/02\/20260227_211740.jpg-2048x2048.jpeg 2048w\" sizes=\"auto, (max-width: 1024px) 100vw, 1024px\" \/><\/p>\n<p data-start=\"0\" data-end=\"258\">\n<p data-start=\"0\" data-end=\"258\">O juiz titular da <strong>Vara do Trabalho de Pedreiras<\/strong>, <strong data-start=\"49\" data-end=\"83\">Dr. Leonardo Henrique Ferreira<\/strong>, recebeu o T\u00edtulo de Cidad\u00e3o de <strong>Lima Campos\u2013MA<\/strong> durante sess\u00e3o solene realizada nesta sexta-feira (27), na <strong>C\u00e2mara Municipal<\/strong>.<\/p>\n<p data-start=\"260\" data-end=\"457\">A solenidade foi presidida pelo atual presidente da Casa, vereador <strong data-start=\"327\" data-end=\"340\">Ney Braga<\/strong>. A honraria foi proposta pelo vereador <strong data-start=\"380\" data-end=\"403\">Canidia Publicidade<\/strong> e aprovada por unanimidade pelo parlamento municipal.<\/p>\n<p data-start=\"459\" data-end=\"751\">Antes da entrega do t\u00edtulo, o presidente <strong>Ney Braga<\/strong> convidou para compor a mesa de honra o juiz <strong>Dr. Leonardo Henrique Ferreira<\/strong>, titular da <strong>Vara do Trabalho de Pedreiras<\/strong>; o diretor de Secretaria da <strong>Vara do Trabalho de Pedreiras, Dr. Luiz Sales<\/strong>; e o procurador-geral do munic\u00edpio, <strong>Dr. Jailson Silva<\/strong>.<\/p>\n<p data-start=\"459\" data-end=\"751\">\n<p data-start=\"459\" data-end=\"751\"><img loading=\"lazy\" decoding=\"async\" class=\"alignnone size-large wp-image-10375\" src=\"https:\/\/marcoslimma.com.br\/wp-content\/uploads\/2026\/02\/20260227_102534.jpg-1024x577.jpeg\" alt=\"\" width=\"1024\" height=\"577\" srcset=\"https:\/\/marcoslimma.com.br\/wp-content\/uploads\/2026\/02\/20260227_102534.jpg-1024x577.jpeg 1024w, https:\/\/marcoslimma.com.br\/wp-content\/uploads\/2026\/02\/20260227_102534.jpg-300x169.jpeg 300w, https:\/\/marcoslimma.com.br\/wp-content\/uploads\/2026\/02\/20260227_102534.jpg-768x432.jpeg 768w, https:\/\/marcoslimma.com.br\/wp-content\/uploads\/2026\/02\/20260227_102534.jpg-1536x865.jpeg 1536w, https:\/\/marcoslimma.com.br\/wp-content\/uploads\/2026\/02\/20260227_102534.jpg-2048x1153.jpeg 2048w\" sizes=\"auto, (max-width: 1024px) 100vw, 1024px\" \/><\/p>\n<p data-start=\"753\" data-end=\"1178\"><strong>Dr. Leonardo<\/strong> possui destacada atua\u00e7\u00e3o na Justi\u00e7a do Trabalho e tem relevantes servi\u00e7os prestados \u00e0 regi\u00e3o. Entre as contribui\u00e7\u00f5es ao munic\u00edpio, foi respons\u00e1vel por viabilizar a doa\u00e7\u00e3o de uma viatura 0km para <strong><span class=\"hover:entity-accent entity-underline inline cursor-pointer align-baseline\"><span class=\"whitespace-normal\">Lima Campos<\/span><\/span><\/strong>. O ve\u00edculo tem como objetivo fortalecer a estrutura da <strong>Guarda Municipal<\/strong>, garantindo melhores condi\u00e7\u00f5es de trabalho aos agentes e ampliando o suporte \u00e0s a\u00e7\u00f5es de seguran\u00e7a p\u00fablica.<\/p>\n<p data-start=\"1180\" data-end=\"1705\">Durante seu discurso, o vereador Canidia destacou a import\u00e2ncia do reconhecimento.<br data-start=\"1262\" data-end=\"1265\" \/>\u201c<strong>Me sinto feliz por conceder este T\u00edtulo de Cidad\u00e3o Lima-campense a um ser humano incr\u00edvel e grande homem que \u00e9 o Dr. Leonardo. Fiz quest\u00e3o de apresentar essa homenagem, atendendo tamb\u00e9m ao pedido do meu amigo Dr. Jailson Silva, a um magistrado que tanto contribui para a Justi\u00e7a e para a sociedade da nossa regi\u00e3o. Seu trabalho, dedica\u00e7\u00e3o e compromisso t\u00eam transformado realidades na vida de milhares de pessoas\u201d<\/strong>, justificou o parlamentar.<\/p>\n<p data-start=\"1180\" data-end=\"1705\"><img loading=\"lazy\" decoding=\"async\" class=\"alignnone size-large wp-image-10376\" src=\"https:\/\/marcoslimma.com.br\/wp-content\/uploads\/2026\/02\/IMG-20260227-WA0969.jpg-1024x683.jpeg\" alt=\"\" width=\"1024\" height=\"683\" srcset=\"https:\/\/marcoslimma.com.br\/wp-content\/uploads\/2026\/02\/IMG-20260227-WA0969.jpg-1024x683.jpeg 1024w, https:\/\/marcoslimma.com.br\/wp-content\/uploads\/2026\/02\/IMG-20260227-WA0969.jpg-300x200.jpeg 300w, https:\/\/marcoslimma.com.br\/wp-content\/uploads\/2026\/02\/IMG-20260227-WA0969.jpg-768x512.jpeg 768w, https:\/\/marcoslimma.com.br\/wp-content\/uploads\/2026\/02\/IMG-20260227-WA0969.jpg-1536x1024.jpeg 1536w, https:\/\/marcoslimma.com.br\/wp-content\/uploads\/2026\/02\/IMG-20260227-WA0969.jpg-2048x1365.jpeg 2048w\" sizes=\"auto, (max-width: 1024px) 100vw, 1024px\" \/><\/p>\n<p data-start=\"1707\" data-end=\"2237\">Em sua fala, o magistrado agradeceu a homenagem e ressaltou o carinho que tem pela cidade.<br data-start=\"1797\" data-end=\"1800\" \/><strong>\u201cAgrade\u00e7o ao vereador Canidia pela honraria. Mais feliz ainda \u00e9 poder contribuir com essa cidade, um lugar pelo qual tenho muito carinho. Poder ajudar com a doa\u00e7\u00e3o de uma viatura para a Guarda Municipal foi uma grande alegria. Sempre que passo por Lima Campos vejo uma cidade bem cuidada. Assim que cheguei \u00e0 C\u00e2mara comentei como essa cidade \u00e9 organizada. Agora, como cidad\u00e3o lima-campense, posso dizer que \u00e9 motivo de orgulho\u201d<\/strong>, afirmou.<\/p>\n<p data-start=\"2239\" data-end=\"2473\">Tamb\u00e9m fizeram uso da palavra o presidente <strong>Ney Braga<\/strong>, o vice-presidente <strong>Laelson<\/strong>, al\u00e9m dos vereadores<strong> Lucian Alves, Jo\u00e3o Filho, Patr\u00edcia do Ronielly e Clemilson do Derreis<\/strong>, que ressaltaram a import\u00e2ncia do reconhecimento ao magistrado.<\/p>\n<p data-start=\"2475\" data-end=\"2786\"><strong>Dr. Leonardo Henrique Ferreira<\/strong> \u00e9 Juiz do Trabalho do <span class=\"hover:entity-accent entity-underline inline cursor-pointer align-baseline\"><span class=\"whitespace-normal\">Tribunal Regional do Trabalho da 16\u00aa Regi\u00e3o<\/span><\/span>, empossado em 2004. Atuou como juiz substituto em diversas Varas do Trabalho da capital e do interior, foi titular da Vara do Trabalho de <strong>Estreito\u2013MA<\/strong> e, desde 2014, exerce a titularidade da Vara do Trabalho de <strong>Pedreiras<\/strong>.<\/p>\n<p data-start=\"2788\" data-end=\"3285\">\u00c9 bacharel em Direito pela <span class=\"hover:entity-accent entity-underline inline cursor-pointer align-baseline\"><span class=\"whitespace-normal\">Universidade Federal do <strong>Piaui<\/strong><\/span><\/span> e especialista em Direito Processual pela <span class=\"hover:entity-accent entity-underline inline cursor-pointer align-baseline\"><span class=\"whitespace-normal\">Universidade Federal de <strong>Santa Catarina<\/strong><\/span><\/span><strong>.<\/strong> J\u00e1 presidiu a <span class=\"hover:entity-accent entity-underline inline cursor-pointer align-baseline\"><span class=\"whitespace-normal\">Associa\u00e7\u00e3o dos Magistrados Trabalhistas da 16\u00aa Regi\u00e3o<\/span><\/span> e foi aprovado em diversos concursos p\u00fablicos, tendo exercido o cargo de Analista Judici\u00e1rio Executor de Mandados no TRT da 22\u00aa Regi\u00e3o, al\u00e9m de fun\u00e7\u00f5es comissionadas como assessor de juiz e de desembargador. Antes de assumir a magistratura trabalhista, tamb\u00e9m atuou como Procurador Federal da Uni\u00e3o.<\/p>\n<p data-start=\"3287\" data-end=\"3434\" data-is-last-node=\"\" data-is-only-node=\"\">A solenidade marcou um momento de reconhecimento institucional e de fortalecimento dos la\u00e7os entre o <strong>Poder Judici\u00e1rio<\/strong> e o munic\u00edpio de <strong>Lima Campos.<\/strong><\/p>\n<p><iframe loading=\"lazy\" title=\"Dr. Leonardo Henrique \u00e9 homenageado com t\u00edtulo de cidad\u00e3o lima-campense\" width=\"422\" height=\"750\" src=\"https:\/\/www.youtube.com\/embed\/HCmanXVXY4Q?feature=oembed\" frameborder=\"0\" allow=\"accelerometer; autoplay; clipboard-write; encrypted-media; gyroscope; picture-in-picture; web-share\" referrerpolicy=\"strict-origin-when-cross-origin\" allowfullscreen><\/iframe><\/p>\n<p data-start=\"3287\" data-end=\"3434\" data-is-last-node=\"\" data-is-only-node=\"\"><img loading=\"lazy\" decoding=\"async\" class=\"alignnone size-large wp-image-10377\" src=\"https:\/\/marcoslimma.com.br\/wp-content\/uploads\/2026\/02\/0a78e1cf-812d-4b85-8c3b-894ab51954cd-1024x762.jpeg\" alt=\"\" width=\"1024\" height=\"762\" srcset=\"https:\/\/marcoslimma.com.br\/wp-content\/uploads\/2026\/02\/0a78e1cf-812d-4b85-8c3b-894ab51954cd-1024x762.jpeg 1024w, https:\/\/marcoslimma.com.br\/wp-content\/uploads\/2026\/02\/0a78e1cf-812d-4b85-8c3b-894ab51954cd-300x223.jpeg 300w, https:\/\/marcoslimma.com.br\/wp-content\/uploads\/2026\/02\/0a78e1cf-812d-4b85-8c3b-894ab51954cd-768x572.jpeg 768w, https:\/\/marcoslimma.com.br\/wp-content\/uploads\/2026\/02\/0a78e1cf-812d-4b85-8c3b-894ab51954cd.jpeg 1280w\" sizes=\"auto, (max-width: 1024px) 100vw, 1024px\" \/><\/p>\n","protected":false},"excerpt":{"rendered":"<p>O juiz titular da Vara do Trabalho de Pedreiras, Dr. Leonardo Henrique Ferreira, recebeu o T\u00edtulo de Cidad\u00e3o de Lima Campos\u2013MA durante sess\u00e3o solene realizada nesta sexta-feira (27), na C\u00e2mara Municipal. A&hellip;<\/p>\n","protected":false},"author":2,"featured_media":10373,"comment_status":"open","ping_status":"open","sticky":false,"template":"","format":"standard","meta":{"footnotes":""},"categories":[1],"tags":[],"class_list":["post-10379","post","type-post","status-publish","format-standard","has-post-thumbnail","hentry","category-ultimas-noticias"],"_links":{"self":[{"href":"https:\/\/marcoslimma.com.br\/index.php\/wp-json\/wp\/v2\/posts\/10379","targetHints":{"allow":["GET"]}}],"collection":[{"href":"https:\/\/marcoslimma.com.br\/index.php\/wp-json\/wp\/v2\/posts"}],"about":[{"href":"https:\/\/marcoslimma.com.br\/index.php\/wp-json\/wp\/v2\/types\/post"}],"author":[{"embeddable":true,"href":"https:\/\/marcoslimma.com.br\/index.php\/wp-json\/wp\/v2\/users\/2"}],"replies":[{"embeddable":true,"href":"https:\/\/marcoslimma.com.br\/index.php\/wp-json\/wp\/v2\/comments?post=10379"}],"version-history":[{"count":2,"href":"https:\/\/marcoslimma.com.br\/index.php\/wp-json\/wp\/v2\/posts\/10379\/revisions"}],"predecessor-version":[{"id":10381,"href":"https:\/\/marcoslimma.com.br\/index.php\/wp-json\/wp\/v2\/posts\/10379\/revisions\/10381"}],"wp:featuredmedia":[{"embeddable":true,"href":"https:\/\/marcoslimma.com.br\/index.php\/wp-json\/wp\/v2\/media\/10373"}],"wp:attachment":[{"href":"https:\/\/marcoslimma.com.br\/index.php\/wp-json\/wp\/v2\/media?parent=10379"}],"wp:term":[{"taxonomy":"category","embeddable":true,"href":"https:\/\/marcoslimma.com.br\/index.php\/wp-json\/wp\/v2\/categories?post=10379"},{"taxonomy":"post_tag","embeddable":true,"href":"https:\/\/marcoslimma.com.br\/index.php\/wp-json\/wp\/v2\/tags?post=10379"}],"curies":[{"name":"wp","href":"https:\/\/api.w.org\/{rel}","templated":true}]}}