{"id":10354,"date":"2026-02-24T12:58:41","date_gmt":"2026-02-24T15:58:41","guid":{"rendered":"https:\/\/marcoslimma.com.br\/?p=10354"},"modified":"2026-02-24T12:58:41","modified_gmt":"2026-02-24T15:58:41","slug":"primeiro-ep-de-lucian-no-caminho-da-cruz-sera-lancado-dia-26-de-fevereiro","status":"publish","type":"post","link":"https:\/\/marcoslimma.com.br\/index.php\/2026\/02\/24\/primeiro-ep-de-lucian-no-caminho-da-cruz-sera-lancado-dia-26-de-fevereiro\/","title":{"rendered":"Primeiro EP de Lucian, \u201cNo Caminho da Cruz\u201d, ser\u00e1 lan\u00e7ado dia 26 de fevereiro"},"content":{"rendered":"<p><img loading=\"lazy\" decoding=\"async\" class=\"alignnone size-large wp-image-10355\" src=\"https:\/\/marcoslimma.com.br\/wp-content\/uploads\/2026\/02\/WhatsApp-Image-2026-02-24-at-12.15.51-625x1024.jpeg\" alt=\"\" width=\"625\" height=\"1024\" srcset=\"https:\/\/marcoslimma.com.br\/wp-content\/uploads\/2026\/02\/WhatsApp-Image-2026-02-24-at-12.15.51-625x1024.jpeg 625w, https:\/\/marcoslimma.com.br\/wp-content\/uploads\/2026\/02\/WhatsApp-Image-2026-02-24-at-12.15.51-183x300.jpeg 183w, https:\/\/marcoslimma.com.br\/wp-content\/uploads\/2026\/02\/WhatsApp-Image-2026-02-24-at-12.15.51-768x1258.jpeg 768w, https:\/\/marcoslimma.com.br\/wp-content\/uploads\/2026\/02\/WhatsApp-Image-2026-02-24-at-12.15.51-938x1536.jpeg 938w, https:\/\/marcoslimma.com.br\/wp-content\/uploads\/2026\/02\/WhatsApp-Image-2026-02-24-at-12.15.51.jpeg 977w\" sizes=\"auto, (max-width: 625px) 100vw, 625px\" \/><\/p>\n<p>\u00c9 com muita alegria que anunciamos o lan\u00e7amento do primeiro EP de Lucian, \u201cNo Caminho da Cruz\u201d, que chega no dia 26 de fevereiro.<br \/>\nEste projeto nasce de um per\u00edodo de profunda entrega, reflex\u00e3o e f\u00e9, trazendo can\u00e7\u00f5es que convidam o cora\u00e7\u00e3o a caminhar mais perto de Cristo.<\/p>\n<p>Em cada faixa, Lucian busca traduzir experi\u00eancias reais vividas na jornada espiritual, unindo sensibilidade, intensidade e devo\u00e7\u00e3o. O EP carrega uma sonoridade marcante e letras que apontam para esperan\u00e7a, rendi\u00e7\u00e3o e prop\u00f3sito.<\/p>\n<p>Marque essa data e acompanhe este lan\u00e7amento especial.<br \/>\nO caminho come\u00e7a aqui.<\/p>\n","protected":false},"excerpt":{"rendered":"<p>\u00c9 com muita alegria que anunciamos o lan\u00e7amento do primeiro EP de Lucian, \u201cNo Caminho da Cruz\u201d, que chega no dia 26 de fevereiro. Este projeto nasce de um per\u00edodo de profunda&hellip;<\/p>\n","protected":false},"author":2,"featured_media":10355,"comment_status":"open","ping_status":"open","sticky":false,"template":"","format":"standard","meta":{"footnotes":""},"categories":[1],"tags":[],"class_list":["post-10354","post","type-post","status-publish","format-standard","has-post-thumbnail","hentry","category-ultimas-noticias"],"_links":{"self":[{"href":"https:\/\/marcoslimma.com.br\/index.php\/wp-json\/wp\/v2\/posts\/10354","targetHints":{"allow":["GET"]}}],"collection":[{"href":"https:\/\/marcoslimma.com.br\/index.php\/wp-json\/wp\/v2\/posts"}],"about":[{"href":"https:\/\/marcoslimma.com.br\/index.php\/wp-json\/wp\/v2\/types\/post"}],"author":[{"embeddable":true,"href":"https:\/\/marcoslimma.com.br\/index.php\/wp-json\/wp\/v2\/users\/2"}],"replies":[{"embeddable":true,"href":"https:\/\/marcoslimma.com.br\/index.php\/wp-json\/wp\/v2\/comments?post=10354"}],"version-history":[{"count":1,"href":"https:\/\/marcoslimma.com.br\/index.php\/wp-json\/wp\/v2\/posts\/10354\/revisions"}],"predecessor-version":[{"id":10356,"href":"https:\/\/marcoslimma.com.br\/index.php\/wp-json\/wp\/v2\/posts\/10354\/revisions\/10356"}],"wp:featuredmedia":[{"embeddable":true,"href":"https:\/\/marcoslimma.com.br\/index.php\/wp-json\/wp\/v2\/media\/10355"}],"wp:attachment":[{"href":"https:\/\/marcoslimma.com.br\/index.php\/wp-json\/wp\/v2\/media?parent=10354"}],"wp:term":[{"taxonomy":"category","embeddable":true,"href":"https:\/\/marcoslimma.com.br\/index.php\/wp-json\/wp\/v2\/categories?post=10354"},{"taxonomy":"post_tag","embeddable":true,"href":"https:\/\/marcoslimma.com.br\/index.php\/wp-json\/wp\/v2\/tags?post=10354"}],"curies":[{"name":"wp","href":"https:\/\/api.w.org\/{rel}","templated":true}]}}