{"id":10329,"date":"2026-02-20T14:34:20","date_gmt":"2026-02-20T17:34:20","guid":{"rendered":"https:\/\/marcoslimma.com.br\/?p=10329"},"modified":"2026-02-20T14:34:20","modified_gmt":"2026-02-20T17:34:20","slug":"vereador-canidia-propoe-nome-de-lucas-alves-de-oliveira-para-auditorio-do-novo-centro-administrativo-3","status":"publish","type":"post","link":"https:\/\/marcoslimma.com.br\/index.php\/2026\/02\/20\/vereador-canidia-propoe-nome-de-lucas-alves-de-oliveira-para-auditorio-do-novo-centro-administrativo-3\/","title":{"rendered":"Vereador Canidia prop\u00f5e nome de Lucas Alves de Oliveira para audit\u00f3rio do novo Centro Administrativo"},"content":{"rendered":"<p data-start=\"0\" data-end=\"240\"><img loading=\"lazy\" decoding=\"async\" class=\"alignnone size-large wp-image-10330\" src=\"https:\/\/marcoslimma.com.br\/wp-content\/uploads\/2026\/02\/e4a54f2c-6862-42fd-8c61-9c5fa547b8ba-1024x683.jpeg\" alt=\"\" width=\"1024\" height=\"683\" srcset=\"https:\/\/marcoslimma.com.br\/wp-content\/uploads\/2026\/02\/e4a54f2c-6862-42fd-8c61-9c5fa547b8ba-1024x683.jpeg 1024w, https:\/\/marcoslimma.com.br\/wp-content\/uploads\/2026\/02\/e4a54f2c-6862-42fd-8c61-9c5fa547b8ba-300x200.jpeg 300w, https:\/\/marcoslimma.com.br\/wp-content\/uploads\/2026\/02\/e4a54f2c-6862-42fd-8c61-9c5fa547b8ba-768x512.jpeg 768w, https:\/\/marcoslimma.com.br\/wp-content\/uploads\/2026\/02\/e4a54f2c-6862-42fd-8c61-9c5fa547b8ba.jpeg 1040w\" sizes=\"auto, (max-width: 1024px) 100vw, 1024px\" \/><\/p>\n<p data-start=\"0\" data-end=\"240\">\n<p data-start=\"0\" data-end=\"240\">\u00a0 Nesta sexta-feira (20), o vereador<strong> Canidia Publicidad<\/strong>e apresentou uma Indica\u00e7\u00e3o verbal ao <strong>Poder Executivo Municipal<\/strong> para que o futuro audit\u00f3rio do Centro Administrativo, atualmente em fase de constru\u00e7\u00e3o, receba o nome do<strong> Sr. Lucas Alves de Oliveira<\/strong>.<\/p>\n<p data-start=\"242\" data-end=\"663\">A proposta visa prestar uma justa homenagem ao cidad\u00e3o, amplamente reconhecido por sua relevante atua\u00e7\u00e3o na comunidade e pelos servi\u00e7os prestados ao munic\u00edpio, com destaque especial na \u00e1rea da comunica\u00e7\u00e3o. Ao longo de sua trajet\u00f3ria, <strong>Lucas Alves de Oliveira<\/strong> construiu um legado marcado pelo compromisso, dedica\u00e7\u00e3o e respeito \u00e0 popula\u00e7\u00e3o, contribuindo significativamente para o fortalecimento da informa\u00e7\u00e3o e da cidadania.<\/p>\n<p data-start=\"665\" data-end=\"862\" data-is-last-node=\"\" data-is-only-node=\"\">A iniciativa refor\u00e7a a import\u00e2ncia de valorizar personalidades que deixaram marcas positivas na hist\u00f3ria do munic\u00edpio, eternizando seus nomes em espa\u00e7os p\u00fablicos de grande relev\u00e2ncia institucional. A indica\u00e7\u00e3o foi votada e aprovada por todos os demais parlamentares.<\/p>\n","protected":false},"excerpt":{"rendered":"<p>\u00a0 Nesta sexta-feira (20), o vereador Canidia Publicidade apresentou uma Indica\u00e7\u00e3o verbal ao Poder Executivo Municipal para que o futuro audit\u00f3rio do Centro Administrativo, atualmente em fase de constru\u00e7\u00e3o, receba o nome&hellip;<\/p>\n","protected":false},"author":2,"featured_media":10330,"comment_status":"open","ping_status":"open","sticky":false,"template":"","format":"standard","meta":{"footnotes":""},"categories":[1],"tags":[],"class_list":["post-10329","post","type-post","status-publish","format-standard","has-post-thumbnail","hentry","category-ultimas-noticias"],"_links":{"self":[{"href":"https:\/\/marcoslimma.com.br\/index.php\/wp-json\/wp\/v2\/posts\/10329","targetHints":{"allow":["GET"]}}],"collection":[{"href":"https:\/\/marcoslimma.com.br\/index.php\/wp-json\/wp\/v2\/posts"}],"about":[{"href":"https:\/\/marcoslimma.com.br\/index.php\/wp-json\/wp\/v2\/types\/post"}],"author":[{"embeddable":true,"href":"https:\/\/marcoslimma.com.br\/index.php\/wp-json\/wp\/v2\/users\/2"}],"replies":[{"embeddable":true,"href":"https:\/\/marcoslimma.com.br\/index.php\/wp-json\/wp\/v2\/comments?post=10329"}],"version-history":[{"count":1,"href":"https:\/\/marcoslimma.com.br\/index.php\/wp-json\/wp\/v2\/posts\/10329\/revisions"}],"predecessor-version":[{"id":10331,"href":"https:\/\/marcoslimma.com.br\/index.php\/wp-json\/wp\/v2\/posts\/10329\/revisions\/10331"}],"wp:featuredmedia":[{"embeddable":true,"href":"https:\/\/marcoslimma.com.br\/index.php\/wp-json\/wp\/v2\/media\/10330"}],"wp:attachment":[{"href":"https:\/\/marcoslimma.com.br\/index.php\/wp-json\/wp\/v2\/media?parent=10329"}],"wp:term":[{"taxonomy":"category","embeddable":true,"href":"https:\/\/marcoslimma.com.br\/index.php\/wp-json\/wp\/v2\/categories?post=10329"},{"taxonomy":"post_tag","embeddable":true,"href":"https:\/\/marcoslimma.com.br\/index.php\/wp-json\/wp\/v2\/tags?post=10329"}],"curies":[{"name":"wp","href":"https:\/\/api.w.org\/{rel}","templated":true}]}}