{"id":10323,"date":"2026-02-20T14:23:53","date_gmt":"2026-02-20T17:23:53","guid":{"rendered":"https:\/\/marcoslimma.com.br\/?p=10323"},"modified":"2026-02-20T14:23:53","modified_gmt":"2026-02-20T17:23:53","slug":"vereador-clemilson-do-derreis-solicita-limpeza-do-campo-de-futebol-do-povoado-sao-domingos","status":"publish","type":"post","link":"https:\/\/marcoslimma.com.br\/index.php\/2026\/02\/20\/vereador-clemilson-do-derreis-solicita-limpeza-do-campo-de-futebol-do-povoado-sao-domingos\/","title":{"rendered":"Vereador Clemilson do Derreis solicita limpeza do campo de futebol do povoado S\u00e3o Domingos"},"content":{"rendered":"<p data-start=\"0\" data-end=\"245\"><img loading=\"lazy\" decoding=\"async\" class=\"alignnone size-large wp-image-10324\" src=\"https:\/\/marcoslimma.com.br\/wp-content\/uploads\/2026\/02\/20260220_102222.jpg-1024x577.jpeg\" alt=\"\" width=\"1024\" height=\"577\" srcset=\"https:\/\/marcoslimma.com.br\/wp-content\/uploads\/2026\/02\/20260220_102222.jpg-1024x577.jpeg 1024w, https:\/\/marcoslimma.com.br\/wp-content\/uploads\/2026\/02\/20260220_102222.jpg-300x169.jpeg 300w, https:\/\/marcoslimma.com.br\/wp-content\/uploads\/2026\/02\/20260220_102222.jpg-768x432.jpeg 768w, https:\/\/marcoslimma.com.br\/wp-content\/uploads\/2026\/02\/20260220_102222.jpg-1536x865.jpeg 1536w, https:\/\/marcoslimma.com.br\/wp-content\/uploads\/2026\/02\/20260220_102222.jpg-2048x1153.jpeg 2048w\" sizes=\"auto, (max-width: 1024px) 100vw, 1024px\" \/><\/p>\n<p data-start=\"0\" data-end=\"245\">\n<p data-start=\"0\" data-end=\"245\">\u00a0Nesta sexta-feira (20), o vereador <strong>Clemilson do Derreis<\/strong> apresentou, por meio de Indica\u00e7\u00e3o Verbal, solicita\u00e7\u00e3o ao <strong>Poder Executivo Municipal<\/strong> para que a Prefeitura atrav\u00e9s da Secretaria Municipal de Esportes realize a limpeza do campo de futebol do povoado <strong>S\u00e3o Domingos<\/strong>, na zona rural do munic\u00edpio.<\/p>\n<p data-start=\"247\" data-end=\"330\">O pedido foi aprovado por unanimidade pelos demais vereadores presentes na sess\u00e3o.<\/p>\n<p data-start=\"332\" data-end=\"597\" data-is-last-node=\"\" data-is-only-node=\"\">De acordo com o parlamentar, a solicita\u00e7\u00e3o atende a uma demanda dos desportistas da comunidade, que utilizam o espa\u00e7o para recrea\u00e7\u00e3o e pr\u00e1tica esportiva, refor\u00e7ando a import\u00e2ncia da manuten\u00e7\u00e3o do campo para incentivar o esporte e a conviv\u00eancia social na localidade.<\/p>\n","protected":false},"excerpt":{"rendered":"<p>\u00a0Nesta sexta-feira (20), o vereador Clemilson do Derreis apresentou, por meio de Indica\u00e7\u00e3o Verbal, solicita\u00e7\u00e3o ao Poder Executivo Municipal para que a Prefeitura atrav\u00e9s da Secretaria Municipal de Esportes realize a limpeza&hellip;<\/p>\n","protected":false},"author":2,"featured_media":10324,"comment_status":"open","ping_status":"open","sticky":false,"template":"","format":"standard","meta":{"footnotes":""},"categories":[1],"tags":[],"class_list":["post-10323","post","type-post","status-publish","format-standard","has-post-thumbnail","hentry","category-ultimas-noticias"],"_links":{"self":[{"href":"https:\/\/marcoslimma.com.br\/index.php\/wp-json\/wp\/v2\/posts\/10323","targetHints":{"allow":["GET"]}}],"collection":[{"href":"https:\/\/marcoslimma.com.br\/index.php\/wp-json\/wp\/v2\/posts"}],"about":[{"href":"https:\/\/marcoslimma.com.br\/index.php\/wp-json\/wp\/v2\/types\/post"}],"author":[{"embeddable":true,"href":"https:\/\/marcoslimma.com.br\/index.php\/wp-json\/wp\/v2\/users\/2"}],"replies":[{"embeddable":true,"href":"https:\/\/marcoslimma.com.br\/index.php\/wp-json\/wp\/v2\/comments?post=10323"}],"version-history":[{"count":1,"href":"https:\/\/marcoslimma.com.br\/index.php\/wp-json\/wp\/v2\/posts\/10323\/revisions"}],"predecessor-version":[{"id":10325,"href":"https:\/\/marcoslimma.com.br\/index.php\/wp-json\/wp\/v2\/posts\/10323\/revisions\/10325"}],"wp:featuredmedia":[{"embeddable":true,"href":"https:\/\/marcoslimma.com.br\/index.php\/wp-json\/wp\/v2\/media\/10324"}],"wp:attachment":[{"href":"https:\/\/marcoslimma.com.br\/index.php\/wp-json\/wp\/v2\/media?parent=10323"}],"wp:term":[{"taxonomy":"category","embeddable":true,"href":"https:\/\/marcoslimma.com.br\/index.php\/wp-json\/wp\/v2\/categories?post=10323"},{"taxonomy":"post_tag","embeddable":true,"href":"https:\/\/marcoslimma.com.br\/index.php\/wp-json\/wp\/v2\/tags?post=10323"}],"curies":[{"name":"wp","href":"https:\/\/api.w.org\/{rel}","templated":true}]}}