{"id":10319,"date":"2026-02-20T14:16:13","date_gmt":"2026-02-20T17:16:13","guid":{"rendered":"https:\/\/marcoslimma.com.br\/?p=10319"},"modified":"2026-02-20T14:16:13","modified_gmt":"2026-02-20T17:16:13","slug":"presidente-ney-braga-solicita-recuperacao-de-estrada-poco-artesiano-e-anuncia-sessoes-itinerantes-na-zona-rural","status":"publish","type":"post","link":"https:\/\/marcoslimma.com.br\/index.php\/2026\/02\/20\/presidente-ney-braga-solicita-recuperacao-de-estrada-poco-artesiano-e-anuncia-sessoes-itinerantes-na-zona-rural\/","title":{"rendered":"Presidente Ney Braga solicita recupera\u00e7\u00e3o de estrada, po\u00e7o artesiano e anuncia sess\u00f5es itinerantes na zona rural"},"content":{"rendered":"<p data-start=\"0\" data-end=\"281\"><img loading=\"lazy\" decoding=\"async\" class=\"alignnone size-large wp-image-10320\" src=\"https:\/\/marcoslimma.com.br\/wp-content\/uploads\/2026\/02\/20260220_095602.jpg-1024x732.jpeg\" alt=\"\" width=\"1024\" height=\"732\" srcset=\"https:\/\/marcoslimma.com.br\/wp-content\/uploads\/2026\/02\/20260220_095602.jpg-1024x732.jpeg 1024w, https:\/\/marcoslimma.com.br\/wp-content\/uploads\/2026\/02\/20260220_095602.jpg-300x214.jpeg 300w, https:\/\/marcoslimma.com.br\/wp-content\/uploads\/2026\/02\/20260220_095602.jpg-768x549.jpeg 768w, https:\/\/marcoslimma.com.br\/wp-content\/uploads\/2026\/02\/20260220_095602.jpg-1536x1098.jpeg 1536w, https:\/\/marcoslimma.com.br\/wp-content\/uploads\/2026\/02\/20260220_095602.jpg-2048x1464.jpeg 2048w\" sizes=\"auto, (max-width: 1024px) 100vw, 1024px\" \/><\/p>\n<p data-start=\"0\" data-end=\"281\">\n<p data-start=\"0\" data-end=\"281\">\u00a0 Nesta sexta-feira (20), o presidente da <strong>C\u00e2mara Municipal de Lima Campos<\/strong>, vereador <strong>Ney Braga<\/strong>, apresentou, por meio de indica\u00e7\u00e3o verbal, solicita\u00e7\u00e3o ao <strong>Poder Executivo Municipal<\/strong> para a recupera\u00e7\u00e3o da estrada que liga a ponte do povoado <strong>Ins\u00f4no<\/strong> at\u00e9 o Novo Assentamento.<\/p>\n<p data-start=\"283\" data-end=\"491\">Al\u00e9m disso, o parlamentar tamb\u00e9m solicitou a perfura\u00e7\u00e3o de um po\u00e7o artesiano para garantir o abastecimento de \u00e1gua aos moradores da localidade, atendendo a uma demanda considerada essencial para a comunidade.<\/p>\n<p data-start=\"493\" data-end=\"878\" data-is-last-node=\"\" data-is-only-node=\"\">Durante sua fala, o presidente destacou ainda que pretende aproximar cada vez mais a<strong> C\u00e2mara Municipal<\/strong> da popula\u00e7\u00e3o, anunciando a realiza\u00e7\u00e3o de sess\u00f5es itinerantes na zona rural do munic\u00edpio. A proposta \u00e9 ouvir, debater e encaminhar as principais demandas da comunidade, fortalecendo o di\u00e1logo e buscando melhorias cont\u00ednuas para a qualidade de vida dos lima-campenses.<\/p>\n<p data-start=\"493\" data-end=\"878\" data-is-last-node=\"\" data-is-only-node=\"\">\n<p data-start=\"493\" data-end=\"878\" data-is-last-node=\"\" data-is-only-node=\"\"><img loading=\"lazy\" decoding=\"async\" class=\"alignnone size-large wp-image-10321\" src=\"https:\/\/marcoslimma.com.br\/wp-content\/uploads\/2026\/02\/20260220_094843.jpg-1024x577.jpeg\" alt=\"\" width=\"1024\" height=\"577\" srcset=\"https:\/\/marcoslimma.com.br\/wp-content\/uploads\/2026\/02\/20260220_094843.jpg-1024x577.jpeg 1024w, https:\/\/marcoslimma.com.br\/wp-content\/uploads\/2026\/02\/20260220_094843.jpg-300x169.jpeg 300w, https:\/\/marcoslimma.com.br\/wp-content\/uploads\/2026\/02\/20260220_094843.jpg-768x432.jpeg 768w, https:\/\/marcoslimma.com.br\/wp-content\/uploads\/2026\/02\/20260220_094843.jpg-1536x865.jpeg 1536w, https:\/\/marcoslimma.com.br\/wp-content\/uploads\/2026\/02\/20260220_094843.jpg-2048x1153.jpeg 2048w\" sizes=\"auto, (max-width: 1024px) 100vw, 1024px\" \/><\/p>\n","protected":false},"excerpt":{"rendered":"<p>\u00a0 Nesta sexta-feira (20), o presidente da C\u00e2mara Municipal de Lima Campos, vereador Ney Braga, apresentou, por meio de indica\u00e7\u00e3o verbal, solicita\u00e7\u00e3o ao Poder Executivo Municipal para a recupera\u00e7\u00e3o da estrada que&hellip;<\/p>\n","protected":false},"author":2,"featured_media":10320,"comment_status":"open","ping_status":"open","sticky":false,"template":"","format":"standard","meta":{"footnotes":""},"categories":[1],"tags":[],"class_list":["post-10319","post","type-post","status-publish","format-standard","has-post-thumbnail","hentry","category-ultimas-noticias"],"_links":{"self":[{"href":"https:\/\/marcoslimma.com.br\/index.php\/wp-json\/wp\/v2\/posts\/10319","targetHints":{"allow":["GET"]}}],"collection":[{"href":"https:\/\/marcoslimma.com.br\/index.php\/wp-json\/wp\/v2\/posts"}],"about":[{"href":"https:\/\/marcoslimma.com.br\/index.php\/wp-json\/wp\/v2\/types\/post"}],"author":[{"embeddable":true,"href":"https:\/\/marcoslimma.com.br\/index.php\/wp-json\/wp\/v2\/users\/2"}],"replies":[{"embeddable":true,"href":"https:\/\/marcoslimma.com.br\/index.php\/wp-json\/wp\/v2\/comments?post=10319"}],"version-history":[{"count":1,"href":"https:\/\/marcoslimma.com.br\/index.php\/wp-json\/wp\/v2\/posts\/10319\/revisions"}],"predecessor-version":[{"id":10322,"href":"https:\/\/marcoslimma.com.br\/index.php\/wp-json\/wp\/v2\/posts\/10319\/revisions\/10322"}],"wp:featuredmedia":[{"embeddable":true,"href":"https:\/\/marcoslimma.com.br\/index.php\/wp-json\/wp\/v2\/media\/10320"}],"wp:attachment":[{"href":"https:\/\/marcoslimma.com.br\/index.php\/wp-json\/wp\/v2\/media?parent=10319"}],"wp:term":[{"taxonomy":"category","embeddable":true,"href":"https:\/\/marcoslimma.com.br\/index.php\/wp-json\/wp\/v2\/categories?post=10319"},{"taxonomy":"post_tag","embeddable":true,"href":"https:\/\/marcoslimma.com.br\/index.php\/wp-json\/wp\/v2\/tags?post=10319"}],"curies":[{"name":"wp","href":"https:\/\/api.w.org\/{rel}","templated":true}]}}