{"id":10300,"date":"2026-02-15T10:44:37","date_gmt":"2026-02-15T13:44:37","guid":{"rendered":"https:\/\/marcoslimma.com.br\/?p=10300"},"modified":"2026-02-15T10:44:37","modified_gmt":"2026-02-15T13:44:37","slug":"orleans-brandao-prestigia-abertura-do-maior-carnaval-do-interior-em-peritoro","status":"publish","type":"post","link":"https:\/\/marcoslimma.com.br\/index.php\/2026\/02\/15\/orleans-brandao-prestigia-abertura-do-maior-carnaval-do-interior-em-peritoro\/","title":{"rendered":"Orleans Brand\u00e3o prestigia abertura do maior Carnaval do interior em Peritor\u00f3"},"content":{"rendered":"<p data-start=\"0\" data-end=\"380\"><img loading=\"lazy\" decoding=\"async\" class=\"alignnone size-large wp-image-10307\" src=\"https:\/\/marcoslimma.com.br\/wp-content\/uploads\/2026\/02\/12d05018-17c4-46a2-8e6b-fc8fbc4d691f-1024x1024.jpeg\" alt=\"\" width=\"1024\" height=\"1024\" srcset=\"https:\/\/marcoslimma.com.br\/wp-content\/uploads\/2026\/02\/12d05018-17c4-46a2-8e6b-fc8fbc4d691f-1024x1024.jpeg 1024w, https:\/\/marcoslimma.com.br\/wp-content\/uploads\/2026\/02\/12d05018-17c4-46a2-8e6b-fc8fbc4d691f-300x300.jpeg 300w, https:\/\/marcoslimma.com.br\/wp-content\/uploads\/2026\/02\/12d05018-17c4-46a2-8e6b-fc8fbc4d691f-150x150.jpeg 150w, https:\/\/marcoslimma.com.br\/wp-content\/uploads\/2026\/02\/12d05018-17c4-46a2-8e6b-fc8fbc4d691f-768x768.jpeg 768w, https:\/\/marcoslimma.com.br\/wp-content\/uploads\/2026\/02\/12d05018-17c4-46a2-8e6b-fc8fbc4d691f.jpeg 1280w\" sizes=\"auto, (max-width: 1024px) 100vw, 1024px\" \/><\/p>\n<p data-start=\"0\" data-end=\"380\">O secret\u00e1rio municipalista do Estado, <strong data-start=\"38\" data-end=\"79\"><span class=\"hover:entity-accent entity-underline inline cursor-pointer align-baseline\"><span class=\"whitespace-normal\">Orleans Brand\u00e3o<\/span><\/span><\/strong>, marcou presen\u00e7a na primeira noite de abertura do Carnaval do munic\u00edpio de <strong data-start=\"155\" data-end=\"196\"><span class=\"hover:entity-accent entity-underline inline cursor-pointer align-baseline\"><span class=\"whitespace-normal\">Peritor\u00f3<\/span><\/span><\/strong>. O evento confirmou a tradi\u00e7\u00e3o da festa promovida pela Prefeitura com o apoio do <strong data-start=\"278\" data-end=\"319\"><span class=\"hover:entity-accent entity-underline inline cursor-pointer align-baseline\"><span class=\"whitespace-normal\">Governo do Maranh\u00e3o<\/span><\/span><\/strong>, consolidando-se como a maior festa do interior do <strong>Maranh\u00e3o.<\/strong><\/p>\n<p data-start=\"382\" data-end=\"694\">A programa\u00e7\u00e3o do s\u00e1bado (10) contou com apresenta\u00e7\u00f5es de <strong data-start=\"439\" data-end=\"480\"><span class=\"hover:entity-accent entity-underline inline cursor-pointer align-baseline\"><span class=\"whitespace-normal\">Andson Mendon\u00e7a<\/span><\/span><\/strong>, <strong data-start=\"482\" data-end=\"523\"><span class=\"hover:entity-accent entity-underline inline cursor-pointer align-baseline\"><span class=\"whitespace-normal\">Romim Mata<\/span><\/span><\/strong> e <strong data-start=\"526\" data-end=\"567\"><span class=\"hover:entity-accent entity-underline inline cursor-pointer align-baseline\"><span class=\"whitespace-normal\">Arnaldinho Neto<\/span><\/span><\/strong>, al\u00e9m de um mega trio el\u00e9trico que arrastou uma multid\u00e3o pela<strong> Avenida Francisco Matos<\/strong>, garantindo uma noite de muita anima\u00e7\u00e3o.<\/p>\n<p data-start=\"696\" data-end=\"1189\">Orleans foi recepcionado pelo prefeito <strong data-start=\"735\" data-end=\"776\"><span class=\"hover:entity-accent entity-underline inline cursor-pointer align-baseline\"><span class=\"whitespace-normal\">Dr. J\u00fanior<\/span><\/span><\/strong>, pela primeira-dama <strong data-start=\"797\" data-end=\"838\"><span class=\"hover:entity-accent entity-underline inline cursor-pointer align-baseline\"><span class=\"whitespace-normal\">Dra. Samira<\/span><\/span><\/strong>, pelo vice-prefeito <strong data-start=\"859\" data-end=\"900\"><span class=\"hover:entity-accent entity-underline inline cursor-pointer align-baseline\"><span class=\"whitespace-normal\">Jhonadson, <\/span><\/span><\/strong><span class=\"hover:entity-accent entity-underline inline cursor-pointer align-baseline\"><span class=\"whitespace-normal\">secret\u00e1rio de governo do munic\u00edpio Rav\u00ed, pela presidenta da<strong> C\u00e2mara Municipal Dona Lurdes<\/strong><\/span><\/span> e por outros vereadores do munic\u00edpio. <strong>Orleans<\/strong> esteve acompanhado da esposa<strong> Fernanda Heluy,<\/strong> e aproveitou a oportunidade para reencontrar aliados pol\u00edticos da regi\u00e3o dos <strong>Cocais<\/strong> e do <strong>M\u00e9dio Mearim<\/strong>, entre eles o prefeito de <strong data-start=\"1102\" data-end=\"1143\"><span class=\"hover:entity-accent entity-underline inline cursor-pointer align-baseline\"><span class=\"whitespace-normal\">Trizidela do Vale<\/span><\/span><\/strong>, <strong data-start=\"1145\" data-end=\"1188\"><span class=\"hover:entity-accent entity-underline inline cursor-pointer align-baseline\"><span class=\"whitespace-normal\">Deibson Bal\u00e9<\/span><\/span><\/strong>.<\/p>\n<p data-start=\"1191\" data-end=\"1541\">Em seu pronunciamento, <strong>Orleans Brand\u00e3o<\/strong> parabenizou o prefeito <strong>Dr. J\u00fanior<\/strong> pela organiza\u00e7\u00e3o do evento e destacou os avan\u00e7os da atual gest\u00e3o municipal. Ele tamb\u00e9m transmitiu um abra\u00e7o do governador \u00e0 popula\u00e7\u00e3o e reafirmou que <strong>Peritor\u00f3<\/strong> continuar\u00e1 contando com o apoio do <strong>Governo do Estado<\/strong>, finalizando com votos de uma excelente festa a todos os foli\u00f5es.<\/p>\n<p data-start=\"1543\" data-end=\"1768\">Al\u00e9m da celebra\u00e7\u00e3o cultural e levar lazer ao povo, o Carnaval de <strong>Peritor\u00f3<\/strong> tem como objetivo fortalecer a gera\u00e7\u00e3o de emprego e renda no munic\u00edpio. Vendedores ambulantes aproveitaram o grande p\u00fablico para garantir uma renda extra para suas fam\u00edlias.<\/p>\n<p data-start=\"1770\" data-end=\"1973\" data-is-last-node=\"\" data-is-only-node=\"\">A seguran\u00e7a tamb\u00e9m foi destaque na primeira noite, que contou com o apoio da <strong data-start=\"1847\" data-end=\"1890\"><span class=\"hover:entity-accent entity-underline inline cursor-pointer align-baseline\"><span class=\"whitespace-normal\">Pol\u00edcia Militar do Maranh\u00e3o<\/span><\/span><\/strong> e equipes de seguran\u00e7a privada, assegurando um evento tranquilo e sem ocorr\u00eancias.<\/p>\n<p data-start=\"1770\" data-end=\"1973\" data-is-last-node=\"\" data-is-only-node=\"\"><img loading=\"lazy\" decoding=\"async\" class=\"alignnone size-large wp-image-10306\" src=\"https:\/\/marcoslimma.com.br\/wp-content\/uploads\/2026\/02\/Screenshot_20260215_092651_Instagram.jpg-1024x718.jpeg\" alt=\"\" width=\"1024\" height=\"718\" srcset=\"https:\/\/marcoslimma.com.br\/wp-content\/uploads\/2026\/02\/Screenshot_20260215_092651_Instagram.jpg-1024x718.jpeg 1024w, https:\/\/marcoslimma.com.br\/wp-content\/uploads\/2026\/02\/Screenshot_20260215_092651_Instagram.jpg-300x210.jpeg 300w, https:\/\/marcoslimma.com.br\/wp-content\/uploads\/2026\/02\/Screenshot_20260215_092651_Instagram.jpg-768x539.jpeg 768w, https:\/\/marcoslimma.com.br\/wp-content\/uploads\/2026\/02\/Screenshot_20260215_092651_Instagram.jpg.jpeg 1440w\" sizes=\"auto, (max-width: 1024px) 100vw, 1024px\" \/> <img loading=\"lazy\" decoding=\"async\" class=\"alignnone size-large wp-image-10305\" src=\"https:\/\/marcoslimma.com.br\/wp-content\/uploads\/2026\/02\/Screenshot_20260215_092659_Instagram.jpg-1024x700.jpeg\" alt=\"\" width=\"1024\" height=\"700\" srcset=\"https:\/\/marcoslimma.com.br\/wp-content\/uploads\/2026\/02\/Screenshot_20260215_092659_Instagram.jpg-1024x700.jpeg 1024w, https:\/\/marcoslimma.com.br\/wp-content\/uploads\/2026\/02\/Screenshot_20260215_092659_Instagram.jpg-300x205.jpeg 300w, https:\/\/marcoslimma.com.br\/wp-content\/uploads\/2026\/02\/Screenshot_20260215_092659_Instagram.jpg-768x525.jpeg 768w, https:\/\/marcoslimma.com.br\/wp-content\/uploads\/2026\/02\/Screenshot_20260215_092659_Instagram.jpg.jpeg 1440w\" sizes=\"auto, (max-width: 1024px) 100vw, 1024px\" \/><\/p>\n<p data-start=\"1770\" data-end=\"1973\" data-is-last-node=\"\" data-is-only-node=\"\"><img loading=\"lazy\" decoding=\"async\" class=\"alignnone size-large wp-image-10310\" src=\"https:\/\/marcoslimma.com.br\/wp-content\/uploads\/2026\/02\/Screenshot_20260215_092643_Instagram.jpg-1024x695.jpeg\" alt=\"\" width=\"1024\" height=\"695\" srcset=\"https:\/\/marcoslimma.com.br\/wp-content\/uploads\/2026\/02\/Screenshot_20260215_092643_Instagram.jpg-1024x695.jpeg 1024w, https:\/\/marcoslimma.com.br\/wp-content\/uploads\/2026\/02\/Screenshot_20260215_092643_Instagram.jpg-300x204.jpeg 300w, https:\/\/marcoslimma.com.br\/wp-content\/uploads\/2026\/02\/Screenshot_20260215_092643_Instagram.jpg-768x522.jpeg 768w, https:\/\/marcoslimma.com.br\/wp-content\/uploads\/2026\/02\/Screenshot_20260215_092643_Instagram.jpg.jpeg 1437w\" sizes=\"auto, (max-width: 1024px) 100vw, 1024px\" \/><\/p>\n","protected":false},"excerpt":{"rendered":"<p>O secret\u00e1rio municipalista do Estado, Orleans Brand\u00e3o, marcou presen\u00e7a na primeira noite de abertura do Carnaval do munic\u00edpio de Peritor\u00f3. O evento confirmou a tradi\u00e7\u00e3o da festa promovida pela Prefeitura com o&hellip;<\/p>\n","protected":false},"author":2,"featured_media":10307,"comment_status":"open","ping_status":"open","sticky":false,"template":"","format":"standard","meta":{"footnotes":""},"categories":[1],"tags":[],"class_list":["post-10300","post","type-post","status-publish","format-standard","has-post-thumbnail","hentry","category-ultimas-noticias"],"_links":{"self":[{"href":"https:\/\/marcoslimma.com.br\/index.php\/wp-json\/wp\/v2\/posts\/10300","targetHints":{"allow":["GET"]}}],"collection":[{"href":"https:\/\/marcoslimma.com.br\/index.php\/wp-json\/wp\/v2\/posts"}],"about":[{"href":"https:\/\/marcoslimma.com.br\/index.php\/wp-json\/wp\/v2\/types\/post"}],"author":[{"embeddable":true,"href":"https:\/\/marcoslimma.com.br\/index.php\/wp-json\/wp\/v2\/users\/2"}],"replies":[{"embeddable":true,"href":"https:\/\/marcoslimma.com.br\/index.php\/wp-json\/wp\/v2\/comments?post=10300"}],"version-history":[{"count":1,"href":"https:\/\/marcoslimma.com.br\/index.php\/wp-json\/wp\/v2\/posts\/10300\/revisions"}],"predecessor-version":[{"id":10311,"href":"https:\/\/marcoslimma.com.br\/index.php\/wp-json\/wp\/v2\/posts\/10300\/revisions\/10311"}],"wp:featuredmedia":[{"embeddable":true,"href":"https:\/\/marcoslimma.com.br\/index.php\/wp-json\/wp\/v2\/media\/10307"}],"wp:attachment":[{"href":"https:\/\/marcoslimma.com.br\/index.php\/wp-json\/wp\/v2\/media?parent=10300"}],"wp:term":[{"taxonomy":"category","embeddable":true,"href":"https:\/\/marcoslimma.com.br\/index.php\/wp-json\/wp\/v2\/categories?post=10300"},{"taxonomy":"post_tag","embeddable":true,"href":"https:\/\/marcoslimma.com.br\/index.php\/wp-json\/wp\/v2\/tags?post=10300"}],"curies":[{"name":"wp","href":"https:\/\/api.w.org\/{rel}","templated":true}]}}