{"id":10293,"date":"2026-02-13T19:34:39","date_gmt":"2026-02-13T22:34:39","guid":{"rendered":"https:\/\/marcoslimma.com.br\/?p=10293"},"modified":"2026-02-13T19:34:39","modified_gmt":"2026-02-13T22:34:39","slug":"reuniao-define-lama-campos-2026-ja-comeca-a-ser-organizado-e-reforca-titulo-de-maior-e-melhor-evento-da-modalidade-no-maranhao","status":"publish","type":"post","link":"https:\/\/marcoslimma.com.br\/index.php\/2026\/02\/13\/reuniao-define-lama-campos-2026-ja-comeca-a-ser-organizado-e-reforca-titulo-de-maior-e-melhor-evento-da-modalidade-no-maranhao\/","title":{"rendered":"Reuni\u00e3o define LAMA CAMPOS 2026 j\u00e1 come\u00e7a a ser organizado e refor\u00e7a t\u00edtulo de maior e melhor evento da modalidade no Maranh\u00e3o"},"content":{"rendered":"<p><img loading=\"lazy\" decoding=\"async\" class=\"alignnone size-large wp-image-10277\" src=\"https:\/\/marcoslimma.com.br\/wp-content\/uploads\/2026\/02\/ebacb1ee-33be-469b-9eac-890456f1d0c7-1024x1024.jpeg\" alt=\"\" width=\"1024\" height=\"1024\" srcset=\"https:\/\/marcoslimma.com.br\/wp-content\/uploads\/2026\/02\/ebacb1ee-33be-469b-9eac-890456f1d0c7-1024x1024.jpeg 1024w, https:\/\/marcoslimma.com.br\/wp-content\/uploads\/2026\/02\/ebacb1ee-33be-469b-9eac-890456f1d0c7-300x300.jpeg 300w, https:\/\/marcoslimma.com.br\/wp-content\/uploads\/2026\/02\/ebacb1ee-33be-469b-9eac-890456f1d0c7-150x150.jpeg 150w, https:\/\/marcoslimma.com.br\/wp-content\/uploads\/2026\/02\/ebacb1ee-33be-469b-9eac-890456f1d0c7-768x768.jpeg 768w, https:\/\/marcoslimma.com.br\/wp-content\/uploads\/2026\/02\/ebacb1ee-33be-469b-9eac-890456f1d0c7.jpeg 1280w\" sizes=\"auto, (max-width: 1024px) 100vw, 1024px\" \/><\/p>\n<p>Lima Campos &#8211; A organiza\u00e7\u00e3o do LAMA CAMPOS 2026 j\u00e1 come\u00e7ou. Nesta sexta-feira (13), foi realizada a primeira reuni\u00e3o de alinhamento para definir como ser\u00e1 executado o evento esportivo, reconhecido em todo o Maranh\u00e3o como o maior em sua modalidade.<\/p>\n<p>A reuni\u00e3o contou com a presen\u00e7a do prefeito Jailson Fausto, do secret\u00e1rio municipal de Esportes Fl\u00e1vio Magalh\u00e3es, al\u00e9m de gestores de diversas pastas da administra\u00e7\u00e3o municipal, assessores e diretores de departamentos.<\/p>\n<p>De acordo com as informa\u00e7\u00f5es discutidas, a edi\u00e7\u00e3o deste ano promete trazer importantes novidades. A proposta \u00e9 ampliar e melhorar a estrutura do evento, garantir maior organiza\u00e7\u00e3o log\u00edstica e oferecer uma programa\u00e7\u00e3o ainda mais atrativa para o p\u00fablico. Est\u00e3o previstas atra\u00e7\u00f5es musicais, apresenta\u00e7\u00f5es esportiva e, como novidade, um \u201cesquenta\u201d na noite que antecede a competi\u00e7\u00e3o principal.<\/p>\n<p>O Lama Campos ocorrer\u00e1 dia 12 de abril.<\/p>\n<p>A Secretaria Municipal de Esportes deve divulgar, nos pr\u00f3ximos dias, mais detalhes sobre inscri\u00e7\u00f5es, programa\u00e7\u00e3o oficial e estrutura. Todas as atualiza\u00e7\u00f5es voc\u00ea acompanha aqui no Blog do Marcos Lima.<\/p>\n<p>&nbsp;<\/p>\n<p><iframe loading=\"lazy\" title=\"O maior evento da modalidade no estado vai come\u00e7ar. LAMA CAMPOS 2026\" width=\"500\" height=\"281\" src=\"https:\/\/www.youtube.com\/embed\/l3ibXohLkJ4?feature=oembed\" frameborder=\"0\" allow=\"accelerometer; autoplay; clipboard-write; encrypted-media; gyroscope; picture-in-picture; web-share\" referrerpolicy=\"strict-origin-when-cross-origin\" allowfullscreen><\/iframe><\/p>\n<p>&nbsp;<\/p>\n","protected":false},"excerpt":{"rendered":"<p>Lima Campos &#8211; A organiza\u00e7\u00e3o do LAMA CAMPOS 2026 j\u00e1 come\u00e7ou. Nesta sexta-feira (13), foi realizada a primeira reuni\u00e3o de alinhamento para definir como ser\u00e1 executado o evento esportivo, reconhecido em todo&hellip;<\/p>\n","protected":false},"author":2,"featured_media":10277,"comment_status":"open","ping_status":"open","sticky":false,"template":"","format":"standard","meta":{"footnotes":""},"categories":[1],"tags":[],"class_list":["post-10293","post","type-post","status-publish","format-standard","has-post-thumbnail","hentry","category-ultimas-noticias"],"_links":{"self":[{"href":"https:\/\/marcoslimma.com.br\/index.php\/wp-json\/wp\/v2\/posts\/10293","targetHints":{"allow":["GET"]}}],"collection":[{"href":"https:\/\/marcoslimma.com.br\/index.php\/wp-json\/wp\/v2\/posts"}],"about":[{"href":"https:\/\/marcoslimma.com.br\/index.php\/wp-json\/wp\/v2\/types\/post"}],"author":[{"embeddable":true,"href":"https:\/\/marcoslimma.com.br\/index.php\/wp-json\/wp\/v2\/users\/2"}],"replies":[{"embeddable":true,"href":"https:\/\/marcoslimma.com.br\/index.php\/wp-json\/wp\/v2\/comments?post=10293"}],"version-history":[{"count":1,"href":"https:\/\/marcoslimma.com.br\/index.php\/wp-json\/wp\/v2\/posts\/10293\/revisions"}],"predecessor-version":[{"id":10296,"href":"https:\/\/marcoslimma.com.br\/index.php\/wp-json\/wp\/v2\/posts\/10293\/revisions\/10296"}],"wp:featuredmedia":[{"embeddable":true,"href":"https:\/\/marcoslimma.com.br\/index.php\/wp-json\/wp\/v2\/media\/10277"}],"wp:attachment":[{"href":"https:\/\/marcoslimma.com.br\/index.php\/wp-json\/wp\/v2\/media?parent=10293"}],"wp:term":[{"taxonomy":"category","embeddable":true,"href":"https:\/\/marcoslimma.com.br\/index.php\/wp-json\/wp\/v2\/categories?post=10293"},{"taxonomy":"post_tag","embeddable":true,"href":"https:\/\/marcoslimma.com.br\/index.php\/wp-json\/wp\/v2\/tags?post=10293"}],"curies":[{"name":"wp","href":"https:\/\/api.w.org\/{rel}","templated":true}]}}