{"id":10284,"date":"2026-02-13T18:25:19","date_gmt":"2026-02-13T21:25:19","guid":{"rendered":"https:\/\/marcoslimma.com.br\/?p=10284"},"modified":"2026-02-13T18:25:19","modified_gmt":"2026-02-13T21:25:19","slug":"camara-municipal-de-lima-campos-abre-oficialmente-o-ano-legislativo-2026-com-primeira-sessao-ordinaria","status":"publish","type":"post","link":"https:\/\/marcoslimma.com.br\/index.php\/2026\/02\/13\/camara-municipal-de-lima-campos-abre-oficialmente-o-ano-legislativo-2026-com-primeira-sessao-ordinaria\/","title":{"rendered":"C\u00e2mara Municipal de Lima Campos abre oficialmente o Ano Legislativo 2026 com primeira sess\u00e3o ordin\u00e1ria"},"content":{"rendered":"<p data-start=\"75\" data-end=\"321\"><img loading=\"lazy\" decoding=\"async\" class=\"alignnone size-large wp-image-10285\" src=\"https:\/\/marcoslimma.com.br\/wp-content\/uploads\/2026\/02\/8148938b-b1c3-46a5-8eeb-687feacc4fdd-1024x576.jpeg\" alt=\"\" width=\"1024\" height=\"576\" srcset=\"https:\/\/marcoslimma.com.br\/wp-content\/uploads\/2026\/02\/8148938b-b1c3-46a5-8eeb-687feacc4fdd-1024x576.jpeg 1024w, https:\/\/marcoslimma.com.br\/wp-content\/uploads\/2026\/02\/8148938b-b1c3-46a5-8eeb-687feacc4fdd-300x169.jpeg 300w, https:\/\/marcoslimma.com.br\/wp-content\/uploads\/2026\/02\/8148938b-b1c3-46a5-8eeb-687feacc4fdd-768x432.jpeg 768w, https:\/\/marcoslimma.com.br\/wp-content\/uploads\/2026\/02\/8148938b-b1c3-46a5-8eeb-687feacc4fdd.jpeg 1280w\" sizes=\"auto, (max-width: 1024px) 100vw, 1024px\" \/><\/p>\n<p data-start=\"75\" data-end=\"321\">\n<p data-start=\"75\" data-end=\"321\">\u00a0 \u00a0A<strong> <span class=\"hover:entity-accent entity-underline inline cursor-pointer align-baseline\"><span class=\"whitespace-normal\">C\u00e2mara Municipal de Lima Campos<\/span><\/span><\/strong> deu in\u00edcio aos trabalhos legislativos de 2026 com a realiza\u00e7\u00e3o da primeira sess\u00e3o ordin\u00e1ria, na manh\u00e3 desta sexta-feira, 13 de fevereiro. O ato marca oficialmente a abertura do Ano Legislativo no munic\u00edpio.<\/p>\n<p data-start=\"323\" data-end=\"710\">Durante a sess\u00e3o, o presidente <strong><span class=\"hover:entity-accent entity-underline inline cursor-pointer align-baseline\"><span class=\"whitespace-normal\">Ney Braga<\/span><\/span><\/strong> destacou a import\u00e2ncia do compromisso com a popula\u00e7\u00e3o, refor\u00e7ando a necessidade de uni\u00e3o entre os parlamentares e a atua\u00e7\u00e3o harm\u00f4nica e independente entre os Poderes Executivo e Legislativo. Em sua mensagem, enfatizou que o foco do Parlamento deve estar alinhado aos anseios e necessidades da comunidade lima-campense.<\/p>\n<p data-start=\"712\" data-end=\"1142\">A solenidade contou com a presen\u00e7a de representantes da gest\u00e3o municipal e da sociedade civil, entre eles o secret\u00e1rio de Assist\u00eancia Social, <strong><span class=\"hover:entity-accent entity-underline inline cursor-pointer align-baseline\"><span class=\"whitespace-normal\">Otoniel Carvalho<\/span><\/span><\/strong>; a secret\u00e1ria da Mulher, <strong><span class=\"hover:entity-accent entity-underline inline cursor-pointer align-baseline\"><span class=\"whitespace-normal\">Pedrina Mota<\/span><\/span><\/strong>; o secret\u00e1rio de Meio Ambiente,<strong> <span class=\"hover:entity-accent entity-underline inline cursor-pointer align-baseline\"><span class=\"whitespace-normal\">Orlando Rocha<\/span><\/span><\/strong>; e o diretor do Mercado Municipal, <strong><span class=\"hover:entity-accent entity-underline inline cursor-pointer align-baseline\"><span class=\"whitespace-normal\">Riba Braga<\/span><\/span><\/strong>, al\u00e9m de outros representantes da sociedade.<\/p>\n<p data-start=\"1144\" data-end=\"1467\" data-is-last-node=\"\" data-is-only-node=\"\">A retomada dos trabalhos reafirma o papel institucional do Legislativo como espa\u00e7o democr\u00e1tico de debate, fiscaliza\u00e7\u00e3o e proposi\u00e7\u00e3o de pol\u00edticas p\u00fablicas, fortalecendo o di\u00e1logo entre os poderes e assegurando que as a\u00e7\u00f5es do governo municipal estejam alinhadas ao desenvolvimento de <strong>Lima Campos<\/strong> e ao bem-estar da popula\u00e7\u00e3o.<\/p>\n<p><iframe loading=\"lazy\" title=\"C\u00e2mara Municipal de Lima Campos inicia ano legislativo 2026 \" width=\"500\" height=\"281\" src=\"https:\/\/www.youtube.com\/embed\/CZnUIa03Tp8?feature=oembed\" frameborder=\"0\" allow=\"accelerometer; autoplay; clipboard-write; encrypted-media; gyroscope; picture-in-picture; web-share\" referrerpolicy=\"strict-origin-when-cross-origin\" allowfullscreen><\/iframe><\/p>\n<p data-start=\"1144\" data-end=\"1467\" data-is-last-node=\"\" data-is-only-node=\"\">\n","protected":false},"excerpt":{"rendered":"<p>\u00a0 \u00a0A C\u00e2mara Municipal de Lima Campos deu in\u00edcio aos trabalhos legislativos de 2026 com a realiza\u00e7\u00e3o da primeira sess\u00e3o ordin\u00e1ria, na manh\u00e3 desta sexta-feira, 13 de fevereiro. O ato marca oficialmente&hellip;<\/p>\n","protected":false},"author":2,"featured_media":10285,"comment_status":"open","ping_status":"open","sticky":false,"template":"","format":"standard","meta":{"footnotes":""},"categories":[1],"tags":[],"class_list":["post-10284","post","type-post","status-publish","format-standard","has-post-thumbnail","hentry","category-ultimas-noticias"],"_links":{"self":[{"href":"https:\/\/marcoslimma.com.br\/index.php\/wp-json\/wp\/v2\/posts\/10284","targetHints":{"allow":["GET"]}}],"collection":[{"href":"https:\/\/marcoslimma.com.br\/index.php\/wp-json\/wp\/v2\/posts"}],"about":[{"href":"https:\/\/marcoslimma.com.br\/index.php\/wp-json\/wp\/v2\/types\/post"}],"author":[{"embeddable":true,"href":"https:\/\/marcoslimma.com.br\/index.php\/wp-json\/wp\/v2\/users\/2"}],"replies":[{"embeddable":true,"href":"https:\/\/marcoslimma.com.br\/index.php\/wp-json\/wp\/v2\/comments?post=10284"}],"version-history":[{"count":1,"href":"https:\/\/marcoslimma.com.br\/index.php\/wp-json\/wp\/v2\/posts\/10284\/revisions"}],"predecessor-version":[{"id":10286,"href":"https:\/\/marcoslimma.com.br\/index.php\/wp-json\/wp\/v2\/posts\/10284\/revisions\/10286"}],"wp:featuredmedia":[{"embeddable":true,"href":"https:\/\/marcoslimma.com.br\/index.php\/wp-json\/wp\/v2\/media\/10285"}],"wp:attachment":[{"href":"https:\/\/marcoslimma.com.br\/index.php\/wp-json\/wp\/v2\/media?parent=10284"}],"wp:term":[{"taxonomy":"category","embeddable":true,"href":"https:\/\/marcoslimma.com.br\/index.php\/wp-json\/wp\/v2\/categories?post=10284"},{"taxonomy":"post_tag","embeddable":true,"href":"https:\/\/marcoslimma.com.br\/index.php\/wp-json\/wp\/v2\/tags?post=10284"}],"curies":[{"name":"wp","href":"https:\/\/api.w.org\/{rel}","templated":true}]}}