{"id":10268,"date":"2026-02-09T10:06:18","date_gmt":"2026-02-09T13:06:18","guid":{"rendered":"https:\/\/marcoslimma.com.br\/?p=10268"},"modified":"2026-02-09T10:06:18","modified_gmt":"2026-02-09T13:06:18","slug":"na-polarizacao-entre-fred-maia-e-cascaria-pesquisa-do-inop-aponta-quem-larga-na-frente","status":"publish","type":"post","link":"https:\/\/marcoslimma.com.br\/index.php\/2026\/02\/09\/na-polarizacao-entre-fred-maia-e-cascaria-pesquisa-do-inop-aponta-quem-larga-na-frente\/","title":{"rendered":"Na polariza\u00e7\u00e3o entre Fred Maia e Cascaria, pesquisa do Inop aponta quem larga na frente"},"content":{"rendered":"<p><img loading=\"lazy\" decoding=\"async\" class=\"alignnone size-large wp-image-10269\" src=\"https:\/\/marcoslimma.com.br\/wp-content\/uploads\/2026\/02\/WhatsApp-Image-2026-02-09-at-10.04.38-583x1024.jpeg\" alt=\"\" width=\"583\" height=\"1024\" srcset=\"https:\/\/marcoslimma.com.br\/wp-content\/uploads\/2026\/02\/WhatsApp-Image-2026-02-09-at-10.04.38-583x1024.jpeg 583w, https:\/\/marcoslimma.com.br\/wp-content\/uploads\/2026\/02\/WhatsApp-Image-2026-02-09-at-10.04.38-171x300.jpeg 171w, https:\/\/marcoslimma.com.br\/wp-content\/uploads\/2026\/02\/WhatsApp-Image-2026-02-09-at-10.04.38-768x1349.jpeg 768w, https:\/\/marcoslimma.com.br\/wp-content\/uploads\/2026\/02\/WhatsApp-Image-2026-02-09-at-10.04.38-875x1536.jpeg 875w, https:\/\/marcoslimma.com.br\/wp-content\/uploads\/2026\/02\/WhatsApp-Image-2026-02-09-at-10.04.38.jpeg 911w\" sizes=\"auto, (max-width: 583px) 100vw, 583px\" \/><br \/>\nPesquisa do Instituto Inop sobre a disputa por vagas na<strong> Assembleia Legislativa do Maranh\u00e3o<\/strong> revela um cen\u00e1rio preocupante para o deputado <strong>J\u00fanior Cascaria<\/strong>. Os n\u00fameros indicam um desempenho abaixo do esperado, sinalizando desgaste pol\u00edtico e reduzidas chances de renova\u00e7\u00e3o do mandato na pr\u00f3xima legislatura.<\/p>\n<p>Enquanto isso, <strong>Fred Maia<\/strong> aparece bem posicionado com desempenho consistente junto ao eleitorado, despontando como nome com forte possibilidades de conquistar uma das 42 cadeiras do parlamento estadual.<\/p>\n<p>O cen\u00e1rio refor\u00e7a a tend\u00eancia de fortalecimento de novas articula\u00e7\u00f5es pol\u00edticas no<strong> M\u00e9dio Mearim<\/strong> e aponta para uma poss\u00edvel renova\u00e7\u00e3o na representa\u00e7\u00e3o regional na<strong> Assembleia Legislativa<\/strong>, visto que<strong> Luana Resende e Ana do Gas<\/strong> aparecem dentre as 42 vagas a serem ocupadas na pr\u00f3xima legislatura<\/p>\n<p><img loading=\"lazy\" decoding=\"async\" class=\"alignnone size-large wp-image-10270\" src=\"https:\/\/marcoslimma.com.br\/wp-content\/uploads\/2026\/02\/WhatsApp-Image-2026-02-09-at-10.04.38-2-514x1024.jpeg\" alt=\"\" width=\"514\" height=\"1024\" srcset=\"https:\/\/marcoslimma.com.br\/wp-content\/uploads\/2026\/02\/WhatsApp-Image-2026-02-09-at-10.04.38-2-514x1024.jpeg 514w, https:\/\/marcoslimma.com.br\/wp-content\/uploads\/2026\/02\/WhatsApp-Image-2026-02-09-at-10.04.38-2-151x300.jpeg 151w, https:\/\/marcoslimma.com.br\/wp-content\/uploads\/2026\/02\/WhatsApp-Image-2026-02-09-at-10.04.38-2.jpeg 643w\" sizes=\"auto, (max-width: 514px) 100vw, 514px\" \/> <img loading=\"lazy\" decoding=\"async\" class=\"alignnone size-large wp-image-10271\" src=\"https:\/\/marcoslimma.com.br\/wp-content\/uploads\/2026\/02\/WhatsApp-Image-2026-02-09-at-10.04.38-1-523x1024.jpeg\" alt=\"\" width=\"523\" height=\"1024\" srcset=\"https:\/\/marcoslimma.com.br\/wp-content\/uploads\/2026\/02\/WhatsApp-Image-2026-02-09-at-10.04.38-1-523x1024.jpeg 523w, https:\/\/marcoslimma.com.br\/wp-content\/uploads\/2026\/02\/WhatsApp-Image-2026-02-09-at-10.04.38-1-153x300.jpeg 153w, https:\/\/marcoslimma.com.br\/wp-content\/uploads\/2026\/02\/WhatsApp-Image-2026-02-09-at-10.04.38-1.jpeg 654w\" sizes=\"auto, (max-width: 523px) 100vw, 523px\" \/><\/p>\n","protected":false},"excerpt":{"rendered":"<p>Pesquisa do Instituto Inop sobre a disputa por vagas na Assembleia Legislativa do Maranh\u00e3o revela um cen\u00e1rio preocupante para o deputado J\u00fanior Cascaria. Os n\u00fameros indicam um desempenho abaixo do esperado, sinalizando&hellip;<\/p>\n","protected":false},"author":2,"featured_media":10269,"comment_status":"open","ping_status":"open","sticky":false,"template":"","format":"standard","meta":{"footnotes":""},"categories":[1],"tags":[],"class_list":["post-10268","post","type-post","status-publish","format-standard","has-post-thumbnail","hentry","category-ultimas-noticias"],"_links":{"self":[{"href":"https:\/\/marcoslimma.com.br\/index.php\/wp-json\/wp\/v2\/posts\/10268","targetHints":{"allow":["GET"]}}],"collection":[{"href":"https:\/\/marcoslimma.com.br\/index.php\/wp-json\/wp\/v2\/posts"}],"about":[{"href":"https:\/\/marcoslimma.com.br\/index.php\/wp-json\/wp\/v2\/types\/post"}],"author":[{"embeddable":true,"href":"https:\/\/marcoslimma.com.br\/index.php\/wp-json\/wp\/v2\/users\/2"}],"replies":[{"embeddable":true,"href":"https:\/\/marcoslimma.com.br\/index.php\/wp-json\/wp\/v2\/comments?post=10268"}],"version-history":[{"count":1,"href":"https:\/\/marcoslimma.com.br\/index.php\/wp-json\/wp\/v2\/posts\/10268\/revisions"}],"predecessor-version":[{"id":10272,"href":"https:\/\/marcoslimma.com.br\/index.php\/wp-json\/wp\/v2\/posts\/10268\/revisions\/10272"}],"wp:featuredmedia":[{"embeddable":true,"href":"https:\/\/marcoslimma.com.br\/index.php\/wp-json\/wp\/v2\/media\/10269"}],"wp:attachment":[{"href":"https:\/\/marcoslimma.com.br\/index.php\/wp-json\/wp\/v2\/media?parent=10268"}],"wp:term":[{"taxonomy":"category","embeddable":true,"href":"https:\/\/marcoslimma.com.br\/index.php\/wp-json\/wp\/v2\/categories?post=10268"},{"taxonomy":"post_tag","embeddable":true,"href":"https:\/\/marcoslimma.com.br\/index.php\/wp-json\/wp\/v2\/tags?post=10268"}],"curies":[{"name":"wp","href":"https:\/\/api.w.org\/{rel}","templated":true}]}}