{"id":10262,"date":"2026-02-07T16:58:05","date_gmt":"2026-02-07T19:58:05","guid":{"rendered":"https:\/\/marcoslimma.com.br\/?p=10262"},"modified":"2026-02-07T16:58:05","modified_gmt":"2026-02-07T19:58:05","slug":"com-lideranca-do-prefeito-deibson-bale-trizidela-do-vale-conclui-instalacao-do-primeiro-reservatorio-municipal-e-avanca-para-o-fim-da-crise-hidrica","status":"publish","type":"post","link":"https:\/\/marcoslimma.com.br\/index.php\/2026\/02\/07\/com-lideranca-do-prefeito-deibson-bale-trizidela-do-vale-conclui-instalacao-do-primeiro-reservatorio-municipal-e-avanca-para-o-fim-da-crise-hidrica\/","title":{"rendered":"Com lideran\u00e7a do prefeito Deibson Bal\u00e9, Trizidela do Vale conclui instala\u00e7\u00e3o do primeiro reservat\u00f3rio municipal e avan\u00e7a para o fim da crise h\u00eddrica"},"content":{"rendered":"<p><img loading=\"lazy\" decoding=\"async\" class=\"alignnone size-large wp-image-10265\" src=\"https:\/\/marcoslimma.com.br\/wp-content\/uploads\/2026\/02\/894c4d34-321a-4065-8769-5db10e776abe-576x1024.jpeg\" alt=\"\" width=\"576\" height=\"1024\" srcset=\"https:\/\/marcoslimma.com.br\/wp-content\/uploads\/2026\/02\/894c4d34-321a-4065-8769-5db10e776abe-576x1024.jpeg 576w, https:\/\/marcoslimma.com.br\/wp-content\/uploads\/2026\/02\/894c4d34-321a-4065-8769-5db10e776abe-169x300.jpeg 169w, https:\/\/marcoslimma.com.br\/wp-content\/uploads\/2026\/02\/894c4d34-321a-4065-8769-5db10e776abe-768x1365.jpeg 768w, https:\/\/marcoslimma.com.br\/wp-content\/uploads\/2026\/02\/894c4d34-321a-4065-8769-5db10e776abe-864x1536.jpeg 864w, https:\/\/marcoslimma.com.br\/wp-content\/uploads\/2026\/02\/894c4d34-321a-4065-8769-5db10e776abe-1152x2048.jpeg 1152w, https:\/\/marcoslimma.com.br\/wp-content\/uploads\/2026\/02\/894c4d34-321a-4065-8769-5db10e776abe-scaled.jpeg 1440w\" sizes=\"auto, (max-width: 576px) 100vw, 576px\" \/><\/p>\n<p>&nbsp;<\/p>\n<p>Trizidela do Vale (MA) \u2014 Foi conclu\u00edda neste s\u00e1bado, 7 de fevereiro de 2026, a instala\u00e7\u00e3o do primeiro RESERVAT\u00d3RIO MUNICIPAL de Trizidela do Vale, um marco hist\u00f3rico para a seguran\u00e7a h\u00eddrica do munic\u00edpio. Implantada entre os loteamentos Passos, S\u00e3o Jos\u00e9 e Ecoville, a nova estrutura j\u00e1 se destaca pela grandiosidade \u2014 vis\u00edvel em imagens a\u00e9reas \u2014 e come\u00e7a a se consolidar como um novo cart\u00e3o-postal da cidade. A obra foi custeada integralmente com recursos pr\u00f3prios do munic\u00edpio, refor\u00e7ando o compromisso da gest\u00e3o com solu\u00e7\u00f5es estruturantes para a popula\u00e7\u00e3o.<\/p>\n<p>Com capacidade de armazenamento de 200 mil litros, o reservat\u00f3rio chega para facilitar e regularizar o abastecimento de \u00e1gua em toda a cidade. Trizidela do Vale enfrentava, nos \u00faltimos anos, escassez recorrente e rod\u00edzios no fornecimento, o que impactava diretamente o cotidiano das fam\u00edlias. A instala\u00e7\u00e3o da caixa d\u2019\u00e1gua representa um passo decisivo para superar esse cen\u00e1rio e garantir maior previsibilidade no servi\u00e7o.<\/p>\n<p>A iniciativa, embora extrapole a responsabilidade direta do poder p\u00fablico municipal, foi estudada, planejada e executada diante da sensibilidade da gest\u00e3o em sanar problemas essenciais da popula\u00e7\u00e3o. \u201cCuidar das pessoas passa por garantir \u00e1gua nas torneiras\u201d, tem reiterado o prefeito ao conduzir a agenda de investimentos em infraestrutura b\u00e1sica. Conclu\u00edda a instala\u00e7\u00e3o, o pr\u00f3ximo passo ser\u00e1 a interliga\u00e7\u00e3o do reservat\u00f3rio ao sistema de abastecimento do munic\u00edpio, o que permitir\u00e1 a entrada em opera\u00e7\u00e3o plena.<\/p>\n<p>A\u00e7\u00e3o integrada amplia resultados<\/p>\n<p>Paralelamente \u00e0 entrega do reservat\u00f3rio, o prefeito Deibson Bal\u00e9 articulou junto ao Governo do Estado a reforma e amplia\u00e7\u00e3o da Esta\u00e7\u00e3o de Tratamento de \u00c1gua (ETA) de Trizidela do Vale. A atua\u00e7\u00e3o conjunta \u2014 municipal e estadual \u2014 cria um arranjo t\u00e9cnico complementar: enquanto o reservat\u00f3rio municipal amplia a capacidade de armazenamento e a regularidade do fornecimento, a moderniza\u00e7\u00e3o da ETA fortalece a produ\u00e7\u00e3o e a qualidade da \u00e1gua tratada.<\/p>\n<p>Com esse planejamento integrado da administra\u00e7\u00e3o p\u00fablica, a expectativa \u00e9 de que o problema hist\u00f3rico de falta d\u2019\u00e1gua seja definitivamente superado, assegurando \u00e1gua corrente nas torneiras em todos os bairros do munic\u00edpio. Trata-se de um avan\u00e7o concreto que traduz gest\u00e3o, responsabilidade fiscal e foco no bem-estar<\/p>\n<p><img loading=\"lazy\" decoding=\"async\" class=\"alignnone size-large wp-image-10266\" src=\"https:\/\/marcoslimma.com.br\/wp-content\/uploads\/2026\/02\/4fc647f3-a7a2-4059-b4fe-e6a3cd7ee068-1024x579.jpeg\" alt=\"\" width=\"1024\" height=\"579\" srcset=\"https:\/\/marcoslimma.com.br\/wp-content\/uploads\/2026\/02\/4fc647f3-a7a2-4059-b4fe-e6a3cd7ee068-1024x579.jpeg 1024w, https:\/\/marcoslimma.com.br\/wp-content\/uploads\/2026\/02\/4fc647f3-a7a2-4059-b4fe-e6a3cd7ee068-300x170.jpeg 300w, https:\/\/marcoslimma.com.br\/wp-content\/uploads\/2026\/02\/4fc647f3-a7a2-4059-b4fe-e6a3cd7ee068-768x435.jpeg 768w, https:\/\/marcoslimma.com.br\/wp-content\/uploads\/2026\/02\/4fc647f3-a7a2-4059-b4fe-e6a3cd7ee068.jpeg 1290w\" sizes=\"auto, (max-width: 1024px) 100vw, 1024px\" \/><\/p>\n","protected":false},"excerpt":{"rendered":"<p>&nbsp; Trizidela do Vale (MA) \u2014 Foi conclu\u00edda neste s\u00e1bado, 7 de fevereiro de 2026, a instala\u00e7\u00e3o do primeiro RESERVAT\u00d3RIO MUNICIPAL de Trizidela do Vale, um marco hist\u00f3rico para a seguran\u00e7a h\u00eddrica&hellip;<\/p>\n","protected":false},"author":2,"featured_media":10265,"comment_status":"open","ping_status":"open","sticky":false,"template":"","format":"standard","meta":{"footnotes":""},"categories":[1],"tags":[],"class_list":["post-10262","post","type-post","status-publish","format-standard","has-post-thumbnail","hentry","category-ultimas-noticias"],"_links":{"self":[{"href":"https:\/\/marcoslimma.com.br\/index.php\/wp-json\/wp\/v2\/posts\/10262","targetHints":{"allow":["GET"]}}],"collection":[{"href":"https:\/\/marcoslimma.com.br\/index.php\/wp-json\/wp\/v2\/posts"}],"about":[{"href":"https:\/\/marcoslimma.com.br\/index.php\/wp-json\/wp\/v2\/types\/post"}],"author":[{"embeddable":true,"href":"https:\/\/marcoslimma.com.br\/index.php\/wp-json\/wp\/v2\/users\/2"}],"replies":[{"embeddable":true,"href":"https:\/\/marcoslimma.com.br\/index.php\/wp-json\/wp\/v2\/comments?post=10262"}],"version-history":[{"count":1,"href":"https:\/\/marcoslimma.com.br\/index.php\/wp-json\/wp\/v2\/posts\/10262\/revisions"}],"predecessor-version":[{"id":10267,"href":"https:\/\/marcoslimma.com.br\/index.php\/wp-json\/wp\/v2\/posts\/10262\/revisions\/10267"}],"wp:featuredmedia":[{"embeddable":true,"href":"https:\/\/marcoslimma.com.br\/index.php\/wp-json\/wp\/v2\/media\/10265"}],"wp:attachment":[{"href":"https:\/\/marcoslimma.com.br\/index.php\/wp-json\/wp\/v2\/media?parent=10262"}],"wp:term":[{"taxonomy":"category","embeddable":true,"href":"https:\/\/marcoslimma.com.br\/index.php\/wp-json\/wp\/v2\/categories?post=10262"},{"taxonomy":"post_tag","embeddable":true,"href":"https:\/\/marcoslimma.com.br\/index.php\/wp-json\/wp\/v2\/tags?post=10262"}],"curies":[{"name":"wp","href":"https:\/\/api.w.org\/{rel}","templated":true}]}}